{"id":281709,"date":"2021-01-29T08:40:25","date_gmt":"2021-01-29T05:40:25","guid":{"rendered":"http:\/\/arantv.az\/?p=281709"},"modified":"2021-01-29T08:40:25","modified_gmt":"2021-01-29T05:40:25","slug":"bu-abonentl%c9%99rin-qazi-avtomatik-k%c9%99sil%c9%99c%c9%99k-bas-direktordan-x%c9%99b%c9%99rdarliq","status":"publish","type":"post","link":"https:\/\/arantv.az\/?p=281709","title":{"rendered":"Bu abonentl\u0259rin qaz\u0131 avtomatik k\u0259sil\u0259c\u0259k &#8211; Ba\u015f direktordan X\u018fB\u018fRDARLIQ"},"content":{"rendered":"<p><strong>&#8220;Abonentl\u0259rin t\u0259klif v\u0259 \u015fikay\u0259tl\u0259rini dinl\u0259m\u0259y\u0259 haz\u0131r\u0131q. Biz \u0259vv\u0259lki say\u011faclardan imtina etm\u0259mi\u015fik. \u018fg\u0259r kims\u0259 m\u00fcraci\u0259t ets\u0259 ki, onun evin\u0259 \u0259vv\u0259ld\u0259n \u00f6d\u0259ni\u015f (Smart) say\u011fac\u0131 qura\u015fd\u0131r\u0131ls\u0131n, onun xahi\u015fi n\u0259z\u0259r\u0259 al\u0131nacaq v\u0259 abonent\u0259 yeni Smart say\u011fac qura\u015fd\u0131r\u0131lacaq&#8221;.<\/strong><\/p>\n<p><b>ARANTV.AZ\u00a0<\/b>x\u0259b\u0259r verir ki, bunu \u201cAz\u0259riqaz\u201d \u0130stehsalat Birliyinin ba\u015f direktoru\u00a0<strong>Ruslan \u018fliyev\u00a0<\/strong>Trend-\u0259 m\u00fcsahib\u0259sind\u0259 deyib. Ba\u015f direktorun s\u00f6zl\u0259rin\u0259 g\u00f6r\u0259, art\u0131q m\u00fcxaniki say\u011faclar\u0131n qura\u015fd\u0131r\u0131lmas\u0131na ba\u015flan\u0131l\u0131b:<\/p>\n<p><img loading=\"lazy\" src=\"https:\/\/publika.az\/storage\/2021\/01\/28\/ruslan_aliyev_280121.jpg\" alt=\"\" width=\"700\" height=\"466\" \/><\/p>\n<p>&#8220;Haz\u0131rda bu proses davam etdirilir. Bu g\u00fcn\u0259 q\u0259d\u0259r 17 ya\u015fay\u0131\u015f binas\u0131nda say\u011faclar x\u00fcsusi qur\u011fular \u0259lav\u0259 edilm\u0259kl\u0259 qura\u015fd\u0131r\u0131l\u0131b. Qeyd edim ki, bu say\u011faclar qura\u015fd\u0131r\u0131lan \u0259lav\u0259 qur\u011fu vasit\u0259sil\u0259 m\u0259rk\u0259zd\u0259n idar\u0259 olunacaq. Abonent\u0259 istifad\u0259 etdiyi qaz s\u0259rfiyyat\u0131na g\u00f6r\u0259 sms-bildiri\u015f g\u0259l\u0259c\u0259k v\u0259 h\u0259min bildiri\u015f g\u0259l\u0259n g\u00fcnd\u0259n sonra abonent\u0259 bir ay vaxt veril\u0259c\u0259k. Bir ay m\u00fcdd\u0259tin\u0259 q\u0259d\u0259r biz h\u0259min abonentin qaz\u0131n\u0131 k\u0259sm\u0259y\u0259c\u0259yik. Bir aydan sonra abonent borcunu \u00f6d\u0259m\u0259s\u0259, onun qaz\u0131 avtomatik k\u0259sil\u0259c\u0259k&#8221;.<\/p>\n<p>&#8220;Qaz itkisinin v\u0259 say\u011facdank\u0259nar qaz x\u0259tl\u0259rinin \u00e7\u0259kilm\u0259sinin qar\u015f\u0131s\u0131n\u0131 almaq \u00fc\u00e7\u00fcn hans\u0131 i\u015fl\u0259r g\u00f6r\u00fcl\u00fcr&#8221; sual\u0131na cavab olaraq ba\u015f direktor bildirib ki, bu m\u0259s\u0259l\u0259 \u0259sas probleml\u0259rd\u0259ndir: &#8220;Bununla ba\u011fl\u0131 monitorinq qruplar\u0131m\u0131z m\u00fct\u0259madi yoxlamalar ke\u00e7irir. A\u015fkarlanan faktlarla ba\u011fl\u0131 s\u0259n\u0259dl\u0259r t\u0259rtib edilir v\u0259 h\u00fcquq m\u00fchafiz\u0259 orqanlar\u0131na m\u00fcraci\u0259t olunur. H\u0259m Enerji M\u0259s\u0259l\u0259l\u0259rini T\u0259nziml\u0259m\u0259 Agentliyi, h\u0259m Daxili \u0130\u015fl\u0259r Nazirliyi, h\u0259m d\u0259 prokurorlu\u011fa bu bar\u0259d\u0259 h\u0259r ay m\u00fcraci\u0259tl\u0259r edirik. \u201cAz\u0259riqaz\u201d a\u015fkarlanan fakt \u00fczr\u0259 d\u0259ymi\u015f ziyan\u0131 hesablay\u0131r v\u0259 bununla ba\u011fl\u0131 aidiyy\u0259ti qurumlara m\u00fcraci\u0259t olunur. 2019-cu ill\u0259 m\u00fcqayis\u0259d\u0259 say\u011facdank\u0259nar qaz x\u0259tl\u0259rinin \u00e7\u0259kilm\u0259si faizi xeyli azal\u0131b&#8221;.<\/p>\n","protected":false},"excerpt":{"rendered":"<p>&#8220;Abonentl\u0259rin t\u0259klif v\u0259 \u015fikay\u0259tl\u0259rini dinl\u0259m\u0259y\u0259 haz\u0131r\u0131q. Biz \u0259vv\u0259lki say\u011faclardan imtina etm\u0259mi\u015fik. \u018fg\u0259r kims\u0259 m\u00fcraci\u0259t ets\u0259 ki, onun evin\u0259 \u0259vv\u0259ld\u0259n \u00f6d\u0259ni\u015f (Smart) say\u011fac\u0131 qura\u015fd\u0131r\u0131ls\u0131n, onun xahi\u015fi n\u0259z\u0259r\u0259 al\u0131nacaq v\u0259 abonent\u0259 yeni Smart say\u011fac qura\u015fd\u0131r\u0131lacaq&#8221;. ARANTV.AZ\u00a0x\u0259b\u0259r verir ki, bunu \u201cAz\u0259riqaz\u201d \u0130stehsalat Birliyinin ba\u015f direktoru\u00a0Ruslan \u018fliyev\u00a0Trend-\u0259 m\u00fcsahib\u0259sind\u0259 deyib. Ba\u015f direktorun s\u00f6zl\u0259rin\u0259 g\u00f6r\u0259, art\u0131q m\u00fcxaniki say\u011faclar\u0131n qura\u015fd\u0131r\u0131lmas\u0131na ba\u015flan\u0131l\u0131b: &#8220;Haz\u0131rda bu proses davam etdirilir. Bu g\u00fcn\u0259 q\u0259d\u0259r 17 ya\u015fay\u0131\u015f binas\u0131nda say\u011faclar x\u00fcsusi qur\u011fular \u0259lav\u0259 edilm\u0259kl\u0259 qura\u015fd\u0131r\u0131l\u0131b. Qeyd edim ki, bu say\u011faclar qura\u015fd\u0131r\u0131lan \u0259lav\u0259 qur\u011fu vasit\u0259sil\u0259 m\u0259rk\u0259zd\u0259n idar\u0259 olunacaq. Abonent\u0259 istifad\u0259 etdiyi qaz s\u0259rfiyyat\u0131na g\u00f6r\u0259 sms-bildiri\u015f&hellip;<\/p>\n","protected":false},"author":2,"featured_media":281710,"comment_status":"closed","ping_status":"closed","sticky":false,"template":"","format":"standard","meta":{"om_disable_all_campaigns":false,"_monsterinsights_skip_tracking":false,"_monsterinsights_sitenote_active":false,"_monsterinsights_sitenote_note":"","_monsterinsights_sitenote_category":0},"categories":[26],"tags":[],"aioseo_notices":[],"gutentor_comment":0,"rttpg_featured_image_url":{"full":["https:\/\/arantv.az\/wp-content\/uploads\/2021\/01\/qaz-2.jpg",800,450,false],"landscape":["https:\/\/arantv.az\/wp-content\/uploads\/2021\/01\/qaz-2.jpg",800,450,false],"portraits":["https:\/\/arantv.az\/wp-content\/uploads\/2021\/01\/qaz-2.jpg",800,450,false],"thumbnail":["https:\/\/arantv.az\/wp-content\/uploads\/2021\/01\/qaz-2-150x150.jpg",150,150,true],"medium":["https:\/\/arantv.az\/wp-content\/uploads\/2021\/01\/qaz-2-300x169.jpg",300,169,true],"large":["https:\/\/arantv.az\/wp-content\/uploads\/2021\/01\/qaz-2.jpg",640,360,false],"1536x1536":["https:\/\/arantv.az\/wp-content\/uploads\/2021\/01\/qaz-2.jpg",800,450,false],"2048x2048":["https:\/\/arantv.az\/wp-content\/uploads\/2021\/01\/qaz-2.jpg",800,450,false],"post-thumbnail":["https:\/\/arantv.az\/wp-content\/uploads\/2021\/01\/qaz-2-240x172.jpg",240,172,true],"advps-thumb-one":["https:\/\/arantv.az\/wp-content\/uploads\/2021\/01\/qaz-2.jpg",800,450,false]},"rttpg_author":{"display_name":"V\u00fcsal Rafiqo\u011flu","author_link":"https:\/\/arantv.az\/?author=2"},"rttpg_comment":0,"rttpg_category":"<a href=\"https:\/\/arantv.az\/?cat=26\" rel=\"category\">Sosial<\/a>","rttpg_excerpt":"&#8220;Abonentl\u0259rin t\u0259klif v\u0259 \u015fikay\u0259tl\u0259rini dinl\u0259m\u0259y\u0259 haz\u0131r\u0131q. Biz \u0259vv\u0259lki say\u011faclardan imtina etm\u0259mi\u015fik. \u018fg\u0259r kims\u0259 m\u00fcraci\u0259t ets\u0259 ki, onun evin\u0259 \u0259vv\u0259ld\u0259n \u00f6d\u0259ni\u015f (Smart) say\u011fac\u0131 qura\u015fd\u0131r\u0131ls\u0131n, onun xahi\u015fi n\u0259z\u0259r\u0259 al\u0131nacaq v\u0259 abonent\u0259 yeni Smart say\u011fac qura\u015fd\u0131r\u0131lacaq&#8221;. ARANTV.AZ\u00a0x\u0259b\u0259r verir ki, bunu \u201cAz\u0259riqaz\u201d \u0130stehsalat Birliyinin ba\u015f direktoru\u00a0Ruslan \u018fliyev\u00a0Trend-\u0259 m\u00fcsahib\u0259sind\u0259 deyib. Ba\u015f direktorun s\u00f6zl\u0259rin\u0259 g\u00f6r\u0259, art\u0131q m\u00fcxaniki say\u011faclar\u0131n qura\u015fd\u0131r\u0131lmas\u0131na ba\u015flan\u0131l\u0131b: &#8220;Haz\u0131rda&hellip;","_links":{"self":[{"href":"https:\/\/arantv.az\/index.php?rest_route=\/wp\/v2\/posts\/281709"}],"collection":[{"href":"https:\/\/arantv.az\/index.php?rest_route=\/wp\/v2\/posts"}],"about":[{"href":"https:\/\/arantv.az\/index.php?rest_route=\/wp\/v2\/types\/post"}],"author":[{"embeddable":true,"href":"https:\/\/arantv.az\/index.php?rest_route=\/wp\/v2\/users\/2"}],"replies":[{"embeddable":true,"href":"https:\/\/arantv.az\/index.php?rest_route=%2Fwp%2Fv2%2Fcomments&post=281709"}],"version-history":[{"count":0,"href":"https:\/\/arantv.az\/index.php?rest_route=\/wp\/v2\/posts\/281709\/revisions"}],"wp:featuredmedia":[{"embeddable":true,"href":"https:\/\/arantv.az\/index.php?rest_route=\/wp\/v2\/media\/281710"}],"wp:attachment":[{"href":"https:\/\/arantv.az\/index.php?rest_route=%2Fwp%2Fv2%2Fmedia&parent=281709"}],"wp:term":[{"taxonomy":"category","embeddable":true,"href":"https:\/\/arantv.az\/index.php?rest_route=%2Fwp%2Fv2%2Fcategories&post=281709"},{"taxonomy":"post_tag","embeddable":true,"href":"https:\/\/arantv.az\/index.php?rest_route=%2Fwp%2Fv2%2Ftags&post=281709"}],"curies":[{"name":"wp","href":"https:\/\/api.w.org\/{rel}","templated":true}]}}