{"id":281725,"date":"2021-01-29T08:54:20","date_gmt":"2021-01-29T05:54:20","guid":{"rendered":"http:\/\/arantv.az\/?p=281725"},"modified":"2021-01-29T08:54:20","modified_gmt":"2021-01-29T05:54:20","slug":"zelenski-rusiyaya-qarsi-yeni-sanksiyalari-t%c9%99sdiql%c9%99di","status":"publish","type":"post","link":"https:\/\/arantv.az\/?p=281725","title":{"rendered":"Zelenski Rusiyaya qar\u015f\u0131 yeni sanksiyalar\u0131 t\u0259sdiql\u0259di"},"content":{"rendered":"<p><strong>Ukrayna Prezidenti Vladimir Zelenski Rusiyadan olan h\u00fcquqi v\u0259 fiziki \u015f\u0259xsl\u0259r\u0259 qar\u015f\u0131 f\u0259rdi sanksiyalar bar\u0259d\u0259 Milli T\u0259hl\u00fck\u0259sizlik v\u0259 M\u00fcdafi\u0259 \u015euras\u0131n\u0131n q\u0259rar\u0131n\u0131 t\u0259sdiql\u0259yib.<\/strong><\/p>\n<p><strong>ARANTV.AZ<\/strong>\u00a0 qafqazinfo-ya istinad\u0259n x\u0259b\u0259r verir ki,\u00a0m\u00fcvafiq F\u0259rman d\u00f6vl\u0259t ba\u015f\u00e7\u0131s\u0131n\u0131n sayt\u0131nda d\u0259rc olunub.<\/p>\n<p>&#8220;Ukrayna Milli T\u0259hl\u00fck\u0259sizlik v\u0259 M\u00fcdafi\u0259 \u015euras\u0131n\u0131n bu F\u0259rmanla q\u00fcvv\u0259y\u0259 minmi\u015f q\u0259rar\u0131n\u0131n yerin\u0259 yetirilm\u0259sin\u0259 n\u0259zar\u0259t Ukraynan\u0131n Milli T\u0259hl\u00fck\u0259sizlik v\u0259 M\u00fcdafi\u0259 \u015euras\u0131n\u0131n katibin\u0259 h\u0259val\u0259 edilsin&#8221;, &#8211; m\u0259tnd\u0259 deyilir.<\/p>\n<p>Sanksiya siyah\u0131s\u0131n\u0131n \u00f6z\u00fc saytda yerl\u0259\u015fdirilm\u0259yib. Milli T\u0259hl\u00fck\u0259sizlik v\u0259 M\u00fcdafi\u0259 \u015euras\u0131n\u0131n q\u0259rarlar\u0131ndan biri m\u0259xfi saxlan\u0131l\u0131b.<\/p>\n<p>Sanksiyalar\u0131n &#8220;effektivliyinin realla\u015fd\u0131r\u0131lmas\u0131 v\u0259 monitorinqi&#8221;ni Ukrayna Nazirl\u0259r Kabineti Milli T\u0259hl\u00fck\u0259sizlik v\u0259 M\u00fcdafi\u0259 \u015euras\u0131 v\u0259 Ukrayna Milli Bank\u0131 il\u0259 birlikd\u0259 t\u0259min etm\u0259lidir.<\/p>\n<div>\n<div id=\"AdviadNativeVideo0\" class=\"AdviadNativeVideo\"><\/div>\n<\/div>\n<p>Qeyd ed\u0259k ki, Moskva il\u0259 Kiyev aras\u0131nda m\u00fcnasib\u0259tl\u0259r 2014-c\u00fc ild\u0259 Donbassda v\u0259t\u0259nda\u015f m\u00fcharib\u0259si fonunda pisl\u0259\u015fib. Ukrayna h\u00f6kum\u0259ti d\u0259f\u0259l\u0259rl\u0259 Rusiya t\u0259r\u0259fini \u00f6lk\u0259nin daxili i\u015fl\u0259rin\u0259 qar\u0131\u015fmaqda ittiham edib. 2015-ci ilin yanvar ay\u0131nda Ukrayna Ali Radas\u0131 Rusiyan\u0131 &#8220;t\u0259cav\u00fczkar \u00f6lk\u0259&#8221; adland\u0131ran b\u0259yanat q\u0259bul edib.<\/p>\n<p>Moskva Kiyevin ittihamlar\u0131n\u0131 inkar edir v\u0259 onlar\u0131 q\u0259buledilm\u0259z adland\u0131r\u0131r. Rusiya d\u0259f\u0259l\u0259rl\u0259 b\u0259yan edib ki, ukraynadaxili m\u00fcnaqi\u015f\u0259nin t\u0259r\u0259fi deyil v\u0259 Ukraynan\u0131n siyasi v\u0259 iqtisadi b\u00f6hrandan \u00e7\u0131xmas\u0131nda maraql\u0131d\u0131r.<\/p>\n","protected":false},"excerpt":{"rendered":"<p>Ukrayna Prezidenti Vladimir Zelenski Rusiyadan olan h\u00fcquqi v\u0259 fiziki \u015f\u0259xsl\u0259r\u0259 qar\u015f\u0131 f\u0259rdi sanksiyalar bar\u0259d\u0259 Milli T\u0259hl\u00fck\u0259sizlik v\u0259 M\u00fcdafi\u0259 \u015euras\u0131n\u0131n q\u0259rar\u0131n\u0131 t\u0259sdiql\u0259yib. ARANTV.AZ\u00a0 qafqazinfo-ya istinad\u0259n x\u0259b\u0259r verir ki,\u00a0m\u00fcvafiq F\u0259rman d\u00f6vl\u0259t ba\u015f\u00e7\u0131s\u0131n\u0131n sayt\u0131nda d\u0259rc olunub. &#8220;Ukrayna Milli T\u0259hl\u00fck\u0259sizlik v\u0259 M\u00fcdafi\u0259 \u015euras\u0131n\u0131n bu F\u0259rmanla q\u00fcvv\u0259y\u0259 minmi\u015f q\u0259rar\u0131n\u0131n yerin\u0259 yetirilm\u0259sin\u0259 n\u0259zar\u0259t Ukraynan\u0131n Milli T\u0259hl\u00fck\u0259sizlik v\u0259 M\u00fcdafi\u0259 \u015euras\u0131n\u0131n katibin\u0259 h\u0259val\u0259 edilsin&#8221;, &#8211; m\u0259tnd\u0259 deyilir. Sanksiya siyah\u0131s\u0131n\u0131n \u00f6z\u00fc saytda yerl\u0259\u015fdirilm\u0259yib. Milli T\u0259hl\u00fck\u0259sizlik v\u0259 M\u00fcdafi\u0259 \u015euras\u0131n\u0131n q\u0259rarlar\u0131ndan biri m\u0259xfi saxlan\u0131l\u0131b. Sanksiyalar\u0131n &#8220;effektivliyinin realla\u015fd\u0131r\u0131lmas\u0131 v\u0259 monitorinqi&#8221;ni Ukrayna Nazirl\u0259r Kabineti Milli T\u0259hl\u00fck\u0259sizlik v\u0259 M\u00fcdafi\u0259 \u015euras\u0131 v\u0259 Ukrayna Milli Bank\u0131&hellip;<\/p>\n","protected":false},"author":2,"featured_media":281726,"comment_status":"closed","ping_status":"closed","sticky":false,"template":"","format":"standard","meta":{"om_disable_all_campaigns":false,"_monsterinsights_skip_tracking":false,"_monsterinsights_sitenote_active":false,"_monsterinsights_sitenote_note":"","_monsterinsights_sitenote_category":0},"categories":[7],"tags":[],"aioseo_notices":[],"gutentor_comment":0,"rttpg_featured_image_url":{"full":["https:\/\/arantv.az\/wp-content\/uploads\/2021\/01\/zelenski.jpg",800,600,false],"landscape":["https:\/\/arantv.az\/wp-content\/uploads\/2021\/01\/zelenski.jpg",800,600,false],"portraits":["https:\/\/arantv.az\/wp-content\/uploads\/2021\/01\/zelenski.jpg",800,600,false],"thumbnail":["https:\/\/arantv.az\/wp-content\/uploads\/2021\/01\/zelenski-150x150.jpg",150,150,true],"medium":["https:\/\/arantv.az\/wp-content\/uploads\/2021\/01\/zelenski-300x225.jpg",300,225,true],"large":["https:\/\/arantv.az\/wp-content\/uploads\/2021\/01\/zelenski.jpg",640,480,false],"1536x1536":["https:\/\/arantv.az\/wp-content\/uploads\/2021\/01\/zelenski.jpg",800,600,false],"2048x2048":["https:\/\/arantv.az\/wp-content\/uploads\/2021\/01\/zelenski.jpg",800,600,false],"post-thumbnail":["https:\/\/arantv.az\/wp-content\/uploads\/2021\/01\/zelenski-240x172.jpg",240,172,true],"advps-thumb-one":["https:\/\/arantv.az\/wp-content\/uploads\/2021\/01\/zelenski.jpg",800,600,false]},"rttpg_author":{"display_name":"V\u00fcsal Rafiqo\u011flu","author_link":"https:\/\/arantv.az\/?author=2"},"rttpg_comment":0,"rttpg_category":"<a href=\"https:\/\/arantv.az\/?cat=7\" rel=\"category\">D\u00fcnya<\/a>","rttpg_excerpt":"Ukrayna Prezidenti Vladimir Zelenski Rusiyadan olan h\u00fcquqi v\u0259 fiziki \u015f\u0259xsl\u0259r\u0259 qar\u015f\u0131 f\u0259rdi sanksiyalar bar\u0259d\u0259 Milli T\u0259hl\u00fck\u0259sizlik v\u0259 M\u00fcdafi\u0259 \u015euras\u0131n\u0131n q\u0259rar\u0131n\u0131 t\u0259sdiql\u0259yib. ARANTV.AZ\u00a0 qafqazinfo-ya istinad\u0259n x\u0259b\u0259r verir ki,\u00a0m\u00fcvafiq F\u0259rman d\u00f6vl\u0259t ba\u015f\u00e7\u0131s\u0131n\u0131n sayt\u0131nda d\u0259rc olunub. &#8220;Ukrayna Milli T\u0259hl\u00fck\u0259sizlik v\u0259 M\u00fcdafi\u0259 \u015euras\u0131n\u0131n bu F\u0259rmanla q\u00fcvv\u0259y\u0259 minmi\u015f q\u0259rar\u0131n\u0131n yerin\u0259 yetirilm\u0259sin\u0259 n\u0259zar\u0259t Ukraynan\u0131n Milli T\u0259hl\u00fck\u0259sizlik v\u0259 M\u00fcdafi\u0259 \u015euras\u0131n\u0131n katibin\u0259 h\u0259val\u0259&hellip;","_links":{"self":[{"href":"https:\/\/arantv.az\/index.php?rest_route=\/wp\/v2\/posts\/281725"}],"collection":[{"href":"https:\/\/arantv.az\/index.php?rest_route=\/wp\/v2\/posts"}],"about":[{"href":"https:\/\/arantv.az\/index.php?rest_route=\/wp\/v2\/types\/post"}],"author":[{"embeddable":true,"href":"https:\/\/arantv.az\/index.php?rest_route=\/wp\/v2\/users\/2"}],"replies":[{"embeddable":true,"href":"https:\/\/arantv.az\/index.php?rest_route=%2Fwp%2Fv2%2Fcomments&post=281725"}],"version-history":[{"count":0,"href":"https:\/\/arantv.az\/index.php?rest_route=\/wp\/v2\/posts\/281725\/revisions"}],"wp:featuredmedia":[{"embeddable":true,"href":"https:\/\/arantv.az\/index.php?rest_route=\/wp\/v2\/media\/281726"}],"wp:attachment":[{"href":"https:\/\/arantv.az\/index.php?rest_route=%2Fwp%2Fv2%2Fmedia&parent=281725"}],"wp:term":[{"taxonomy":"category","embeddable":true,"href":"https:\/\/arantv.az\/index.php?rest_route=%2Fwp%2Fv2%2Fcategories&post=281725"},{"taxonomy":"post_tag","embeddable":true,"href":"https:\/\/arantv.az\/index.php?rest_route=%2Fwp%2Fv2%2Ftags&post=281725"}],"curies":[{"name":"wp","href":"https:\/\/api.w.org\/{rel}","templated":true}]}}