{"id":281741,"date":"2021-01-29T08:58:41","date_gmt":"2021-01-29T05:58:41","guid":{"rendered":"http:\/\/arantv.az\/?p=281741"},"modified":"2021-01-29T08:58:41","modified_gmt":"2021-01-29T05:58:41","slug":"slovakiyada-kuc%c9%99y%c9%99-cixanlardan-koronavirus-testi-t%c9%99l%c9%99b-olunur","status":"publish","type":"post","link":"https:\/\/arantv.az\/?p=281741","title":{"rendered":"Slovakiyada k\u00fc\u00e7\u0259y\u0259 \u00e7\u0131xanlardan koronavirus testi t\u0259l\u0259b olunur"},"content":{"rendered":"<p>Slovakiyada v\u0259t\u0259nda\u015flar evd\u0259n \u00e7\u0131xmaq \u00fc\u00e7\u00fcn m\u0259nfi n\u0259tic\u0259li koronavirus testi t\u0259qdim etm\u0259k m\u0259cburiyy\u0259tind\u0259dirl\u0259r.<\/p>\n<p>\u0130HA x\u0259b\u0259r verir ki, test t\u0259l\u0259bi bazara, h\u0259kim\u0259 v\u0259 aptek\u0259 ged\u0259nl\u0259r\u0259 aid deyil.<\/p>\n<p>Bu qayda i\u015f\u0259 ged\u0259n v\u0259 ya g\u0259zm\u0259k \u00fc\u00e7\u00fcn evd\u0259n \u00e7\u0131xan \u015f\u0259xsl\u0259r\u0259 \u015famil edilir.<\/p>\n<div id=\"AdviadNativeVideo0\" class=\"AdviadNativeVideo\"><\/div>\n<p>243 427 yoluxman\u0131n a\u015fkar edildiyi v\u0259 bu g\u00fcn\u0259 q\u0259d\u0259r x\u0259st\u0259likd\u0259n\u00a04 411 n\u0259f\u0259rin \u00f6ld\u00fcy\u00fc \u00f6lk\u0259nin Ba\u015f naziri \u0130qor Matovi\u00e7 koronavirusla m\u00fcbariz\u0259d\u0259 b\u00fct\u00fcn v\u0259t\u0259nda\u015flar\u0131n testd\u0259n ke\u00e7irilm\u0259sinin yegan\u0259 t\u0259sirli \u00fcsul oldu\u011funu bildirib.<\/p>\n<p>H\u00f6kum\u0259t koronavirus alt\u0131nda t\u0259tbiq etdiyi t\u0259dbirl\u0259ri daha da s\u0259rtl\u0259\u015fdirm\u0259y\u0259 q\u0259rar verib.<\/p>\n<p>\u00d6lk\u0259d\u0259ki epidemiya il\u0259 ba\u011fl\u0131 v\u0259ziyy\u0259tin h\u0259l\u0259 d\u0259 narahatl\u0131q verici\u00a0oldu\u011funu bildir\u0259n Slovakiya S\u0259hiyy\u0259 naziri Marek Krajci deyib ki, t\u0259xmin\u0259n be\u015f\u00a0milyon yar\u0131m \u0259halisi olan \u00f6lk\u0259d\u0259 h\u0259r g\u00fcn t\u0259xmin\u0259n 100 insan\u0131n \u00f6l\u00fcr.<\/p>\n","protected":false},"excerpt":{"rendered":"<p>Slovakiyada v\u0259t\u0259nda\u015flar evd\u0259n \u00e7\u0131xmaq \u00fc\u00e7\u00fcn m\u0259nfi n\u0259tic\u0259li koronavirus testi t\u0259qdim etm\u0259k m\u0259cburiyy\u0259tind\u0259dirl\u0259r. \u0130HA x\u0259b\u0259r verir ki, test t\u0259l\u0259bi bazara, h\u0259kim\u0259 v\u0259 aptek\u0259 ged\u0259nl\u0259r\u0259 aid deyil. Bu qayda i\u015f\u0259 ged\u0259n v\u0259 ya g\u0259zm\u0259k \u00fc\u00e7\u00fcn evd\u0259n \u00e7\u0131xan \u015f\u0259xsl\u0259r\u0259 \u015famil edilir. 243 427 yoluxman\u0131n a\u015fkar edildiyi v\u0259 bu g\u00fcn\u0259 q\u0259d\u0259r x\u0259st\u0259likd\u0259n\u00a04 411 n\u0259f\u0259rin \u00f6ld\u00fcy\u00fc \u00f6lk\u0259nin Ba\u015f naziri \u0130qor Matovi\u00e7 koronavirusla m\u00fcbariz\u0259d\u0259 b\u00fct\u00fcn v\u0259t\u0259nda\u015flar\u0131n testd\u0259n ke\u00e7irilm\u0259sinin yegan\u0259 t\u0259sirli \u00fcsul oldu\u011funu bildirib. H\u00f6kum\u0259t koronavirus alt\u0131nda t\u0259tbiq etdiyi t\u0259dbirl\u0259ri daha da s\u0259rtl\u0259\u015fdirm\u0259y\u0259 q\u0259rar verib. \u00d6lk\u0259d\u0259ki epidemiya il\u0259 ba\u011fl\u0131 v\u0259ziyy\u0259tin h\u0259l\u0259 d\u0259 narahatl\u0131q verici\u00a0oldu\u011funu bildir\u0259n Slovakiya S\u0259hiyy\u0259&hellip;<\/p>\n","protected":false},"author":2,"featured_media":281742,"comment_status":"closed","ping_status":"closed","sticky":false,"template":"","format":"standard","meta":{"om_disable_all_campaigns":false,"_monsterinsights_skip_tracking":false,"_monsterinsights_sitenote_active":false,"_monsterinsights_sitenote_note":"","_monsterinsights_sitenote_category":0},"categories":[7],"tags":[],"aioseo_notices":[],"gutentor_comment":0,"rttpg_featured_image_url":{"full":["https:\/\/arantv.az\/wp-content\/uploads\/2021\/01\/evden-cikmak-icin-negatif-koronavirus-testi-sarti-getirildi_1611894496.jpg",620,332,false],"landscape":["https:\/\/arantv.az\/wp-content\/uploads\/2021\/01\/evden-cikmak-icin-negatif-koronavirus-testi-sarti-getirildi_1611894496.jpg",620,332,false],"portraits":["https:\/\/arantv.az\/wp-content\/uploads\/2021\/01\/evden-cikmak-icin-negatif-koronavirus-testi-sarti-getirildi_1611894496.jpg",620,332,false],"thumbnail":["https:\/\/arantv.az\/wp-content\/uploads\/2021\/01\/evden-cikmak-icin-negatif-koronavirus-testi-sarti-getirildi_1611894496-150x150.jpg",150,150,true],"medium":["https:\/\/arantv.az\/wp-content\/uploads\/2021\/01\/evden-cikmak-icin-negatif-koronavirus-testi-sarti-getirildi_1611894496-300x161.jpg",300,161,true],"large":["https:\/\/arantv.az\/wp-content\/uploads\/2021\/01\/evden-cikmak-icin-negatif-koronavirus-testi-sarti-getirildi_1611894496.jpg",620,332,false],"1536x1536":["https:\/\/arantv.az\/wp-content\/uploads\/2021\/01\/evden-cikmak-icin-negatif-koronavirus-testi-sarti-getirildi_1611894496.jpg",620,332,false],"2048x2048":["https:\/\/arantv.az\/wp-content\/uploads\/2021\/01\/evden-cikmak-icin-negatif-koronavirus-testi-sarti-getirildi_1611894496.jpg",620,332,false],"post-thumbnail":["https:\/\/arantv.az\/wp-content\/uploads\/2021\/01\/evden-cikmak-icin-negatif-koronavirus-testi-sarti-getirildi_1611894496-240x172.jpg",240,172,true],"advps-thumb-one":["https:\/\/arantv.az\/wp-content\/uploads\/2021\/01\/evden-cikmak-icin-negatif-koronavirus-testi-sarti-getirildi_1611894496.jpg",620,332,false]},"rttpg_author":{"display_name":"V\u00fcsal Rafiqo\u011flu","author_link":"https:\/\/arantv.az\/?author=2"},"rttpg_comment":0,"rttpg_category":"<a href=\"https:\/\/arantv.az\/?cat=7\" rel=\"category\">D\u00fcnya<\/a>","rttpg_excerpt":"Slovakiyada v\u0259t\u0259nda\u015flar evd\u0259n \u00e7\u0131xmaq \u00fc\u00e7\u00fcn m\u0259nfi n\u0259tic\u0259li koronavirus testi t\u0259qdim etm\u0259k m\u0259cburiyy\u0259tind\u0259dirl\u0259r. \u0130HA x\u0259b\u0259r verir ki, test t\u0259l\u0259bi bazara, h\u0259kim\u0259 v\u0259 aptek\u0259 ged\u0259nl\u0259r\u0259 aid deyil. Bu qayda i\u015f\u0259 ged\u0259n v\u0259 ya g\u0259zm\u0259k \u00fc\u00e7\u00fcn evd\u0259n \u00e7\u0131xan \u015f\u0259xsl\u0259r\u0259 \u015famil edilir. 243 427 yoluxman\u0131n a\u015fkar edildiyi v\u0259 bu g\u00fcn\u0259 q\u0259d\u0259r x\u0259st\u0259likd\u0259n\u00a04 411 n\u0259f\u0259rin \u00f6ld\u00fcy\u00fc \u00f6lk\u0259nin Ba\u015f naziri \u0130qor&hellip;","_links":{"self":[{"href":"https:\/\/arantv.az\/index.php?rest_route=\/wp\/v2\/posts\/281741"}],"collection":[{"href":"https:\/\/arantv.az\/index.php?rest_route=\/wp\/v2\/posts"}],"about":[{"href":"https:\/\/arantv.az\/index.php?rest_route=\/wp\/v2\/types\/post"}],"author":[{"embeddable":true,"href":"https:\/\/arantv.az\/index.php?rest_route=\/wp\/v2\/users\/2"}],"replies":[{"embeddable":true,"href":"https:\/\/arantv.az\/index.php?rest_route=%2Fwp%2Fv2%2Fcomments&post=281741"}],"version-history":[{"count":0,"href":"https:\/\/arantv.az\/index.php?rest_route=\/wp\/v2\/posts\/281741\/revisions"}],"wp:featuredmedia":[{"embeddable":true,"href":"https:\/\/arantv.az\/index.php?rest_route=\/wp\/v2\/media\/281742"}],"wp:attachment":[{"href":"https:\/\/arantv.az\/index.php?rest_route=%2Fwp%2Fv2%2Fmedia&parent=281741"}],"wp:term":[{"taxonomy":"category","embeddable":true,"href":"https:\/\/arantv.az\/index.php?rest_route=%2Fwp%2Fv2%2Fcategories&post=281741"},{"taxonomy":"post_tag","embeddable":true,"href":"https:\/\/arantv.az\/index.php?rest_route=%2Fwp%2Fv2%2Ftags&post=281741"}],"curies":[{"name":"wp","href":"https:\/\/api.w.org\/{rel}","templated":true}]}}