{"id":281773,"date":"2021-01-29T09:24:35","date_gmt":"2021-01-29T06:24:35","guid":{"rendered":"http:\/\/arantv.az\/?p=281773"},"modified":"2021-01-29T09:24:35","modified_gmt":"2021-01-29T06:24:35","slug":"cexiya-koronavirusa-gor%c9%99-m%c9%99hdudiyy%c9%99tl%c9%99ri-s%c9%99rtl%c9%99sdirdi","status":"publish","type":"post","link":"https:\/\/arantv.az\/?p=281773","title":{"rendered":"\u00c7exiya koronavirusa g\u00f6r\u0259 m\u0259hdudiyy\u0259tl\u0259ri s\u0259rtl\u0259\u015fdirdi"},"content":{"rendered":"<blockquote><p><em><strong>\u00c7exiya h\u00f6kum\u0259ti n\u00f6vb\u0259d\u0259nk\u0259nar iclasda respublikada koronavirusla \u0259laq\u0259dar q\u00fcvv\u0259d\u0259 olan sosial m\u0259hdudiyy\u0259tl\u0259rin s\u0259rtl\u0259\u015fdirilm\u0259sin\u0259 q\u0259rar verib.<\/strong><\/em><\/p><\/blockquote>\n<p><strong>ARANTV.AZ\u00a0<\/strong><a href=\"https:\/\/az.trend.az\/\" target=\"_blank\" rel=\"noopener\">Trend<\/a>-\u0259 istinad\u0259n bildirir ki,\u00a0bu bar\u0259d\u0259 jurnalistl\u0259r\u0259 \u00f6lk\u0259nin birinci vitse-prezidenti v\u0259 Daxili \u0130\u015fl\u0259r Naziri Yan Qama\u00e7ek deyib.<\/p>\n<p>Y.Qama\u00e7ek bildirib: &#8220;Son g\u00fcnl\u0259rd\u0259 daha da pisl\u0259\u015f\u0259n epidemiya v\u0259ziyy\u0259tin\u0259 cavab verm\u0259k m\u0259cburiyy\u0259tind\u0259yik. Bizd\u0259 koronavirusun &#8220;Britaniya&#8221; \u015ftamm\u0131 yay\u0131l\u0131r. V\u0259ziyy\u0259ti laz\u0131mi q\u0259d\u0259r qiym\u0259tl\u0259ndirm\u0259liyik. \u00d6lk\u0259 sakinl\u0259rinin indi ed\u0259 bil\u0259c\u0259yi \u0259n yax\u015f\u0131 \u015fey evd\u0259 qalmaq v\u0259 sosial t\u0259maslar\u0131 m\u0259hdudla\u015fd\u0131rmaqd\u0131r&#8221;.<\/p>\n<p>Qeyd ed\u0259k ki, \u00c7exiyada 964 660 n\u0259f\u0259r koronavirusa yoluxub. Haz\u0131rk\u0131 d\u00f6vr\u0259d\u0259k koronavirusa yoluxanlardan 15 944 n\u0259f\u0259ri v\u0259fat edib.<\/p>\n","protected":false},"excerpt":{"rendered":"<p>\u00c7exiya h\u00f6kum\u0259ti n\u00f6vb\u0259d\u0259nk\u0259nar iclasda respublikada koronavirusla \u0259laq\u0259dar q\u00fcvv\u0259d\u0259 olan sosial m\u0259hdudiyy\u0259tl\u0259rin s\u0259rtl\u0259\u015fdirilm\u0259sin\u0259 q\u0259rar verib. ARANTV.AZ\u00a0Trend-\u0259 istinad\u0259n bildirir ki,\u00a0bu bar\u0259d\u0259 jurnalistl\u0259r\u0259 \u00f6lk\u0259nin birinci vitse-prezidenti v\u0259 Daxili \u0130\u015fl\u0259r Naziri Yan Qama\u00e7ek deyib. Y.Qama\u00e7ek bildirib: &#8220;Son g\u00fcnl\u0259rd\u0259 daha da pisl\u0259\u015f\u0259n epidemiya v\u0259ziyy\u0259tin\u0259 cavab verm\u0259k m\u0259cburiyy\u0259tind\u0259yik. Bizd\u0259 koronavirusun &#8220;Britaniya&#8221; \u015ftamm\u0131 yay\u0131l\u0131r. V\u0259ziyy\u0259ti laz\u0131mi q\u0259d\u0259r qiym\u0259tl\u0259ndirm\u0259liyik. \u00d6lk\u0259 sakinl\u0259rinin indi ed\u0259 bil\u0259c\u0259yi \u0259n yax\u015f\u0131 \u015fey evd\u0259 qalmaq v\u0259 sosial t\u0259maslar\u0131 m\u0259hdudla\u015fd\u0131rmaqd\u0131r&#8221;. Qeyd ed\u0259k ki, \u00c7exiyada 964 660 n\u0259f\u0259r koronavirusa yoluxub. Haz\u0131rk\u0131 d\u00f6vr\u0259d\u0259k koronavirusa yoluxanlardan 15 944 n\u0259f\u0259ri v\u0259fat edib.<\/p>\n","protected":false},"author":2,"featured_media":281774,"comment_status":"closed","ping_status":"closed","sticky":false,"template":"","format":"standard","meta":{"om_disable_all_campaigns":false,"_monsterinsights_skip_tracking":false,"_monsterinsights_sitenote_active":false,"_monsterinsights_sitenote_note":"","_monsterinsights_sitenote_category":0},"categories":[7],"tags":[],"aioseo_notices":[],"gutentor_comment":0,"rttpg_featured_image_url":{"full":["https:\/\/arantv.az\/wp-content\/uploads\/2021\/01\/czech_coronavirus_120920.jpg",700,433,false],"landscape":["https:\/\/arantv.az\/wp-content\/uploads\/2021\/01\/czech_coronavirus_120920.jpg",700,433,false],"portraits":["https:\/\/arantv.az\/wp-content\/uploads\/2021\/01\/czech_coronavirus_120920.jpg",700,433,false],"thumbnail":["https:\/\/arantv.az\/wp-content\/uploads\/2021\/01\/czech_coronavirus_120920-150x150.jpg",150,150,true],"medium":["https:\/\/arantv.az\/wp-content\/uploads\/2021\/01\/czech_coronavirus_120920-300x186.jpg",300,186,true],"large":["https:\/\/arantv.az\/wp-content\/uploads\/2021\/01\/czech_coronavirus_120920.jpg",640,396,false],"1536x1536":["https:\/\/arantv.az\/wp-content\/uploads\/2021\/01\/czech_coronavirus_120920.jpg",700,433,false],"2048x2048":["https:\/\/arantv.az\/wp-content\/uploads\/2021\/01\/czech_coronavirus_120920.jpg",700,433,false],"post-thumbnail":["https:\/\/arantv.az\/wp-content\/uploads\/2021\/01\/czech_coronavirus_120920-240x172.jpg",240,172,true],"advps-thumb-one":["https:\/\/arantv.az\/wp-content\/uploads\/2021\/01\/czech_coronavirus_120920.jpg",700,433,false]},"rttpg_author":{"display_name":"V\u00fcsal Rafiqo\u011flu","author_link":"https:\/\/arantv.az\/?author=2"},"rttpg_comment":0,"rttpg_category":"<a href=\"https:\/\/arantv.az\/?cat=7\" rel=\"category\">D\u00fcnya<\/a>","rttpg_excerpt":"\u00c7exiya h\u00f6kum\u0259ti n\u00f6vb\u0259d\u0259nk\u0259nar iclasda respublikada koronavirusla \u0259laq\u0259dar q\u00fcvv\u0259d\u0259 olan sosial m\u0259hdudiyy\u0259tl\u0259rin s\u0259rtl\u0259\u015fdirilm\u0259sin\u0259 q\u0259rar verib. ARANTV.AZ\u00a0Trend-\u0259 istinad\u0259n bildirir ki,\u00a0bu bar\u0259d\u0259 jurnalistl\u0259r\u0259 \u00f6lk\u0259nin birinci vitse-prezidenti v\u0259 Daxili \u0130\u015fl\u0259r Naziri Yan Qama\u00e7ek deyib. Y.Qama\u00e7ek bildirib: &#8220;Son g\u00fcnl\u0259rd\u0259 daha da pisl\u0259\u015f\u0259n epidemiya v\u0259ziyy\u0259tin\u0259 cavab verm\u0259k m\u0259cburiyy\u0259tind\u0259yik. Bizd\u0259 koronavirusun &#8220;Britaniya&#8221; \u015ftamm\u0131 yay\u0131l\u0131r. V\u0259ziyy\u0259ti laz\u0131mi q\u0259d\u0259r qiym\u0259tl\u0259ndirm\u0259liyik. \u00d6lk\u0259 sakinl\u0259rinin indi ed\u0259&hellip;","_links":{"self":[{"href":"https:\/\/arantv.az\/index.php?rest_route=\/wp\/v2\/posts\/281773"}],"collection":[{"href":"https:\/\/arantv.az\/index.php?rest_route=\/wp\/v2\/posts"}],"about":[{"href":"https:\/\/arantv.az\/index.php?rest_route=\/wp\/v2\/types\/post"}],"author":[{"embeddable":true,"href":"https:\/\/arantv.az\/index.php?rest_route=\/wp\/v2\/users\/2"}],"replies":[{"embeddable":true,"href":"https:\/\/arantv.az\/index.php?rest_route=%2Fwp%2Fv2%2Fcomments&post=281773"}],"version-history":[{"count":0,"href":"https:\/\/arantv.az\/index.php?rest_route=\/wp\/v2\/posts\/281773\/revisions"}],"wp:featuredmedia":[{"embeddable":true,"href":"https:\/\/arantv.az\/index.php?rest_route=\/wp\/v2\/media\/281774"}],"wp:attachment":[{"href":"https:\/\/arantv.az\/index.php?rest_route=%2Fwp%2Fv2%2Fmedia&parent=281773"}],"wp:term":[{"taxonomy":"category","embeddable":true,"href":"https:\/\/arantv.az\/index.php?rest_route=%2Fwp%2Fv2%2Fcategories&post=281773"},{"taxonomy":"post_tag","embeddable":true,"href":"https:\/\/arantv.az\/index.php?rest_route=%2Fwp%2Fv2%2Ftags&post=281773"}],"curies":[{"name":"wp","href":"https:\/\/api.w.org\/{rel}","templated":true}]}}