{"id":281833,"date":"2021-01-29T10:22:02","date_gmt":"2021-01-29T07:22:02","guid":{"rendered":"http:\/\/arantv.az\/?p=281833"},"modified":"2021-01-29T10:22:02","modified_gmt":"2021-01-29T07:22:02","slug":"ag-ev-baydenin-putinl%c9%99-sohb%c9%99ti-zamani-d%c9%99qiq-h%c9%99d%c9%99fl%c9%99ri-var-idi","status":"publish","type":"post","link":"https:\/\/arantv.az\/?p=281833","title":{"rendered":"A\u011f Ev: \u201cBaydenin Putinl\u0259 s\u00f6hb\u0259ti zaman\u0131 d\u0259qiq h\u0259d\u0259fl\u0259ri var idi\u201d"},"content":{"rendered":"<p>AB\u015e Prezidenti Co Bayden rusiyal\u0131 h\u0259mkar\u0131 Vladimir Putinl\u0259 s\u00f6hb\u0259ti zaman\u0131 \u00e7\u0259kinm\u0259y\u0259r\u0259k ehtiyat etdiyi m\u00f6vzular bar\u0259d\u0259 dan\u0131\u015f\u0131b.<\/p>\n<div id=\"AdviadNativeVideo0\" class=\"AdviadNativeVideo\"><\/div>\n<p>Bunu A\u011f Evin m\u0259tbuat katibi Cen Psaki brifinqd\u0259 \u00e7\u0131x\u0131\u015f\u0131 zaman\u0131 bildirib.<\/p>\n<p>\u201cO,\u00a0s\u00f6hb\u0259t Putin v\u0259 haz\u0131rk\u0131 Rusiya r\u0259hb\u0259rliyinin f\u0259aliyy\u0259ti il\u0259 ba\u011fl\u0131 narahatl\u0131qlar\u0131ndan\u00a0ged\u0259nd\u0259 he\u00e7 zaman \u00e7\u0259kinm\u0259yib. AB\u015e prezidentinin bu dan\u0131\u015f\u0131qlar zaman\u0131 realla\u015fd\u0131ra bildiyi d\u0259qiq h\u0259d\u0259fl\u0259ri var idi\u201d, &#8211; dey\u0259 Psaki bildirib.<\/p>\n","protected":false},"excerpt":{"rendered":"<p>AB\u015e Prezidenti Co Bayden rusiyal\u0131 h\u0259mkar\u0131 Vladimir Putinl\u0259 s\u00f6hb\u0259ti zaman\u0131 \u00e7\u0259kinm\u0259y\u0259r\u0259k ehtiyat etdiyi m\u00f6vzular bar\u0259d\u0259 dan\u0131\u015f\u0131b. Bunu A\u011f Evin m\u0259tbuat katibi Cen Psaki brifinqd\u0259 \u00e7\u0131x\u0131\u015f\u0131 zaman\u0131 bildirib. \u201cO,\u00a0s\u00f6hb\u0259t Putin v\u0259 haz\u0131rk\u0131 Rusiya r\u0259hb\u0259rliyinin f\u0259aliyy\u0259ti il\u0259 ba\u011fl\u0131 narahatl\u0131qlar\u0131ndan\u00a0ged\u0259nd\u0259 he\u00e7 zaman \u00e7\u0259kinm\u0259yib. AB\u015e prezidentinin bu dan\u0131\u015f\u0131qlar zaman\u0131 realla\u015fd\u0131ra bildiyi d\u0259qiq h\u0259d\u0259fl\u0259ri var idi\u201d, &#8211; dey\u0259 Psaki bildirib.<\/p>\n","protected":false},"author":2,"featured_media":281834,"comment_status":"closed","ping_status":"closed","sticky":false,"template":"","format":"standard","meta":{"om_disable_all_campaigns":false,"_monsterinsights_skip_tracking":false,"_monsterinsights_sitenote_active":false,"_monsterinsights_sitenote_note":"","_monsterinsights_sitenote_category":0},"categories":[7],"tags":[],"aioseo_notices":[],"gutentor_comment":0,"rttpg_featured_image_url":{"full":["https:\/\/arantv.az\/wp-content\/uploads\/2021\/01\/344550459_0_0_2203_1239_1920x0_80_0_0_1e25459e39faaa11ad9c1401fe4fa373.jpg",620,349,false],"landscape":["https:\/\/arantv.az\/wp-content\/uploads\/2021\/01\/344550459_0_0_2203_1239_1920x0_80_0_0_1e25459e39faaa11ad9c1401fe4fa373.jpg",620,349,false],"portraits":["https:\/\/arantv.az\/wp-content\/uploads\/2021\/01\/344550459_0_0_2203_1239_1920x0_80_0_0_1e25459e39faaa11ad9c1401fe4fa373.jpg",620,349,false],"thumbnail":["https:\/\/arantv.az\/wp-content\/uploads\/2021\/01\/344550459_0_0_2203_1239_1920x0_80_0_0_1e25459e39faaa11ad9c1401fe4fa373-150x150.jpg",150,150,true],"medium":["https:\/\/arantv.az\/wp-content\/uploads\/2021\/01\/344550459_0_0_2203_1239_1920x0_80_0_0_1e25459e39faaa11ad9c1401fe4fa373-300x169.jpg",300,169,true],"large":["https:\/\/arantv.az\/wp-content\/uploads\/2021\/01\/344550459_0_0_2203_1239_1920x0_80_0_0_1e25459e39faaa11ad9c1401fe4fa373.jpg",620,349,false],"1536x1536":["https:\/\/arantv.az\/wp-content\/uploads\/2021\/01\/344550459_0_0_2203_1239_1920x0_80_0_0_1e25459e39faaa11ad9c1401fe4fa373.jpg",620,349,false],"2048x2048":["https:\/\/arantv.az\/wp-content\/uploads\/2021\/01\/344550459_0_0_2203_1239_1920x0_80_0_0_1e25459e39faaa11ad9c1401fe4fa373.jpg",620,349,false],"post-thumbnail":["https:\/\/arantv.az\/wp-content\/uploads\/2021\/01\/344550459_0_0_2203_1239_1920x0_80_0_0_1e25459e39faaa11ad9c1401fe4fa373-240x172.jpg",240,172,true],"advps-thumb-one":["https:\/\/arantv.az\/wp-content\/uploads\/2021\/01\/344550459_0_0_2203_1239_1920x0_80_0_0_1e25459e39faaa11ad9c1401fe4fa373.jpg",620,349,false]},"rttpg_author":{"display_name":"V\u00fcsal Rafiqo\u011flu","author_link":"https:\/\/arantv.az\/?author=2"},"rttpg_comment":0,"rttpg_category":"<a href=\"https:\/\/arantv.az\/?cat=7\" rel=\"category\">D\u00fcnya<\/a>","rttpg_excerpt":"AB\u015e Prezidenti Co Bayden rusiyal\u0131 h\u0259mkar\u0131 Vladimir Putinl\u0259 s\u00f6hb\u0259ti zaman\u0131 \u00e7\u0259kinm\u0259y\u0259r\u0259k ehtiyat etdiyi m\u00f6vzular bar\u0259d\u0259 dan\u0131\u015f\u0131b. Bunu A\u011f Evin m\u0259tbuat katibi Cen Psaki brifinqd\u0259 \u00e7\u0131x\u0131\u015f\u0131 zaman\u0131 bildirib. \u201cO,\u00a0s\u00f6hb\u0259t Putin v\u0259 haz\u0131rk\u0131 Rusiya r\u0259hb\u0259rliyinin f\u0259aliyy\u0259ti il\u0259 ba\u011fl\u0131 narahatl\u0131qlar\u0131ndan\u00a0ged\u0259nd\u0259 he\u00e7 zaman \u00e7\u0259kinm\u0259yib. AB\u015e prezidentinin bu dan\u0131\u015f\u0131qlar zaman\u0131 realla\u015fd\u0131ra bildiyi d\u0259qiq h\u0259d\u0259fl\u0259ri var idi\u201d, &#8211; dey\u0259 Psaki bildirib.","_links":{"self":[{"href":"https:\/\/arantv.az\/index.php?rest_route=\/wp\/v2\/posts\/281833"}],"collection":[{"href":"https:\/\/arantv.az\/index.php?rest_route=\/wp\/v2\/posts"}],"about":[{"href":"https:\/\/arantv.az\/index.php?rest_route=\/wp\/v2\/types\/post"}],"author":[{"embeddable":true,"href":"https:\/\/arantv.az\/index.php?rest_route=\/wp\/v2\/users\/2"}],"replies":[{"embeddable":true,"href":"https:\/\/arantv.az\/index.php?rest_route=%2Fwp%2Fv2%2Fcomments&post=281833"}],"version-history":[{"count":0,"href":"https:\/\/arantv.az\/index.php?rest_route=\/wp\/v2\/posts\/281833\/revisions"}],"wp:featuredmedia":[{"embeddable":true,"href":"https:\/\/arantv.az\/index.php?rest_route=\/wp\/v2\/media\/281834"}],"wp:attachment":[{"href":"https:\/\/arantv.az\/index.php?rest_route=%2Fwp%2Fv2%2Fmedia&parent=281833"}],"wp:term":[{"taxonomy":"category","embeddable":true,"href":"https:\/\/arantv.az\/index.php?rest_route=%2Fwp%2Fv2%2Fcategories&post=281833"},{"taxonomy":"post_tag","embeddable":true,"href":"https:\/\/arantv.az\/index.php?rest_route=%2Fwp%2Fv2%2Ftags&post=281833"}],"curies":[{"name":"wp","href":"https:\/\/api.w.org\/{rel}","templated":true}]}}