{"id":281841,"date":"2021-01-29T10:26:26","date_gmt":"2021-01-29T07:26:26","guid":{"rendered":"http:\/\/arantv.az\/?p=281841"},"modified":"2021-01-29T10:26:26","modified_gmt":"2021-01-29T07:26:26","slug":"dim-s%c9%99dri-bir-sira-imtahanlarin-tarixl%c9%99rini-aciqladi","status":"publish","type":"post","link":"https:\/\/arantv.az\/?p=281841","title":{"rendered":"D\u0130M s\u0259dri bir s\u0131ra imtahanlar\u0131n tarixl\u0259rini a\u00e7\u0131qlad\u0131"},"content":{"rendered":"<p>\u00dcmumi (9 illik) orta t\u0259hsil s\u0259viyy\u0259si \u00fczr\u0259 burax\u0131l\u0131\u015f imtahan\u0131n vaxt\u0131 a\u00e7\u0131qlan\u0131b.<\/p>\n<p>\u201c\u018fvv\u0259lki ill\u0259rin m\u0259zunlar\u0131\u00a0\u00fc\u00e7\u00fcn \u00fcmumi 9\u00a0illik t\u0259hsil s\u0259viyy\u0259sind\u0259n kollecl\u0259r\u0259 q\u0259bul imtahan\u0131, magistratura s\u0259viyy\u0259sin\u0259 q\u0259bul imtahan\u0131 (2-ci \u015fans), t\u0259drisi Az\u0259rbaycan dilind\u0259n f\u0259rqli dild\u0259 apar\u0131lan \u00fcmumt\u0259hsil m\u0259kt\u0259bl\u0259rinin \u015fagirdl\u0259ri \u00fc\u00e7\u00fcn Az\u0259rbaycan dili (d\u00f6vl\u0259t dili) imtahan\u0131 (2-ci \u015fans), d\u00f6vl\u0259t qullu\u011funa q\u0259bul imtahan\u0131n\u0131n test m\u0259rh\u0259l\u0259si iyun ay\u0131\u00a0\u0259rzind\u0259 olacaq\u201d.<\/p>\n<p><strong>ARANTV.AZ<\/strong>-\u0131n\u00a0 m\u0259lumat\u0131na g\u00f6r\u0259, bunu D\u00f6vl\u0259t \u0130mtahan M\u0259rk\u0259zinin Direktorlar \u015euras\u0131n\u0131n s\u0259dri M\u0259leyk\u0259 Abbaszad\u0259 bildirib.<\/p>\n<div id=\"AdviadNativeVideo0\" class=\"AdviadNativeVideo\"><\/div>\n<p>S\u0259dr qeyd edib ki, rezidenturaya q\u0259bul imtahan\u0131 (1-ci m\u0259rh\u0259l\u0259 2-ci \u015fans) avqust ay\u0131 \u0259rzind\u0259 olacaq:<\/p>\n<p>\u201cSentyabr ay\u0131 \u0259rzind\u0259 burax\u0131l\u0131\u015f imtahan\u0131 (pay\u0131z t\u0259krar), d\u00f6vl\u0259t qullu\u011funa q\u0259bul imtahan\u0131n\u0131n test m\u0259rh\u0259l\u0259si, rezidenturaya q\u0259bul imtahan\u0131 (2-ci m\u0259rh\u0259l\u0259) ke\u00e7iril\u0259c\u0259k\u201d.<\/p>\n","protected":false},"excerpt":{"rendered":"<p>\u00dcmumi (9 illik) orta t\u0259hsil s\u0259viyy\u0259si \u00fczr\u0259 burax\u0131l\u0131\u015f imtahan\u0131n vaxt\u0131 a\u00e7\u0131qlan\u0131b. \u201c\u018fvv\u0259lki ill\u0259rin m\u0259zunlar\u0131\u00a0\u00fc\u00e7\u00fcn \u00fcmumi 9\u00a0illik t\u0259hsil s\u0259viyy\u0259sind\u0259n kollecl\u0259r\u0259 q\u0259bul imtahan\u0131, magistratura s\u0259viyy\u0259sin\u0259 q\u0259bul imtahan\u0131 (2-ci \u015fans), t\u0259drisi Az\u0259rbaycan dilind\u0259n f\u0259rqli dild\u0259 apar\u0131lan \u00fcmumt\u0259hsil m\u0259kt\u0259bl\u0259rinin \u015fagirdl\u0259ri \u00fc\u00e7\u00fcn Az\u0259rbaycan dili (d\u00f6vl\u0259t dili) imtahan\u0131 (2-ci \u015fans), d\u00f6vl\u0259t qullu\u011funa q\u0259bul imtahan\u0131n\u0131n test m\u0259rh\u0259l\u0259si iyun ay\u0131\u00a0\u0259rzind\u0259 olacaq\u201d. ARANTV.AZ-\u0131n\u00a0 m\u0259lumat\u0131na g\u00f6r\u0259, bunu D\u00f6vl\u0259t \u0130mtahan M\u0259rk\u0259zinin Direktorlar \u015euras\u0131n\u0131n s\u0259dri M\u0259leyk\u0259 Abbaszad\u0259 bildirib. S\u0259dr qeyd edib ki, rezidenturaya q\u0259bul imtahan\u0131 (1-ci m\u0259rh\u0259l\u0259 2-ci \u015fans) avqust ay\u0131 \u0259rzind\u0259 olacaq: \u201cSentyabr ay\u0131 \u0259rzind\u0259 burax\u0131l\u0131\u015f imtahan\u0131 (pay\u0131z t\u0259krar), d\u00f6vl\u0259t qullu\u011funa&hellip;<\/p>\n","protected":false},"author":2,"featured_media":281822,"comment_status":"closed","ping_status":"closed","sticky":false,"template":"","format":"standard","meta":{"om_disable_all_campaigns":false,"_monsterinsights_skip_tracking":false,"_monsterinsights_sitenote_active":false,"_monsterinsights_sitenote_note":"","_monsterinsights_sitenote_category":0},"categories":[23],"tags":[],"aioseo_notices":[],"gutentor_comment":0,"rttpg_featured_image_url":{"full":["https:\/\/arantv.az\/wp-content\/uploads\/2021\/01\/1508499606_meleyke-abbaszade.jpg",750,420,false],"landscape":["https:\/\/arantv.az\/wp-content\/uploads\/2021\/01\/1508499606_meleyke-abbaszade.jpg",750,420,false],"portraits":["https:\/\/arantv.az\/wp-content\/uploads\/2021\/01\/1508499606_meleyke-abbaszade.jpg",750,420,false],"thumbnail":["https:\/\/arantv.az\/wp-content\/uploads\/2021\/01\/1508499606_meleyke-abbaszade-150x150.jpg",150,150,true],"medium":["https:\/\/arantv.az\/wp-content\/uploads\/2021\/01\/1508499606_meleyke-abbaszade-300x168.jpg",300,168,true],"large":["https:\/\/arantv.az\/wp-content\/uploads\/2021\/01\/1508499606_meleyke-abbaszade.jpg",640,358,false],"1536x1536":["https:\/\/arantv.az\/wp-content\/uploads\/2021\/01\/1508499606_meleyke-abbaszade.jpg",750,420,false],"2048x2048":["https:\/\/arantv.az\/wp-content\/uploads\/2021\/01\/1508499606_meleyke-abbaszade.jpg",750,420,false],"post-thumbnail":["https:\/\/arantv.az\/wp-content\/uploads\/2021\/01\/1508499606_meleyke-abbaszade-240x172.jpg",240,172,true],"advps-thumb-one":["https:\/\/arantv.az\/wp-content\/uploads\/2021\/01\/1508499606_meleyke-abbaszade.jpg",750,420,false]},"rttpg_author":{"display_name":"V\u00fcsal Rafiqo\u011flu","author_link":"https:\/\/arantv.az\/?author=2"},"rttpg_comment":0,"rttpg_category":"<a href=\"https:\/\/arantv.az\/?cat=23\" rel=\"category\">T\u0259hsil<\/a>","rttpg_excerpt":"\u00dcmumi (9 illik) orta t\u0259hsil s\u0259viyy\u0259si \u00fczr\u0259 burax\u0131l\u0131\u015f imtahan\u0131n vaxt\u0131 a\u00e7\u0131qlan\u0131b. \u201c\u018fvv\u0259lki ill\u0259rin m\u0259zunlar\u0131\u00a0\u00fc\u00e7\u00fcn \u00fcmumi 9\u00a0illik t\u0259hsil s\u0259viyy\u0259sind\u0259n kollecl\u0259r\u0259 q\u0259bul imtahan\u0131, magistratura s\u0259viyy\u0259sin\u0259 q\u0259bul imtahan\u0131 (2-ci \u015fans), t\u0259drisi Az\u0259rbaycan dilind\u0259n f\u0259rqli dild\u0259 apar\u0131lan \u00fcmumt\u0259hsil m\u0259kt\u0259bl\u0259rinin \u015fagirdl\u0259ri \u00fc\u00e7\u00fcn Az\u0259rbaycan dili (d\u00f6vl\u0259t dili) imtahan\u0131 (2-ci \u015fans), d\u00f6vl\u0259t qullu\u011funa q\u0259bul imtahan\u0131n\u0131n test m\u0259rh\u0259l\u0259si iyun ay\u0131\u00a0\u0259rzind\u0259 olacaq\u201d. ARANTV.AZ-\u0131n\u00a0 m\u0259lumat\u0131na&hellip;","_links":{"self":[{"href":"https:\/\/arantv.az\/index.php?rest_route=\/wp\/v2\/posts\/281841"}],"collection":[{"href":"https:\/\/arantv.az\/index.php?rest_route=\/wp\/v2\/posts"}],"about":[{"href":"https:\/\/arantv.az\/index.php?rest_route=\/wp\/v2\/types\/post"}],"author":[{"embeddable":true,"href":"https:\/\/arantv.az\/index.php?rest_route=\/wp\/v2\/users\/2"}],"replies":[{"embeddable":true,"href":"https:\/\/arantv.az\/index.php?rest_route=%2Fwp%2Fv2%2Fcomments&post=281841"}],"version-history":[{"count":0,"href":"https:\/\/arantv.az\/index.php?rest_route=\/wp\/v2\/posts\/281841\/revisions"}],"wp:featuredmedia":[{"embeddable":true,"href":"https:\/\/arantv.az\/index.php?rest_route=\/wp\/v2\/media\/281822"}],"wp:attachment":[{"href":"https:\/\/arantv.az\/index.php?rest_route=%2Fwp%2Fv2%2Fmedia&parent=281841"}],"wp:term":[{"taxonomy":"category","embeddable":true,"href":"https:\/\/arantv.az\/index.php?rest_route=%2Fwp%2Fv2%2Fcategories&post=281841"},{"taxonomy":"post_tag","embeddable":true,"href":"https:\/\/arantv.az\/index.php?rest_route=%2Fwp%2Fv2%2Ftags&post=281841"}],"curies":[{"name":"wp","href":"https:\/\/api.w.org\/{rel}","templated":true}]}}