{"id":281887,"date":"2021-01-29T11:03:24","date_gmt":"2021-01-29T08:03:24","guid":{"rendered":"http:\/\/arantv.az\/?p=281887"},"modified":"2021-01-29T11:03:24","modified_gmt":"2021-01-29T08:03:24","slug":"national-geographic-instagram-s%c9%99hif%c9%99sind%c9%99-dagidilmis-agdamdan-fotolar-paylasdi","status":"publish","type":"post","link":"https:\/\/arantv.az\/?p=281887","title":{"rendered":"\u201cNational Geographic\u201d \u201cInstagram\u201d s\u0259hif\u0259sind\u0259 da\u011f\u0131d\u0131lm\u0131\u015f A\u011fdamdan fotolar payla\u015fd\u0131"},"content":{"rendered":"<p>Vaxtil\u0259 40 min n\u0259f\u0259r \u0259halisi olmu\u015f v\u0259 bu yax\u0131nlarda Az\u0259rbaycan t\u0259r\u0259find\u0259n azad edilmi\u015f A\u011fdam \u015f\u0259h\u0259rind\u0259 t\u0259xmin\u0259n otuz illik erm\u0259ni i\u015f\u011fal\u0131ndan sonra yaln\u0131z da\u011f\u0131nt\u0131lar qal\u0131b.<\/p>\n<p><strong>ARANTV.AZ b<\/strong>ildirir ki, bu bar\u0259d\u0259 &#8220;National Geographic&#8221; jurnal\u0131n\u0131n &#8220;Instagram&#8221; s\u0259hif\u0259sind\u0259ki payla\u015f\u0131m\u0131nda deyilir.<\/p>\n<p>Qeyd olunub ki, 1993-c\u00fc ild\u0259 A\u011fdam i\u015f\u011fal edil\u0259nd\u0259n sonra yaln\u0131z m\u0259scid binas\u0131 b\u00fct\u00f6v qal\u0131b, dig\u0259r b\u00fct\u00fcn bina v\u0259 tikilil\u0259r da\u011f\u0131d\u0131l\u0131b.<\/p>\n<p>\u00d6t\u0259n ilin sentyabr\u0131nda ba\u015flam\u0131\u015f v\u0259 44 g\u00fcn davam etmi\u015f m\u00fcharib\u0259 n\u0259tic\u0259sind\u0259 Az\u0259rbaycan 1990-c\u0131 ill\u0259rd\u0259 itirdiyi \u0259razil\u0259rin b\u00f6y\u00fck hiss\u0259sini azad edib.<\/p>\n","protected":false},"excerpt":{"rendered":"<p>Vaxtil\u0259 40 min n\u0259f\u0259r \u0259halisi olmu\u015f v\u0259 bu yax\u0131nlarda Az\u0259rbaycan t\u0259r\u0259find\u0259n azad edilmi\u015f A\u011fdam \u015f\u0259h\u0259rind\u0259 t\u0259xmin\u0259n otuz illik erm\u0259ni i\u015f\u011fal\u0131ndan sonra yaln\u0131z da\u011f\u0131nt\u0131lar qal\u0131b. ARANTV.AZ bildirir ki, bu bar\u0259d\u0259 &#8220;National Geographic&#8221; jurnal\u0131n\u0131n &#8220;Instagram&#8221; s\u0259hif\u0259sind\u0259ki payla\u015f\u0131m\u0131nda deyilir. Qeyd olunub ki, 1993-c\u00fc ild\u0259 A\u011fdam i\u015f\u011fal edil\u0259nd\u0259n sonra yaln\u0131z m\u0259scid binas\u0131 b\u00fct\u00f6v qal\u0131b, dig\u0259r b\u00fct\u00fcn bina v\u0259 tikilil\u0259r da\u011f\u0131d\u0131l\u0131b. \u00d6t\u0259n ilin sentyabr\u0131nda ba\u015flam\u0131\u015f v\u0259 44 g\u00fcn davam etmi\u015f m\u00fcharib\u0259 n\u0259tic\u0259sind\u0259 Az\u0259rbaycan 1990-c\u0131 ill\u0259rd\u0259 itirdiyi \u0259razil\u0259rin b\u00f6y\u00fck hiss\u0259sini azad edib.<\/p>\n","protected":false},"author":2,"featured_media":281888,"comment_status":"closed","ping_status":"closed","sticky":false,"template":"","format":"standard","meta":{"om_disable_all_campaigns":false,"_monsterinsights_skip_tracking":false,"_monsterinsights_sitenote_active":false,"_monsterinsights_sitenote_note":"","_monsterinsights_sitenote_category":0},"categories":[7],"tags":[],"aioseo_notices":[],"gutentor_comment":0,"rttpg_featured_image_url":{"full":["https:\/\/arantv.az\/wp-content\/uploads\/2021\/01\/917721_11.jpg",1083,1080,false],"landscape":["https:\/\/arantv.az\/wp-content\/uploads\/2021\/01\/917721_11.jpg",1083,1080,false],"portraits":["https:\/\/arantv.az\/wp-content\/uploads\/2021\/01\/917721_11.jpg",1083,1080,false],"thumbnail":["https:\/\/arantv.az\/wp-content\/uploads\/2021\/01\/917721_11-150x150.jpg",150,150,true],"medium":["https:\/\/arantv.az\/wp-content\/uploads\/2021\/01\/917721_11-300x300.jpg",300,300,true],"large":["https:\/\/arantv.az\/wp-content\/uploads\/2021\/01\/917721_11-1024x1021.jpg",640,638,true],"1536x1536":["https:\/\/arantv.az\/wp-content\/uploads\/2021\/01\/917721_11.jpg",1083,1080,false],"2048x2048":["https:\/\/arantv.az\/wp-content\/uploads\/2021\/01\/917721_11.jpg",1083,1080,false],"post-thumbnail":["https:\/\/arantv.az\/wp-content\/uploads\/2021\/01\/917721_11-240x172.jpg",240,172,true],"advps-thumb-one":["https:\/\/arantv.az\/wp-content\/uploads\/2021\/01\/917721_11-1083x620.jpg",1083,620,true]},"rttpg_author":{"display_name":"V\u00fcsal Rafiqo\u011flu","author_link":"https:\/\/arantv.az\/?author=2"},"rttpg_comment":0,"rttpg_category":"<a href=\"https:\/\/arantv.az\/?cat=7\" rel=\"category\">D\u00fcnya<\/a>","rttpg_excerpt":"Vaxtil\u0259 40 min n\u0259f\u0259r \u0259halisi olmu\u015f v\u0259 bu yax\u0131nlarda Az\u0259rbaycan t\u0259r\u0259find\u0259n azad edilmi\u015f A\u011fdam \u015f\u0259h\u0259rind\u0259 t\u0259xmin\u0259n otuz illik erm\u0259ni i\u015f\u011fal\u0131ndan sonra yaln\u0131z da\u011f\u0131nt\u0131lar qal\u0131b. ARANTV.AZ bildirir ki, bu bar\u0259d\u0259 &#8220;National Geographic&#8221; jurnal\u0131n\u0131n &#8220;Instagram&#8221; s\u0259hif\u0259sind\u0259ki payla\u015f\u0131m\u0131nda deyilir. Qeyd olunub ki, 1993-c\u00fc ild\u0259 A\u011fdam i\u015f\u011fal edil\u0259nd\u0259n sonra yaln\u0131z m\u0259scid binas\u0131 b\u00fct\u00f6v qal\u0131b, dig\u0259r b\u00fct\u00fcn bina v\u0259 tikilil\u0259r&hellip;","_links":{"self":[{"href":"https:\/\/arantv.az\/index.php?rest_route=\/wp\/v2\/posts\/281887"}],"collection":[{"href":"https:\/\/arantv.az\/index.php?rest_route=\/wp\/v2\/posts"}],"about":[{"href":"https:\/\/arantv.az\/index.php?rest_route=\/wp\/v2\/types\/post"}],"author":[{"embeddable":true,"href":"https:\/\/arantv.az\/index.php?rest_route=\/wp\/v2\/users\/2"}],"replies":[{"embeddable":true,"href":"https:\/\/arantv.az\/index.php?rest_route=%2Fwp%2Fv2%2Fcomments&post=281887"}],"version-history":[{"count":0,"href":"https:\/\/arantv.az\/index.php?rest_route=\/wp\/v2\/posts\/281887\/revisions"}],"wp:featuredmedia":[{"embeddable":true,"href":"https:\/\/arantv.az\/index.php?rest_route=\/wp\/v2\/media\/281888"}],"wp:attachment":[{"href":"https:\/\/arantv.az\/index.php?rest_route=%2Fwp%2Fv2%2Fmedia&parent=281887"}],"wp:term":[{"taxonomy":"category","embeddable":true,"href":"https:\/\/arantv.az\/index.php?rest_route=%2Fwp%2Fv2%2Fcategories&post=281887"},{"taxonomy":"post_tag","embeddable":true,"href":"https:\/\/arantv.az\/index.php?rest_route=%2Fwp%2Fv2%2Ftags&post=281887"}],"curies":[{"name":"wp","href":"https:\/\/api.w.org\/{rel}","templated":true}]}}