{"id":28258,"date":"2018-12-19T08:42:26","date_gmt":"2018-12-19T05:42:26","guid":{"rendered":"http:\/\/arantv.az\/?p=28258"},"modified":"2018-12-19T08:42:26","modified_gmt":"2018-12-19T05:42:26","slug":"emin-s%c9%99kinskinin-interpol-x%c9%99tti-il%c9%99-axtarisda-olan-kecmis-qayni-h%c9%99bs-edildi","status":"publish","type":"post","link":"https:\/\/arantv.az\/?p=28258","title":{"rendered":"Emin \u015e\u0259kinskinin \u201c\u0130nterpol\u201d x\u0259tti il\u0259 axtar\u0131\u015fda olan ke\u00e7mi\u015f qayn\u0131 h\u0259bs edildi"},"content":{"rendered":"<p><strong>Daxili \u0130\u015fl\u0259r Nazirliyinin (D\u0130N) N\u0259qliyyatda Ba\u015f Polis \u0130dar\u0259sinin r\u0259isi, general-mayor Emin \u015e\u0259kinskinin ke\u00e7mi\u015f qayn\u0131 F\u0259rid Yusub h\u0259bs edilib.<\/strong><\/p>\n<p><strong>ARANTV.AZ<\/strong> report-a istinad\u0259n x\u0259b\u0259r verir ki, &#8220;\u0130nterpol&#8221; x\u0259tti il\u0259 beyn\u0259lxalq axtar\u0131\u015fda olan F.Yusub xarici \u00f6lk\u0259d\u0259 saxlan\u0131l\u0131b v\u0259 Az\u0259rbaycana t\u0259hvil verilib.<\/p>\n<p>O, Cinay\u0259t M\u0259c\u0259ll\u0259sinin 177.3.2-ci (o\u011furluq, k\u00fclli miqdarda t\u00f6r\u0259ldildikd\u0259), 320.1-ci (r\u0259smi s\u0259n\u0259dl\u0259ri, d\u00f6vl\u0259t t\u0259ltifl\u0259rini, m\u00f6h\u00fcrl\u0259ri, \u015ftamplar\u0131, blanklar\u0131 saxtala\u015fd\u0131rma, qanunsuz haz\u0131rlanma, satma v\u0259 ya saxta s\u0259n\u0259dl\u0259rd\u0259n istifad\u0259 etm\u0259) v\u0259 318.2-ci (Az\u0259rbaycan Respublikas\u0131n\u0131n d\u00f6vl\u0259t s\u0259rh\u0259dini qanunsuz ke\u00e7m\u0259) madd\u0259l\u0259ri il\u0259 ittiham olunur.<\/p>\n<p>Art\u0131q F.Yusubun cinay\u0259t i\u015finin ibtidai istintaq yekunla\u015f\u0131b, bax\u0131lmas\u0131 \u00fc\u00e7\u00fcn Bak\u0131 A\u011f\u0131r Cinay\u0259tl\u0259r M\u0259hk\u0259m\u0259sin\u0259 g\u00f6nd\u0259rilib.<\/p>\n<p>Cinay\u0259t i\u015fi hakim Cavid H\u00fcseynovun icraat\u0131na verilib.<\/p>\n<p>M\u0259hk\u0259m\u0259nin haz\u0131rl\u0131q iclas\u0131n\u0131n vaxt\u0131 yax\u0131n g\u00fcnl\u0259rd\u0259 m\u0259lum olacaq.<\/p>\n<div id=\"AdributorNativeVideo0\" class=\"AdributorNativeVideo\"><\/div>\n<p>Z\u0259r\u0259r\u00e7\u0259kmi\u015f qismind\u0259 E.\u015e\u0259kinski tan\u0131n\u0131r.<\/p>\n<p>Qeyd ed\u0259k ki, G\u00fclnar\u0259 \u015e\u0259kinskaya ke\u00e7mi\u015f h\u0259yat yolda\u015f\u0131 E.\u015e\u0259kinskinin evind\u0259n 60 min manat pul o\u011furlamaqda ittiham olunur. G.\u015e\u0259kinskaya, el\u0259c\u0259 d\u0259 onun \u00f6vladlar\u0131 &#8211; H\u0259mid\u0259, M\u0259ry\u0259m, Nadiya v\u0259 C\u0259vahir \u015e\u0259kinskayalar d\u00f6vl\u0259t s\u0259rh\u0259dini qanunsuz ke\u00e7ibl\u0259r.<\/p>\n<p>P\u0259nah Dada\u015fov, Namiq Camalov, Raqub \u0130sb\u0259ndiyarov, Zeyn\u0259b C\u0259f\u0259rova, \u015e\u0259fiq\u0259 Ba\u011f\u0131rova, Sa\u00e7l\u0131 H\u0259s\u0259nova, P\u0259rvin Dada\u015fov, R\u0259van\u0259 Dada\u015fova, Tahir H\u00fcseynov, G\u00fcnel H\u00fcseynova, Ad\u0259m \u0130sg\u0259nd\u0259rov v\u0259 \u018fnnab \u0130sg\u0259nd\u0259rov is\u0259 onlara yard\u0131m etm\u0259kd\u0259 g\u00fcnahland\u0131r\u0131l\u0131rlar. H\u0259min \u015f\u0259xsl\u0259rin cinay\u0259t i\u015fin\u0259 Bak\u0131 A\u011f\u0131r Cinay\u0259tl\u0259r M\u0259hk\u0259m\u0259sind\u0259 bax\u0131l\u0131b.<\/p>\n<p>Cinay\u0259t i\u015find\u0259 adlar\u0131 hallanan G.\u015e\u0259kinskaya, onun qarda\u015f\u0131 F.Yusub v\u0259 Az\u0259rbaycan Miqrasiya M\u0259rk\u0259zinin r\u0259hb\u0259ri \u018fl\u00f6vs\u0259t \u018fliyev bar\u0259sind\u0259 axtar\u0131\u015f elan olunub.<\/p>\n","protected":false},"excerpt":{"rendered":"<p>Daxili \u0130\u015fl\u0259r Nazirliyinin (D\u0130N) N\u0259qliyyatda Ba\u015f Polis \u0130dar\u0259sinin r\u0259isi, general-mayor Emin \u015e\u0259kinskinin ke\u00e7mi\u015f qayn\u0131 F\u0259rid Yusub h\u0259bs edilib. ARANTV.AZ report-a istinad\u0259n x\u0259b\u0259r verir ki, &#8220;\u0130nterpol&#8221; x\u0259tti il\u0259 beyn\u0259lxalq axtar\u0131\u015fda olan F.Yusub xarici \u00f6lk\u0259d\u0259 saxlan\u0131l\u0131b v\u0259 Az\u0259rbaycana t\u0259hvil verilib. O, Cinay\u0259t M\u0259c\u0259ll\u0259sinin 177.3.2-ci (o\u011furluq, k\u00fclli miqdarda t\u00f6r\u0259ldildikd\u0259), 320.1-ci (r\u0259smi s\u0259n\u0259dl\u0259ri, d\u00f6vl\u0259t t\u0259ltifl\u0259rini, m\u00f6h\u00fcrl\u0259ri, \u015ftamplar\u0131, blanklar\u0131 saxtala\u015fd\u0131rma, qanunsuz haz\u0131rlanma, satma v\u0259 ya saxta s\u0259n\u0259dl\u0259rd\u0259n istifad\u0259 etm\u0259) v\u0259 318.2-ci (Az\u0259rbaycan Respublikas\u0131n\u0131n d\u00f6vl\u0259t s\u0259rh\u0259dini qanunsuz ke\u00e7m\u0259) madd\u0259l\u0259ri il\u0259 ittiham olunur. Art\u0131q F.Yusubun cinay\u0259t i\u015finin ibtidai istintaq yekunla\u015f\u0131b, bax\u0131lmas\u0131 \u00fc\u00e7\u00fcn Bak\u0131 A\u011f\u0131r Cinay\u0259tl\u0259r M\u0259hk\u0259m\u0259sin\u0259 g\u00f6nd\u0259rilib.&hellip;<\/p>\n","protected":false},"author":2,"featured_media":28259,"comment_status":"closed","ping_status":"closed","sticky":false,"template":"","format":"standard","meta":{"om_disable_all_campaigns":false,"_monsterinsights_skip_tracking":false,"_monsterinsights_sitenote_active":false,"_monsterinsights_sitenote_note":"","_monsterinsights_sitenote_category":0},"categories":[1],"tags":[],"aioseo_notices":[],"gutentor_comment":0,"rttpg_featured_image_url":{"full":["https:\/\/arantv.az\/wp-content\/uploads\/2018\/12\/713808.jpg",800,600,false],"landscape":["https:\/\/arantv.az\/wp-content\/uploads\/2018\/12\/713808.jpg",800,600,false],"portraits":["https:\/\/arantv.az\/wp-content\/uploads\/2018\/12\/713808.jpg",800,600,false],"thumbnail":["https:\/\/arantv.az\/wp-content\/uploads\/2018\/12\/713808-150x150.jpg",150,150,true],"medium":["https:\/\/arantv.az\/wp-content\/uploads\/2018\/12\/713808-300x225.jpg",300,225,true],"large":["https:\/\/arantv.az\/wp-content\/uploads\/2018\/12\/713808.jpg",640,480,false],"1536x1536":["https:\/\/arantv.az\/wp-content\/uploads\/2018\/12\/713808.jpg",800,600,false],"2048x2048":["https:\/\/arantv.az\/wp-content\/uploads\/2018\/12\/713808.jpg",800,600,false],"post-thumbnail":["https:\/\/arantv.az\/wp-content\/uploads\/2018\/12\/713808-240x172.jpg",240,172,true],"advps-thumb-one":["https:\/\/arantv.az\/wp-content\/uploads\/2018\/12\/713808.jpg",800,600,false]},"rttpg_author":{"display_name":"V\u00fcsal Rafiqo\u011flu","author_link":"https:\/\/arantv.az\/?author=2"},"rttpg_comment":0,"rttpg_category":"<a href=\"https:\/\/arantv.az\/?cat=1\" rel=\"category\">C\u0259miyy\u0259t<\/a>","rttpg_excerpt":"Daxili \u0130\u015fl\u0259r Nazirliyinin (D\u0130N) N\u0259qliyyatda Ba\u015f Polis \u0130dar\u0259sinin r\u0259isi, general-mayor Emin \u015e\u0259kinskinin ke\u00e7mi\u015f qayn\u0131 F\u0259rid Yusub h\u0259bs edilib. ARANTV.AZ report-a istinad\u0259n x\u0259b\u0259r verir ki, &#8220;\u0130nterpol&#8221; x\u0259tti il\u0259 beyn\u0259lxalq axtar\u0131\u015fda olan F.Yusub xarici \u00f6lk\u0259d\u0259 saxlan\u0131l\u0131b v\u0259 Az\u0259rbaycana t\u0259hvil verilib. O, Cinay\u0259t M\u0259c\u0259ll\u0259sinin 177.3.2-ci (o\u011furluq, k\u00fclli miqdarda t\u00f6r\u0259ldildikd\u0259), 320.1-ci (r\u0259smi s\u0259n\u0259dl\u0259ri, d\u00f6vl\u0259t t\u0259ltifl\u0259rini, m\u00f6h\u00fcrl\u0259ri, \u015ftamplar\u0131, blanklar\u0131 saxtala\u015fd\u0131rma,&hellip;","_links":{"self":[{"href":"https:\/\/arantv.az\/index.php?rest_route=\/wp\/v2\/posts\/28258"}],"collection":[{"href":"https:\/\/arantv.az\/index.php?rest_route=\/wp\/v2\/posts"}],"about":[{"href":"https:\/\/arantv.az\/index.php?rest_route=\/wp\/v2\/types\/post"}],"author":[{"embeddable":true,"href":"https:\/\/arantv.az\/index.php?rest_route=\/wp\/v2\/users\/2"}],"replies":[{"embeddable":true,"href":"https:\/\/arantv.az\/index.php?rest_route=%2Fwp%2Fv2%2Fcomments&post=28258"}],"version-history":[{"count":0,"href":"https:\/\/arantv.az\/index.php?rest_route=\/wp\/v2\/posts\/28258\/revisions"}],"wp:featuredmedia":[{"embeddable":true,"href":"https:\/\/arantv.az\/index.php?rest_route=\/wp\/v2\/media\/28259"}],"wp:attachment":[{"href":"https:\/\/arantv.az\/index.php?rest_route=%2Fwp%2Fv2%2Fmedia&parent=28258"}],"wp:term":[{"taxonomy":"category","embeddable":true,"href":"https:\/\/arantv.az\/index.php?rest_route=%2Fwp%2Fv2%2Fcategories&post=28258"},{"taxonomy":"post_tag","embeddable":true,"href":"https:\/\/arantv.az\/index.php?rest_route=%2Fwp%2Fv2%2Ftags&post=28258"}],"curies":[{"name":"wp","href":"https:\/\/api.w.org\/{rel}","templated":true}]}}