{"id":28267,"date":"2018-12-19T09:01:35","date_gmt":"2018-12-19T06:01:35","guid":{"rendered":"http:\/\/arantv.az\/?p=28267"},"modified":"2018-12-19T09:01:35","modified_gmt":"2018-12-19T06:01:35","slug":"prosinecki-az%c9%99rbaycan-millisin%c9%99-qayidir","status":"publish","type":"post","link":"https:\/\/arantv.az\/?p=28267","title":{"rendered":"Prosine\u00e7ki Az\u0259rbaycan millisin\u0259 qay\u0131d\u0131r?"},"content":{"rendered":"<p>Az\u0259rbaycan millisinin yeni ba\u015f m\u0259\u015fq\u00e7isi y\u0131\u011fmam\u0131z\u0131n sabiq \u00e7al\u0131\u015fd\u0131r\u0131c\u0131s\u0131\u00a0<strong>Robert Prosine\u00e7ki<\/strong>\u00a0ola bil\u0259r.<\/p>\n<p><b>ARANTV.AZ\u00a0<\/b>Azerfootball.com sayt\u0131na istinad\u0259n x\u0259b\u0259r verir ki, haz\u0131rda Bosniya v\u0259 Herseqovina millisinin ba\u015f m\u0259\u015fq\u00e7isi olan xorvat m\u00fct\u0259x\u0259ssisl\u0259 AFFA r\u0259hb\u0259rliyi yax\u0131nlarda Prosine\u00e7ki \u0259laq\u0259 saxlay\u0131b.<\/p>\n<p>O, Az\u0259rbaycana qay\u0131tma\u011f\u0131 istisna etm\u0259s\u0259 d\u0259, d\u00fc\u015f\u00fcnm\u0259k \u00fc\u00e7\u00fcn vaxt ist\u0259yib. Bununla ba\u011fl\u0131 yekun q\u0259rar\u0131n ilin sonunad\u0259k m\u00fc\u0259yy\u0259nl\u0259\u015f\u0259c\u0259yi g\u00f6zl\u0259nilir.<\/p>\n<div id=\"AdributorNativeVideo0\" class=\"AdributorNativeVideo\"><\/div>\n<p>Bu m\u0259s\u0259l\u0259 il\u0259 ba\u011fl\u0131 AFFA M\u0259\u015fq\u00e7il\u0259r Komit\u0259sinin s\u0259dri\u00a0<strong>Vaqif Sad\u0131qov<\/strong>un fikirl\u0259rini \u00f6yr\u0259ndik. O, Prosine\u00e7kinin namiz\u0259dl\u0259r aras\u0131nda olmas\u0131ndan x\u0259b\u0259rsiz oldu\u011funu bildirib:<\/p>\n<p>\u201cHe\u00e7 biz \u00f6z\u00fcm\u00fcz siyah\u0131da hans\u0131 m\u0259\u015fq\u00e7il\u0259rin adlar\u0131n\u0131n oldu\u011funu bilmirik. Biz\u0259 deyilib ki, siyah\u0131 b\u00f6y\u00fckd\u00fcr v\u0259 o, q\u0131sald\u0131qdan sonra biz\u0259 t\u0259qdim edil\u0259c\u0259k. Bundan sonra biz \u2013 M\u0259\u015fq\u00e7il\u0259r Komit\u0259si h\u0259min namiz\u0259dl\u0259r i\u00e7\u0259risind\u0259n hans\u0131n\u0131n millimiz \u00fc\u00e7\u00fcn faydal\u0131 olaca\u011f\u0131na dair fikrimizi bildir\u0259c\u0259yik v\u0259 bunu AFFA \u0130craiyy\u0259 Komit\u0259sin\u0259 t\u00f6vsiy\u0259 kimi bildir\u0259c\u0259yik\u201d.<\/p>\n<p>Qeyd ed\u0259k ki, Robert Prosine\u00e7kinin Bosniya v\u0259 Herseqovinadak\u0131 illik g\u0259liri Az\u0259rbaycanda qazand\u0131\u011f\u0131ndan 3-4 d\u0259f\u0259 azd\u0131r.<\/p>\n","protected":false},"excerpt":{"rendered":"<p>Az\u0259rbaycan millisinin yeni ba\u015f m\u0259\u015fq\u00e7isi y\u0131\u011fmam\u0131z\u0131n sabiq \u00e7al\u0131\u015fd\u0131r\u0131c\u0131s\u0131\u00a0Robert Prosine\u00e7ki\u00a0ola bil\u0259r. ARANTV.AZ\u00a0Azerfootball.com sayt\u0131na istinad\u0259n x\u0259b\u0259r verir ki, haz\u0131rda Bosniya v\u0259 Herseqovina millisinin ba\u015f m\u0259\u015fq\u00e7isi olan xorvat m\u00fct\u0259x\u0259ssisl\u0259 AFFA r\u0259hb\u0259rliyi yax\u0131nlarda Prosine\u00e7ki \u0259laq\u0259 saxlay\u0131b. O, Az\u0259rbaycana qay\u0131tma\u011f\u0131 istisna etm\u0259s\u0259 d\u0259, d\u00fc\u015f\u00fcnm\u0259k \u00fc\u00e7\u00fcn vaxt ist\u0259yib. Bununla ba\u011fl\u0131 yekun q\u0259rar\u0131n ilin sonunad\u0259k m\u00fc\u0259yy\u0259nl\u0259\u015f\u0259c\u0259yi g\u00f6zl\u0259nilir. Bu m\u0259s\u0259l\u0259 il\u0259 ba\u011fl\u0131 AFFA M\u0259\u015fq\u00e7il\u0259r Komit\u0259sinin s\u0259dri\u00a0Vaqif Sad\u0131qovun fikirl\u0259rini \u00f6yr\u0259ndik. O, Prosine\u00e7kinin namiz\u0259dl\u0259r aras\u0131nda olmas\u0131ndan x\u0259b\u0259rsiz oldu\u011funu bildirib: \u201cHe\u00e7 biz \u00f6z\u00fcm\u00fcz siyah\u0131da hans\u0131 m\u0259\u015fq\u00e7il\u0259rin adlar\u0131n\u0131n oldu\u011funu bilmirik. Biz\u0259 deyilib ki, siyah\u0131 b\u00f6y\u00fckd\u00fcr v\u0259 o, q\u0131sald\u0131qdan sonra biz\u0259 t\u0259qdim edil\u0259c\u0259k.&hellip;<\/p>\n","protected":false},"author":2,"featured_media":28268,"comment_status":"closed","ping_status":"closed","sticky":false,"template":"","format":"standard","meta":{"om_disable_all_campaigns":false,"_monsterinsights_skip_tracking":false,"_monsterinsights_sitenote_active":false,"_monsterinsights_sitenote_note":"","_monsterinsights_sitenote_category":0},"categories":[6],"tags":[],"aioseo_notices":[],"gutentor_comment":0,"rttpg_featured_image_url":{"full":["https:\/\/arantv.az\/wp-content\/uploads\/2018\/12\/2239286-46684515-2560-1440.jpg",620,348,false],"landscape":["https:\/\/arantv.az\/wp-content\/uploads\/2018\/12\/2239286-46684515-2560-1440.jpg",620,348,false],"portraits":["https:\/\/arantv.az\/wp-content\/uploads\/2018\/12\/2239286-46684515-2560-1440.jpg",620,348,false],"thumbnail":["https:\/\/arantv.az\/wp-content\/uploads\/2018\/12\/2239286-46684515-2560-1440-150x150.jpg",150,150,true],"medium":["https:\/\/arantv.az\/wp-content\/uploads\/2018\/12\/2239286-46684515-2560-1440-300x168.jpg",300,168,true],"large":["https:\/\/arantv.az\/wp-content\/uploads\/2018\/12\/2239286-46684515-2560-1440.jpg",620,348,false],"1536x1536":["https:\/\/arantv.az\/wp-content\/uploads\/2018\/12\/2239286-46684515-2560-1440.jpg",620,348,false],"2048x2048":["https:\/\/arantv.az\/wp-content\/uploads\/2018\/12\/2239286-46684515-2560-1440.jpg",620,348,false],"post-thumbnail":["https:\/\/arantv.az\/wp-content\/uploads\/2018\/12\/2239286-46684515-2560-1440-240x172.jpg",240,172,true],"advps-thumb-one":["https:\/\/arantv.az\/wp-content\/uploads\/2018\/12\/2239286-46684515-2560-1440.jpg",620,348,false]},"rttpg_author":{"display_name":"V\u00fcsal Rafiqo\u011flu","author_link":"https:\/\/arantv.az\/?author=2"},"rttpg_comment":0,"rttpg_category":"<a href=\"https:\/\/arantv.az\/?cat=6\" rel=\"category\">\u0130dman<\/a>","rttpg_excerpt":"Az\u0259rbaycan millisinin yeni ba\u015f m\u0259\u015fq\u00e7isi y\u0131\u011fmam\u0131z\u0131n sabiq \u00e7al\u0131\u015fd\u0131r\u0131c\u0131s\u0131\u00a0Robert Prosine\u00e7ki\u00a0ola bil\u0259r. ARANTV.AZ\u00a0Azerfootball.com sayt\u0131na istinad\u0259n x\u0259b\u0259r verir ki, haz\u0131rda Bosniya v\u0259 Herseqovina millisinin ba\u015f m\u0259\u015fq\u00e7isi olan xorvat m\u00fct\u0259x\u0259ssisl\u0259 AFFA r\u0259hb\u0259rliyi yax\u0131nlarda Prosine\u00e7ki \u0259laq\u0259 saxlay\u0131b. O, Az\u0259rbaycana qay\u0131tma\u011f\u0131 istisna etm\u0259s\u0259 d\u0259, d\u00fc\u015f\u00fcnm\u0259k \u00fc\u00e7\u00fcn vaxt ist\u0259yib. Bununla ba\u011fl\u0131 yekun q\u0259rar\u0131n ilin sonunad\u0259k m\u00fc\u0259yy\u0259nl\u0259\u015f\u0259c\u0259yi g\u00f6zl\u0259nilir. Bu m\u0259s\u0259l\u0259 il\u0259 ba\u011fl\u0131 AFFA&hellip;","_links":{"self":[{"href":"https:\/\/arantv.az\/index.php?rest_route=\/wp\/v2\/posts\/28267"}],"collection":[{"href":"https:\/\/arantv.az\/index.php?rest_route=\/wp\/v2\/posts"}],"about":[{"href":"https:\/\/arantv.az\/index.php?rest_route=\/wp\/v2\/types\/post"}],"author":[{"embeddable":true,"href":"https:\/\/arantv.az\/index.php?rest_route=\/wp\/v2\/users\/2"}],"replies":[{"embeddable":true,"href":"https:\/\/arantv.az\/index.php?rest_route=%2Fwp%2Fv2%2Fcomments&post=28267"}],"version-history":[{"count":0,"href":"https:\/\/arantv.az\/index.php?rest_route=\/wp\/v2\/posts\/28267\/revisions"}],"wp:featuredmedia":[{"embeddable":true,"href":"https:\/\/arantv.az\/index.php?rest_route=\/wp\/v2\/media\/28268"}],"wp:attachment":[{"href":"https:\/\/arantv.az\/index.php?rest_route=%2Fwp%2Fv2%2Fmedia&parent=28267"}],"wp:term":[{"taxonomy":"category","embeddable":true,"href":"https:\/\/arantv.az\/index.php?rest_route=%2Fwp%2Fv2%2Fcategories&post=28267"},{"taxonomy":"post_tag","embeddable":true,"href":"https:\/\/arantv.az\/index.php?rest_route=%2Fwp%2Fv2%2Ftags&post=28267"}],"curies":[{"name":"wp","href":"https:\/\/api.w.org\/{rel}","templated":true}]}}