{"id":28283,"date":"2018-12-19T10:07:09","date_gmt":"2018-12-19T07:07:09","guid":{"rendered":"http:\/\/arantv.az\/?p=28283"},"modified":"2018-12-19T10:07:09","modified_gmt":"2018-12-19T07:07:09","slug":"az%c9%99rbaycanda-avtomatlasdirilmis-bank-yaradilacaq","status":"publish","type":"post","link":"https:\/\/arantv.az\/?p=28283","title":{"rendered":"Az\u0259rbaycanda avtomatla\u015fd\u0131r\u0131lm\u0131\u015f bank yarad\u0131lacaq"},"content":{"rendered":"<blockquote><p><em><strong>Az\u0259rbaycanda vakansiyalar \u00fczr\u0259 avtomatla\u015fd\u0131r\u0131lm\u0131\u015f bank yarad\u0131lacaq.<\/strong><\/em><\/p><\/blockquote>\n<p><strong>ARANTV.AZ<\/strong> trend-\u0259 istinad\u0259n x\u0259b\u0259r verir ki, bunu \u0259m\u0259k v\u0259 \u0259halinin sosial m\u00fcdafi\u0259si naziri Sahil Babayev Az\u0259rbaycanda insan kapital\u0131 \u00fczr\u0259 forumda deyib.<\/p>\n<p>\u00d6lk\u0259d\u0259 \u0259m\u0259k bazar\u0131n\u0131n inki\u015faf\u0131 v\u0259 \u0259halinin m\u0259\u015f\u011fullu\u011funun t\u0259min edilm\u0259sini n\u0259z\u0259rd\u0259 tutan dig\u0259r t\u0259dbirl\u0259r\u0259 g\u0259linc\u0259, nazir \u0259m\u0259k bazar\u0131 \u00fczr\u0259 Milli Observatoriyan\u0131n yarad\u0131lmas\u0131n\u0131 qeyd edib:<\/p>\n<p>&#8220;Bu qurum \u0259m\u0259k bazar\u0131nda t\u0259l\u0259b v\u0259 t\u0259klifl\u0259ri proqnozla\u015fd\u0131rma\u011fa v\u0259 m\u00f6vcud \u0259m\u0259k resurslar\u0131n\u0131 t\u0259hlil etm\u0259y\u0259 imkan ver\u0259c\u0259k, yeni i\u015f yerl\u0259rinin yaras\u0131lmas\u0131n\u0131 stimulla\u015fd\u0131racaq&#8221;.<\/p>\n<p>S.Babayev qeyd edib ki, insan kapital\u0131na investisiyalar \u00f6lk\u0259 iqtisadiyyat\u0131n\u0131n davaml\u0131 inki\u015faf\u0131 \u00fc\u00e7\u00fcn \u0259sas \u015f\u0259rtdir.<\/p>\n","protected":false},"excerpt":{"rendered":"<p>Az\u0259rbaycanda vakansiyalar \u00fczr\u0259 avtomatla\u015fd\u0131r\u0131lm\u0131\u015f bank yarad\u0131lacaq. ARANTV.AZ trend-\u0259 istinad\u0259n x\u0259b\u0259r verir ki, bunu \u0259m\u0259k v\u0259 \u0259halinin sosial m\u00fcdafi\u0259si naziri Sahil Babayev Az\u0259rbaycanda insan kapital\u0131 \u00fczr\u0259 forumda deyib. \u00d6lk\u0259d\u0259 \u0259m\u0259k bazar\u0131n\u0131n inki\u015faf\u0131 v\u0259 \u0259halinin m\u0259\u015f\u011fullu\u011funun t\u0259min edilm\u0259sini n\u0259z\u0259rd\u0259 tutan dig\u0259r t\u0259dbirl\u0259r\u0259 g\u0259linc\u0259, nazir \u0259m\u0259k bazar\u0131 \u00fczr\u0259 Milli Observatoriyan\u0131n yarad\u0131lmas\u0131n\u0131 qeyd edib: &#8220;Bu qurum \u0259m\u0259k bazar\u0131nda t\u0259l\u0259b v\u0259 t\u0259klifl\u0259ri proqnozla\u015fd\u0131rma\u011fa v\u0259 m\u00f6vcud \u0259m\u0259k resurslar\u0131n\u0131 t\u0259hlil etm\u0259y\u0259 imkan ver\u0259c\u0259k, yeni i\u015f yerl\u0259rinin yaras\u0131lmas\u0131n\u0131 stimulla\u015fd\u0131racaq&#8221;. S.Babayev qeyd edib ki, insan kapital\u0131na investisiyalar \u00f6lk\u0259 iqtisadiyyat\u0131n\u0131n davaml\u0131 inki\u015faf\u0131 \u00fc\u00e7\u00fcn \u0259sas \u015f\u0259rtdir.<\/p>\n","protected":false},"author":2,"featured_media":28284,"comment_status":"closed","ping_status":"closed","sticky":false,"template":"","format":"standard","meta":{"om_disable_all_campaigns":false,"_monsterinsights_skip_tracking":false,"_monsterinsights_sitenote_active":false,"_monsterinsights_sitenote_note":"","_monsterinsights_sitenote_category":0},"categories":[1],"tags":[],"aioseo_notices":[],"gutentor_comment":0,"rttpg_featured_image_url":{"full":["https:\/\/arantv.az\/wp-content\/uploads\/2018\/12\/sahil_babayev_0241.jpg",800,600,false],"landscape":["https:\/\/arantv.az\/wp-content\/uploads\/2018\/12\/sahil_babayev_0241.jpg",800,600,false],"portraits":["https:\/\/arantv.az\/wp-content\/uploads\/2018\/12\/sahil_babayev_0241.jpg",800,600,false],"thumbnail":["https:\/\/arantv.az\/wp-content\/uploads\/2018\/12\/sahil_babayev_0241-150x150.jpg",150,150,true],"medium":["https:\/\/arantv.az\/wp-content\/uploads\/2018\/12\/sahil_babayev_0241-300x225.jpg",300,225,true],"large":["https:\/\/arantv.az\/wp-content\/uploads\/2018\/12\/sahil_babayev_0241.jpg",640,480,false],"1536x1536":["https:\/\/arantv.az\/wp-content\/uploads\/2018\/12\/sahil_babayev_0241.jpg",800,600,false],"2048x2048":["https:\/\/arantv.az\/wp-content\/uploads\/2018\/12\/sahil_babayev_0241.jpg",800,600,false],"post-thumbnail":["https:\/\/arantv.az\/wp-content\/uploads\/2018\/12\/sahil_babayev_0241-240x172.jpg",240,172,true],"advps-thumb-one":["https:\/\/arantv.az\/wp-content\/uploads\/2018\/12\/sahil_babayev_0241.jpg",800,600,false]},"rttpg_author":{"display_name":"V\u00fcsal Rafiqo\u011flu","author_link":"https:\/\/arantv.az\/?author=2"},"rttpg_comment":0,"rttpg_category":"<a href=\"https:\/\/arantv.az\/?cat=1\" rel=\"category\">C\u0259miyy\u0259t<\/a>","rttpg_excerpt":"Az\u0259rbaycanda vakansiyalar \u00fczr\u0259 avtomatla\u015fd\u0131r\u0131lm\u0131\u015f bank yarad\u0131lacaq. ARANTV.AZ trend-\u0259 istinad\u0259n x\u0259b\u0259r verir ki, bunu \u0259m\u0259k v\u0259 \u0259halinin sosial m\u00fcdafi\u0259si naziri Sahil Babayev Az\u0259rbaycanda insan kapital\u0131 \u00fczr\u0259 forumda deyib. \u00d6lk\u0259d\u0259 \u0259m\u0259k bazar\u0131n\u0131n inki\u015faf\u0131 v\u0259 \u0259halinin m\u0259\u015f\u011fullu\u011funun t\u0259min edilm\u0259sini n\u0259z\u0259rd\u0259 tutan dig\u0259r t\u0259dbirl\u0259r\u0259 g\u0259linc\u0259, nazir \u0259m\u0259k bazar\u0131 \u00fczr\u0259 Milli Observatoriyan\u0131n yarad\u0131lmas\u0131n\u0131 qeyd edib: &#8220;Bu qurum \u0259m\u0259k bazar\u0131nda t\u0259l\u0259b&hellip;","_links":{"self":[{"href":"https:\/\/arantv.az\/index.php?rest_route=\/wp\/v2\/posts\/28283"}],"collection":[{"href":"https:\/\/arantv.az\/index.php?rest_route=\/wp\/v2\/posts"}],"about":[{"href":"https:\/\/arantv.az\/index.php?rest_route=\/wp\/v2\/types\/post"}],"author":[{"embeddable":true,"href":"https:\/\/arantv.az\/index.php?rest_route=\/wp\/v2\/users\/2"}],"replies":[{"embeddable":true,"href":"https:\/\/arantv.az\/index.php?rest_route=%2Fwp%2Fv2%2Fcomments&post=28283"}],"version-history":[{"count":0,"href":"https:\/\/arantv.az\/index.php?rest_route=\/wp\/v2\/posts\/28283\/revisions"}],"wp:featuredmedia":[{"embeddable":true,"href":"https:\/\/arantv.az\/index.php?rest_route=\/wp\/v2\/media\/28284"}],"wp:attachment":[{"href":"https:\/\/arantv.az\/index.php?rest_route=%2Fwp%2Fv2%2Fmedia&parent=28283"}],"wp:term":[{"taxonomy":"category","embeddable":true,"href":"https:\/\/arantv.az\/index.php?rest_route=%2Fwp%2Fv2%2Fcategories&post=28283"},{"taxonomy":"post_tag","embeddable":true,"href":"https:\/\/arantv.az\/index.php?rest_route=%2Fwp%2Fv2%2Ftags&post=28283"}],"curies":[{"name":"wp","href":"https:\/\/api.w.org\/{rel}","templated":true}]}}