{"id":28286,"date":"2018-12-19T10:09:04","date_gmt":"2018-12-19T07:09:04","guid":{"rendered":"http:\/\/arantv.az\/?p=28286"},"modified":"2018-12-19T10:09:04","modified_gmt":"2018-12-19T07:09:04","slug":"g%c9%99l%c9%99n-il-keciril%c9%99c%c9%99k-b%c9%99zi-imtahanlarin-tarixl%c9%99ri-aciqlanib","status":"publish","type":"post","link":"https:\/\/arantv.az\/?p=28286","title":{"rendered":"G\u0259l\u0259n il ke\u00e7iril\u0259c\u0259k b\u0259zi imtahanlar\u0131n tarixl\u0259ri a\u00e7\u0131qlan\u0131b"},"content":{"rendered":"<p><strong>ARANTV.AZ<\/strong> x\u0259b\u0259r verir ki, 2019-cu ild\u0259 ke\u00e7iril\u0259c\u0259k magistratura, rezidentura v\u0259 d\u00f6vl\u0259t qullu\u011funa q\u0259bul, el\u0259c\u0259 d\u0259 s\u0131naq imtahanlar\u0131n\u0131n tarixl\u0259ri m\u00fc\u0259yy\u0259nl\u0259\u015fib. G\u0259l\u0259n il magistraturaya q\u0259bul imtahan\u0131n\u0131n I m\u0259rh\u0259l\u0259si fevral\u0131n 24-d\u0259, II m\u0259rh\u0259l\u0259si may\u0131n 26-da ke\u00e7iril\u0259c\u0259k. Fevral\u0131n 3-d\u0259 magistraturaya q\u0259bul olmaq ist\u0259y\u0259nl\u0259r \u00fc\u00e7\u00fcn imtahan\u0131n I m\u0259rh\u0259l\u0259si \u00fczr\u0259 s\u0131naq imtahan\u0131 t\u0259\u015fkil edil\u0259c\u0259k. Rezidenturaya q\u0259bul imtahanlar\u0131n\u0131n vaxt\u0131na g\u0259linc\u0259, I m\u0259rh\u0259l\u0259 mart\u0131n 31-d\u0259, II m\u0259rh\u0259l\u0259si is\u0259 iyulun 14-d\u0259 olacaq. Fevral\u0131n 10-da bakalavriat s\u0259viyy\u0259sin\u0259 q\u0259bul \u00fczr\u0259 s\u0131naq imtahan\u0131n\u0131n ke\u00e7irilm\u0259si n\u0259z\u0259rd\u0259 tutulur. Bak\u0131 \u015f\u0259h\u0259ri v\u0259 b\u00f6lg\u0259l\u0259r \u00fczr\u0259 9 illik t\u0259hsil bazas\u0131nda burax\u0131l\u0131\u015f imtahanlar\u0131n\u0131n birinci m\u0259rh\u0259l\u0259si martda, 11 illik t\u0259hsil bazas\u0131nda is\u0259 apreld\u0259 t\u0259\u015fkil edil\u0259c\u0259k. Ali t\u0259hsil m\u00fc\u0259ssis\u0259l\u0259rin\u0259 v\u0259 kollecl\u0259r\u0259 q\u0259bul olmaq ist\u0259y\u0259n \u0259vv\u0259lki ill\u0259rin m\u0259zunlar\u0131 \u00fc\u00e7\u00fcn burax\u0131l\u0131\u015f imtahan\u0131 qaydas\u0131nda ke\u00e7iril\u0259n q\u0259bul imtahan\u0131 da apreld\u0259 olacaq. D\u00f6vl\u0259t qullu\u011funa q\u0259bul \u00fc\u00e7\u00fcn yeni ilin ilk imtahanlar\u0131 26 yanvar v\u0259 17 fevral tarixl\u0259rind\u0259 n\u0259z\u0259rd\u0259 tutulur. D\u00f6vl\u0259t qullu\u011funa q\u0259bul imtahanlar\u0131 h\u0259r ay ke\u00e7irilir. D\u00f6vl\u0259t \u0130mtahan M\u0259rk\u0259zi t\u0259r\u0259find\u0259n ke\u00e7iril\u0259n imtahanlar k\u00fctl\u0259vi xarakter da\u015f\u0131d\u0131\u011f\u0131 \u00fc\u00e7\u00fcn t\u0259dbirl\u0259rin qrafiki bir ne\u00e7\u0259 d\u00f6vl\u0259t orqan\u0131 il\u0259 birg\u0259 m\u00fczakir\u0259 olunur, raz\u0131la\u015fd\u0131r\u0131l\u0131r v\u0259 yekun q\u0259rar verildikd\u0259n sonra elan edilir. Dig\u0259r imtahanlar\u0131n da qrafiki m\u00fc\u0259yy\u0259nl\u0259\u015f\u0259nd\u0259n sonra ictimaiyy\u0259t\u0259 a\u00e7\u0131qlama veril\u0259c\u0259k.<\/p>\n","protected":false},"excerpt":{"rendered":"<p>ARANTV.AZ x\u0259b\u0259r verir ki, 2019-cu ild\u0259 ke\u00e7iril\u0259c\u0259k magistratura, rezidentura v\u0259 d\u00f6vl\u0259t qullu\u011funa q\u0259bul, el\u0259c\u0259 d\u0259 s\u0131naq imtahanlar\u0131n\u0131n tarixl\u0259ri m\u00fc\u0259yy\u0259nl\u0259\u015fib. G\u0259l\u0259n il magistraturaya q\u0259bul imtahan\u0131n\u0131n I m\u0259rh\u0259l\u0259si fevral\u0131n 24-d\u0259, II m\u0259rh\u0259l\u0259si may\u0131n 26-da ke\u00e7iril\u0259c\u0259k. Fevral\u0131n 3-d\u0259 magistraturaya q\u0259bul olmaq ist\u0259y\u0259nl\u0259r \u00fc\u00e7\u00fcn imtahan\u0131n I m\u0259rh\u0259l\u0259si \u00fczr\u0259 s\u0131naq imtahan\u0131 t\u0259\u015fkil edil\u0259c\u0259k. Rezidenturaya q\u0259bul imtahanlar\u0131n\u0131n vaxt\u0131na g\u0259linc\u0259, I m\u0259rh\u0259l\u0259 mart\u0131n 31-d\u0259, II m\u0259rh\u0259l\u0259si is\u0259 iyulun 14-d\u0259 olacaq. Fevral\u0131n 10-da bakalavriat s\u0259viyy\u0259sin\u0259 q\u0259bul \u00fczr\u0259 s\u0131naq imtahan\u0131n\u0131n ke\u00e7irilm\u0259si n\u0259z\u0259rd\u0259 tutulur. Bak\u0131 \u015f\u0259h\u0259ri v\u0259 b\u00f6lg\u0259l\u0259r \u00fczr\u0259 9 illik t\u0259hsil bazas\u0131nda burax\u0131l\u0131\u015f imtahanlar\u0131n\u0131n birinci m\u0259rh\u0259l\u0259si martda, 11 illik&hellip;<\/p>\n","protected":false},"author":2,"featured_media":28287,"comment_status":"closed","ping_status":"closed","sticky":false,"template":"","format":"standard","meta":{"om_disable_all_campaigns":false,"_monsterinsights_skip_tracking":false,"_monsterinsights_sitenote_active":false,"_monsterinsights_sitenote_note":"","_monsterinsights_sitenote_category":0},"categories":[1],"tags":[],"aioseo_notices":[],"gutentor_comment":0,"rttpg_featured_image_url":{"full":["https:\/\/arantv.az\/wp-content\/uploads\/2018\/12\/i2olg7hg4he7pivgc79b3cd112dim.jpg",1000,631,false],"landscape":["https:\/\/arantv.az\/wp-content\/uploads\/2018\/12\/i2olg7hg4he7pivgc79b3cd112dim.jpg",1000,631,false],"portraits":["https:\/\/arantv.az\/wp-content\/uploads\/2018\/12\/i2olg7hg4he7pivgc79b3cd112dim.jpg",1000,631,false],"thumbnail":["https:\/\/arantv.az\/wp-content\/uploads\/2018\/12\/i2olg7hg4he7pivgc79b3cd112dim-150x150.jpg",150,150,true],"medium":["https:\/\/arantv.az\/wp-content\/uploads\/2018\/12\/i2olg7hg4he7pivgc79b3cd112dim-300x189.jpg",300,189,true],"large":["https:\/\/arantv.az\/wp-content\/uploads\/2018\/12\/i2olg7hg4he7pivgc79b3cd112dim.jpg",640,404,false],"1536x1536":["https:\/\/arantv.az\/wp-content\/uploads\/2018\/12\/i2olg7hg4he7pivgc79b3cd112dim.jpg",1000,631,false],"2048x2048":["https:\/\/arantv.az\/wp-content\/uploads\/2018\/12\/i2olg7hg4he7pivgc79b3cd112dim.jpg",1000,631,false],"post-thumbnail":["https:\/\/arantv.az\/wp-content\/uploads\/2018\/12\/i2olg7hg4he7pivgc79b3cd112dim-240x172.jpg",240,172,true],"advps-thumb-one":["https:\/\/arantv.az\/wp-content\/uploads\/2018\/12\/i2olg7hg4he7pivgc79b3cd112dim-1000x620.jpg",1000,620,true]},"rttpg_author":{"display_name":"V\u00fcsal Rafiqo\u011flu","author_link":"https:\/\/arantv.az\/?author=2"},"rttpg_comment":0,"rttpg_category":"<a href=\"https:\/\/arantv.az\/?cat=1\" rel=\"category\">C\u0259miyy\u0259t<\/a>","rttpg_excerpt":"ARANTV.AZ x\u0259b\u0259r verir ki, 2019-cu ild\u0259 ke\u00e7iril\u0259c\u0259k magistratura, rezidentura v\u0259 d\u00f6vl\u0259t qullu\u011funa q\u0259bul, el\u0259c\u0259 d\u0259 s\u0131naq imtahanlar\u0131n\u0131n tarixl\u0259ri m\u00fc\u0259yy\u0259nl\u0259\u015fib. G\u0259l\u0259n il magistraturaya q\u0259bul imtahan\u0131n\u0131n I m\u0259rh\u0259l\u0259si fevral\u0131n 24-d\u0259, II m\u0259rh\u0259l\u0259si may\u0131n 26-da ke\u00e7iril\u0259c\u0259k. Fevral\u0131n 3-d\u0259 magistraturaya q\u0259bul olmaq ist\u0259y\u0259nl\u0259r \u00fc\u00e7\u00fcn imtahan\u0131n I m\u0259rh\u0259l\u0259si \u00fczr\u0259 s\u0131naq imtahan\u0131 t\u0259\u015fkil edil\u0259c\u0259k. Rezidenturaya q\u0259bul imtahanlar\u0131n\u0131n vaxt\u0131na g\u0259linc\u0259, I m\u0259rh\u0259l\u0259&hellip;","_links":{"self":[{"href":"https:\/\/arantv.az\/index.php?rest_route=\/wp\/v2\/posts\/28286"}],"collection":[{"href":"https:\/\/arantv.az\/index.php?rest_route=\/wp\/v2\/posts"}],"about":[{"href":"https:\/\/arantv.az\/index.php?rest_route=\/wp\/v2\/types\/post"}],"author":[{"embeddable":true,"href":"https:\/\/arantv.az\/index.php?rest_route=\/wp\/v2\/users\/2"}],"replies":[{"embeddable":true,"href":"https:\/\/arantv.az\/index.php?rest_route=%2Fwp%2Fv2%2Fcomments&post=28286"}],"version-history":[{"count":0,"href":"https:\/\/arantv.az\/index.php?rest_route=\/wp\/v2\/posts\/28286\/revisions"}],"wp:featuredmedia":[{"embeddable":true,"href":"https:\/\/arantv.az\/index.php?rest_route=\/wp\/v2\/media\/28287"}],"wp:attachment":[{"href":"https:\/\/arantv.az\/index.php?rest_route=%2Fwp%2Fv2%2Fmedia&parent=28286"}],"wp:term":[{"taxonomy":"category","embeddable":true,"href":"https:\/\/arantv.az\/index.php?rest_route=%2Fwp%2Fv2%2Fcategories&post=28286"},{"taxonomy":"post_tag","embeddable":true,"href":"https:\/\/arantv.az\/index.php?rest_route=%2Fwp%2Fv2%2Ftags&post=28286"}],"curies":[{"name":"wp","href":"https:\/\/api.w.org\/{rel}","templated":true}]}}