{"id":28289,"date":"2018-12-19T10:10:02","date_gmt":"2018-12-19T07:10:02","guid":{"rendered":"http:\/\/arantv.az\/?p=28289"},"modified":"2018-12-19T10:10:02","modified_gmt":"2018-12-19T07:10:02","slug":"cenevr%c9%99d%c9%99-az%c9%99rbaycanin-innovativ-v%c9%99-yuks%c9%99k-texnologiyalar-uzr%c9%99-startaplarina-h%c9%99sr-olunan-t%c9%99dbir-kecirilib","status":"publish","type":"post","link":"https:\/\/arantv.az\/?p=28289","title":{"rendered":"Cenevr\u0259d\u0259 Az\u0259rbaycan\u0131n innovativ v\u0259 y\u00fcks\u0259k texnologiyalar \u00fczr\u0259 startaplar\u0131na h\u0259sr olunan t\u0259dbir ke\u00e7irilib"},"content":{"rendered":"<p><strong>ARANTV.AZ<\/strong> x\u0259b\u0259r verir ki, dekabr\u0131n 18-d\u0259 \u0130sve\u00e7r\u0259nin Cenevr\u0259 \u015f\u0259h\u0259rind\u0259 \u00dcmumd\u00fcnya \u018fqli M\u00fclkiyy\u0259t T\u0259\u015fkilat\u0131n\u0131n (\u00dc\u018fMT) ba\u015f q\u0259rargah\u0131nda Az\u0259rbaycan Xalq C\u00fcmhuriyy\u0259tinin 100 illiyi m\u00fcnasib\u0259til\u0259 Az\u0259rbaycan\u0131n innovativ v\u0259 y\u00fcks\u0259k texnologiyal\u0131 startaplar\u0131na h\u0259sr olunan t\u0259dbir ke\u00e7irilib.<\/p>\n<p>T\u0259dbirin ilk hiss\u0259sind\u0259 innovativ v\u0259 y\u00fcks\u0259k texnologiyal\u0131 startaplara h\u0259sr edilmi\u015f s\u0259rginin r\u0259smi a\u00e7\u0131l\u0131\u015f\u0131 olub. Az\u0259rbaycan Respublikas\u0131 N\u0259qliyyat, Rabit\u0259 v\u0259 Y\u00fcks\u0259k Texnologiyalar Nazirliyi, \u018fqli M\u00fclkiyy\u0259t Agentliyi, \u00dcmumd\u00fcnya \u018fqli M\u00fclkiyy\u0259t T\u0259\u015fkilat\u0131 v\u0259 Beyn\u0259lxalq Telekommunikasiya \u0130ttifaq\u0131n\u0131n (BT\u0130) birg\u0259 t\u0259\u015fkilat\u00e7\u0131l\u0131\u011f\u0131 il\u0259 ke\u00e7iril\u0259n s\u0259rgid\u0259 Az\u0259rbaycan startap\u00e7\u0131lar\u0131n\u0131n haz\u0131rlad\u0131\u011f\u0131 16 layih\u0259 t\u0259qdim olunub.<\/p>\n<p>T\u0259dbird\u0259 \u00dc\u018fMT-nin, BT\u0130-nin n\u00fcmay\u0259nd\u0259l\u0259ri, Cenevr\u0259d\u0259 akkredit\u0259 olunmu\u015f diplomatlar, beyn\u0259lxalq t\u0259\u015fkilatlar\u0131n, akademik v\u0259 biznes dair\u0259l\u0259rinin t\u0259msil\u00e7il\u0259ri i\u015ftirak edibl\u0259r.<\/p>\n<p>S\u0259rginin a\u00e7\u0131l\u0131\u015f\u0131nda n\u0259qliyyat, rabit\u0259 v\u0259 y\u00fcks\u0259k texnologiyalar naziri Ramin Quluzad\u0259, \u00dcmumd\u00fcnya \u018fqli M\u00fclkiyy\u0259t T\u0259\u015fkilat\u0131n\u0131n ba\u015f direktoru Frensis Qarri, Beyn\u0259lxalq Telekommunikasiya \u0130ttifaq\u0131n\u0131n ba\u015f katibi Hulin Zao, Az\u0259rbaycan Respublikas\u0131 \u018fqli M\u00fclkiyy\u0259t Agentliyinin \u0130dar\u0259 Hey\u0259tinin s\u0259dri Kamran \u0130manov, t\u0259hsil nazirinin m\u00fcavini \u0130dris \u0130sayev \u00e7\u0131x\u0131\u015f edibl\u0259r.<\/p>\n<p>N\u0259qliyyat, rabit\u0259 v\u0259 y\u00fcks\u0259k texnologiyalar naziri Ramin Quluzad\u0259 \u00e7\u0131x\u0131\u015f\u0131nda bildirib ki, bu g\u00fcn innovativ inki\u015faf Az\u0259rbaycan\u0131n iqtisadi siyas\u0259tinin \u0259sas t\u0259rkib hiss\u0259l\u0259rind\u0259n biridir. O, innovativ inki\u015faf sah\u0259sind\u0259 Az\u0259rbaycanda g\u00f6r\u00fcl\u0259n t\u0259dbirl\u0259r v\u0259 apar\u0131lan islahatlar, d\u00f6vl\u0259t t\u0259r\u0259find\u0259n h\u0259yata ke\u00e7iril\u0259n layih\u0259l\u0259r v\u0259 eyni zamanda, \u00f6z\u0259l sektorun bu sah\u0259d\u0259 f\u0259aliyy\u0259ti bar\u0259d\u0259 dan\u0131\u015f\u0131b. Eyni zamanda, startaplar da daxil olmaqla ki\u00e7ik v\u0259 orta sahibkarlara d\u00f6vl\u0259t d\u0259st\u0259yinin g\u00f6st\u0259rildiyi, \u0130nformasiya Texnologiyalar\u0131n\u0131n \u0130nki\u015faf\u0131 D\u00f6vl\u0259t Fondu v\u0259 Y\u00fcks\u0259k Texnologiyalar Park\u0131n\u0131n yarad\u0131ld\u0131\u011f\u0131 qeyd edilib. \u00d6lk\u0259mizin ixrac potensial\u0131n\u0131n g\u00fccl\u0259ndirilm\u0259si, \u0259lveri\u015fli investisiya m\u00fchitinin formala\u015fd\u0131r\u0131lmas\u0131, innovasiya f\u0259aliyy\u0259tinin geni\u015fl\u0259ndirilm\u0259si istiqam\u0259tind\u0259 ciddi add\u0131mlar at\u0131l\u0131r. Bu g\u00fcn Az\u0259rbaycan\u0131n startaplar\u0131 beyn\u0259lxalq m\u00fcsabiq\u0259l\u0259rd\u0259 i\u015ftirak edir, yer tutur v\u0259 m\u00fcxt\u0259lif sektorlarda perspektivli layih\u0259l\u0259r kimi t\u0259tbiq olunur. Bu yax\u0131nlarda N\u0259qliyyat, Rabit\u0259 v\u0259 Y\u00fcks\u0259k Texnologiyalar Nazirliyinin tabeliyind\u0259 \u0130nnovasiyalar Agentliyinin yarad\u0131lmas\u0131 da d\u00f6vl\u0259tin bu sah\u0259y\u0259 diqq\u0259tinin t\u0259zah\u00fcr\u00fcd\u00fcr. \u0130nnovasiya Agentliyinin qar\u015f\u0131s\u0131nda texnologiyalar\u0131n transferi, startap h\u0259r\u0259kat\u0131n\u0131n geni\u015fl\u0259ndirilm\u0259si, innovativ layih\u0259l\u0259rin maliyy\u0259l\u0259\u015fdirilm\u0259si, \u00f6lk\u0259mizd\u0259 innovasiya ekosisteminin formala\u015fd\u0131r\u0131lmas\u0131 v\u0259 inki\u015faf etdirilm\u0259si kimi bir \u00e7ox vacib v\u0259zif\u0259l\u0259r qoyulub.<\/p>\n<p>Nazir, h\u0259m\u00e7inin bildirib ki, Az\u0259rbaycan innovasiya v\u0259 y\u00fcks\u0259k texnologiyalar \u00fczr\u0259 beyn\u0259lxalq s\u0259viyy\u0259d\u0259 qazan\u0131lm\u0131\u015f t\u0259cr\u00fcb\u0259d\u0259n faydalanma\u011fa v\u0259 bu sah\u0259 \u00fczr\u0259 \u0259sas beyn\u0259lxalq t\u0259\u015fkilatlar olan \u00dc\u018fMT v\u0259 \u0130TU il\u0259 \u0259m\u0259kda\u015fl\u0131\u011f\u0131 daha da d\u0259rinl\u0259\u015fdirm\u0259y\u0259 haz\u0131rd\u0131r.<\/p>\n<p>\u00dc\u018fMT-nin ba\u015f direktoru Frensis Qarri \u0259qli m\u00fclkiyy\u0259t sah\u0259sind\u0259 Az\u0259rbaycanda \u0259ld\u0259 edilmi\u015f u\u011furlar\u0131 qeyd edib, qanunvericilik bazas\u0131n\u0131n inki\u015faf etdirilm\u0259sinin \u00f6lk\u0259nin iqtisadi-sosial h\u0259yat\u0131 \u00fc\u00e7\u00fcn m\u00fch\u00fcm rol oynad\u0131\u011f\u0131n\u0131 vur\u011fulay\u0131b.<\/p>\n<p>BT\u0130-nin ba\u015f katibi Hulin Zao \u00e7\u0131x\u0131\u015f\u0131nda t\u0259msil etdiyi qurumla Az\u0259rbaycan aras\u0131nda \u0259m\u0259kda\u015fl\u0131\u011f\u0131n y\u00fcks\u0259k s\u0259viyy\u0259d\u0259 inki\u015faf etdiyini deyib, Az\u0259rbaycan\u0131n bu t\u0259\u015fkilat\u0131n f\u0259aliyy\u0259tind\u0259 yax\u0131ndan i\u015ftirak\u0131n\u0131, x\u00fcsusil\u0259 d\u0259 bu yax\u0131nlarda t\u0259\u015fkilat\u0131n r\u0259hb\u0259r orqanlar\u0131na \u00fczv se\u00e7ilm\u0259sini m\u0259mnunluqla qeyd edib. Bildirib ki, Az\u0259rbaycan m\u00fcasir texnologiyalar sah\u0259sin\u0259 x\u00fcsusi diqq\u0259t ver\u0259n bir \u00f6lk\u0259 kimi beyn\u0259lxalq n\u0259qliyyat d\u0259hlizl\u0259ri \u00fcz\u0259rind\u0259 innovativ haba \u00e7evrilm\u0259kd\u0259dir.<\/p>\n<p>H\u0259r iki r\u0259hb\u0259r \u015f\u0259xs Az\u0259rbaycan h\u00f6kum\u0259tini v\u0259 xalq\u0131n\u0131 C\u00fcmhuriyy\u0259tin 100 illiyi m\u00fcnasib\u0259til\u0259 t\u0259brik edib.<\/p>\n<p>\u018fqli M\u00fclkiyy\u0259t Agentliyinin \u0130dar\u0259 Hey\u0259tinin s\u0259dri Kamran \u0130manov \u00e7\u0131x\u0131\u015f\u0131nda bildirib ki, bu g\u00fcn Az\u0259rbaycan d\u0259rin islahatlar\u0131n apar\u0131ld\u0131\u011f\u0131 bir \u00f6lk\u0259dir. Sosial v\u0259 iqtisadi sah\u0259d\u0259 ciddi ir\u0259lil\u0259yi\u015fl\u0259r bir \u00e7ox istiqam\u0259tl\u0259rd\u0259, x\u00fcsusil\u0259 qeyri-neft sektoru, k\u0259nd t\u0259s\u0259rr\u00fcfat\u0131 v\u0259 dig\u0259r s\u0259naye sah\u0259l\u0259rind\u0259 maliyy\u0259 sabitliyinin v\u0259 iqtisadi art\u0131m\u0131n b\u0259rpas\u0131na v\u0259 t\u0259min olunmas\u0131na imkan yarad\u0131r. Bu g\u00fcn Az\u0259rbaycan innovativ inki\u015faf yolundad\u0131r v\u0259 b\u00fct\u00fcn bunlar beyn\u0259lxalq hesabatlarda da \u00f6z \u0259ksini tap\u0131r. D\u00fcnya Bank\u0131n\u0131n son \u201cDoing Business\u201d hesabat\u0131nda Az\u0259rbaycan 190 \u00f6lk\u0259 aras\u0131nda 25-ci yeri tutub. Reytinqd\u0259 Az\u0259rbaycan 10 m\u00f6vqed\u0259n 8-d\u0259 \u00f6z g\u00f6st\u0259ricil\u0259rini yax\u015f\u0131la\u015fd\u0131r\u0131b, d\u00fcnyada islahatlar\u0131n say\u0131na g\u00f6r\u0259 \u00f6nc\u00fcl m\u00f6vqey\u0259 \u00e7\u0131x\u0131b. Eyni zamanda, \u00f6lk\u0259miz d\u00fcnyan\u0131n 10 \u0259n \u00e7ox islahat aparan d\u00f6vl\u0259ti siyah\u0131s\u0131na daxil edilib.<\/p>\n<p>T\u0259hsil nazirinin m\u00fcavini \u0130dris \u0130sayev bildirib ki, u\u011furlu inki\u015faf\u0131n t\u0259m\u0259lind\u0259 biliky\u00f6n\u00fcml\u00fc c\u0259miyy\u0259tin v\u0259 r\u0259qab\u0259tqabiliyy\u0259tli m\u00fchitin texnoloji innovasiyalarla tamamlanmas\u0131 dayan\u0131r. Bu istiqam\u0259td\u0259 elm v\u0259 t\u0259hsilin rolu dan\u0131lmazd\u0131r. Prezident \u0130lham \u018fliyev t\u0259r\u0259find\u0259n u\u011furla h\u0259yata ke\u00e7iril\u0259n d\u00f6vl\u0259t siyas\u0259tinin \u0259sas prioritetl\u0259rind\u0259n biri bilik iqtisadiyyat\u0131n\u0131n formala\u015fd\u0131r\u0131lmas\u0131d\u0131r. Bu m\u0259qs\u0259dl\u0259 d\u0259 milli iqtisadiyyat perspektivi \u00fczr\u0259 Strateji Yol X\u0259rit\u0259sind\u0259 ali t\u0259hsil m\u00fc\u0259ssis\u0259l\u0259rind\u0259 \u201ct\u0259hsil-t\u0259dqiqat-innovasiya\u201d format\u0131nda inki\u015faf\u0131n t\u0259\u015fviqi h\u0259yata ke\u00e7irilir.<\/p>\n<p>\u00c7\u0131x\u0131\u015flardan sonra beyn\u0259lxalq t\u0259\u015fkilat\u0131n r\u0259hb\u0259rl\u0259ri v\u0259 n\u00fcmay\u0259nd\u0259l\u0259r Az\u0259rbaycan startap\u00e7\u0131lar\u0131n\u0131n haz\u0131rlad\u0131qlar\u0131 layih\u0259l\u0259r\u0259 bax\u0131blar. K\u0259nd t\u0259s\u0259rr\u00fcfat\u0131, s\u0259hiyy\u0259, s\u0259naye, turizm v\u0259 dig\u0259r sektorlar\u0131 \u0259hat\u0259 ed\u0259n v\u0259 u\u011furlu perspektivl\u0259r v\u0259d ed\u0259n innovativ layih\u0259l\u0259r b\u00f6y\u00fck maraqla qar\u015f\u0131lan\u0131b.<\/p>\n<p><strong>x\u00a0 \u00a0x\u00a0 \u00a0x<\/strong><\/p>\n<p>S\u0259rginin a\u00e7\u0131l\u0131\u015f\u0131ndan sonra \u00dc\u018fMT-nin binas\u0131nda \u201cAz\u0259rbaycanda \u0259qli m\u00fclkiyy\u0259tin inki\u015faf\u0131 v\u0259 onun regiona t\u0259siri: innovativ v\u0259 y\u00fcks\u0259k texnologiyalar \u00fczr\u0259 startaplar\u0131n t\u0259qdimat\u0131\u201d adl\u0131 konfrans ke\u00e7irilib.<\/p>\n<p>Konfrans\u0131 a\u00e7an \u00dcmumd\u00fcnya \u018fqli M\u00fclkiyy\u0259t T\u0259\u015fkilat\u0131n\u0131n inki\u015faf ed\u0259n \u00f6lk\u0259l\u0259rl\u0259 \u0259m\u0259kda\u015fl\u0131q \u015f\u00f6b\u0259sinin m\u00fcdiri Mihal Svantner beyn\u0259lxalq t\u0259\u015fkilatla Az\u0259rbaycan aras\u0131nda \u0259m\u0259kda\u015fl\u0131\u011f\u0131n y\u00fcks\u0259k s\u0259viyy\u0259d\u0259 inki\u015faf etdiyini bildirib. Qeyd edilib ki, Az\u0259rbaycan \u0259qli m\u00fclkiyy\u0259t h\u00fcququnun b\u00fct\u00fcn sah\u0259l\u0259rind\u0259 qanunvericilik bazas\u0131n\u0131 inki\u015faf etdirib v\u0259 qanunvericilik t\u0259kmill\u0259\u015fdirilir. T\u0259msil etdiyi t\u0259\u015fkilat h\u0259m m\u00fc\u0259llif h\u00fcququ, h\u0259m d\u0259 \u0259qli m\u00fclkiyy\u0259tin dig\u0259r sah\u0259l\u0259rind\u0259 Az\u0259rbaycanla m\u0259sl\u0259h\u0259tl\u0259\u015fm\u0259l\u0259r apar\u0131r v\u0259 \u0259m\u0259kda\u015fl\u0131q inki\u015faf etdirilir.<\/p>\n<p>N\u0259qliyyat, rabit\u0259 v\u0259 y\u00fcks\u0259k texnologiyalar nazirinin m\u00fcavini Elmir V\u0259lizad\u0259 \u00e7\u0131x\u0131\u015f\u0131nda Az\u0259rbaycan\u0131n XIX \u0259srin sonu v\u0259 XX \u0259srin \u0259vv\u0259ll\u0259rind\u0259n ba\u015flayaraq ke\u00e7diyi texnoloji inki\u015fafdan b\u0259hs edib. Qeyd edilib ki, \u00f6lk\u0259d\u0259 ba\u015f vermi\u015f ilk neft bumu il\u0259 \u0259laq\u0259dar olaraq Az\u0259rbaycan m\u00fcasir texnologiyalar\u0131n istifad\u0259 m\u0259kan\u0131na \u00e7evrilib. S\u0259naye \u00fcsulu il\u0259 ilk neft buru\u011fu, ilk d\u0259f\u0259 d\u0259nizd\u0259 qaz\u0131lm\u0131\u015f quyudan neft hasilat\u0131, d\u00f6vr\u00fcn\u00fcn \u0259n innovativ layih\u0259l\u0259rind\u0259n olan \u201cNeft da\u015flar\u0131\u201d Az\u0259rbaycan\u0131n texnoloji inki\u015faf tarixinin s\u0259hif\u0259l\u0259ridir v\u0259 bu inki\u015faf g\u00fcnd\u0259lik h\u0259yat\u0131n dig\u0259r sah\u0259l\u0259rini d\u0259 \u0259hat\u0259 edib. XX \u0259srin 60-70-ci ill\u0259rind\u0259 v\u0259 m\u00fcst\u0259qillik d\u00f6vr\u00fcnd\u0259 Az\u0259rbaycanda informasiya texnologiyalar\u0131n\u0131n inki\u015faf\u0131na x\u00fcsusi diqq\u0259t verilib. Bu g\u00fcn Az\u0259rbaycanda inki\u015faf etmi\u015f telekommunikasiya infrastrukturu qurulub, \u0259n m\u00fcasir texnologiyalar, xidm\u0259tl\u0259r t\u0259qdim olunur.<\/p>\n<p>Bildirilib ki, Az\u0259rbaycanda innovativ inki\u015faf \u00f6lk\u0259nin inki\u015faf prioritetl\u0259rind\u0259ndir v\u0259 bu m\u0259s\u0259l\u0259l\u0259r h\u00f6kum\u0259t t\u0259r\u0259find\u0259n d\u0259st\u0259kl\u0259nir. H\u0259m institusional, h\u0259m d\u0259 iqtisadi islahatlar \u00e7\u0259r\u00e7iv\u0259sind\u0259 \u00f6lk\u0259d\u0259 innovasiya ekosisteminin qurulmas\u0131, startaplar\u0131n inki\u015faf\u0131 \u00fc\u00e7\u00fcn ciddi add\u0131mlar at\u0131l\u0131r, ki\u00e7ik v\u0259 orta sahibkarl\u0131q inki\u015faf etdirilir, texnoparklar, maliyy\u0259 fondlar\u0131 f\u0259aliyy\u0259t g\u00f6st\u0259rir, vergi v\u0259 g\u00f6mr\u00fck g\u00fcz\u0259\u015ftl\u0259ri t\u0259tbiq olunur. H\u0259m\u00e7inin startaplar\u0131n biznes ideyalar\u0131n\u0131n realla\u015fd\u0131r\u0131lmas\u0131na k\u00f6m\u0259k g\u00f6st\u0259rilir, onlara m\u00fcsabiq\u0259 \u0259sas\u0131nda qrantlar ayr\u0131l\u0131r v\u0259 g\u00fcz\u0259\u015ftli kreditl\u0259r verilir, universitetl\u0259rd\u0259 biznes inkubatorlar yarad\u0131l\u0131r.<\/p>\n<p>Az\u0259rbaycan\u0131n Cenevr\u0259d\u0259ki beyn\u0259lxalq t\u0259\u015fkilatlar yan\u0131nda daimi n\u00fcmay\u0259nd\u0259si Vaqif Sad\u0131qov \u00e7\u0131x\u0131\u015f\u0131nda Az\u0259rbaycanla Cenevr\u0259d\u0259ki beyn\u0259lxalq t\u0259\u015fkilatlar aras\u0131nda u\u011furlu \u0259m\u0259kda\u015fl\u0131\u011f\u0131n m\u00f6vcud oldu\u011funu qeyd edib v\u0259 Az\u0259rbaycan c\u0259miyy\u0259tinin yeni n\u0259slinin u\u011furlar\u0131n\u0131n n\u00fcmayi\u015f etdirilm\u0259si \u00fc\u00e7\u00fcn yarad\u0131lan \u015f\u0259rait\u0259 g\u00f6r\u0259 t\u0259\u015f\u0259kk\u00fcr edib. O bildirib ki, t\u0259qdim olunan s\u0259rgi say\u0259sind\u0259 Az\u0259rbaycan\u0131n innovativ texnologiyalar v\u0259 startaplar sah\u0259sind\u0259 \u0259ld\u0259 etdiyi u\u011furlar v\u0259 \u00f6lk\u0259nin bu istiqam\u0259td\u0259 yeni simas\u0131 il\u0259 tan\u0131\u015f olmaq m\u00fcmk\u00fcnd\u00fcr.<\/p>\n<p>Sonra \u0259qli m\u00fclkiyy\u0259t siyas\u0259ti, akademik t\u0259sisatlar\u0131n (universitet v\u0259 ara\u015fd\u0131rma institutlar\u0131) \u0259qli m\u00fclkiyy\u0259t siyas\u0259tinin t\u0259\u015fkili, \u0130KT bazal\u0131 ekosisteml\u0259rin inki\u015faf\u0131nda startaplar\u0131n rolu, ki\u00e7ik v\u0259 orta sahibkarlar\u0131n davaml\u0131 iqtisadi inki\u015faf \u00fc\u00e7\u00fcn \u0259h\u0259miyy\u0259ti v\u0259 dig\u0259r m\u00f6vzularda m\u0259ruz\u0259l\u0259r dinl\u0259nilib. Konfransda, h\u0259m\u00e7inin Az\u0259rbaycan\u0131n son 25 ild\u0259 transformasiya, \u0259qli m\u00fclkiyy\u0259t, innovasiya v\u0259 y\u00fcks\u0259k texnologiyalar sah\u0259sind\u0259 \u0259ld\u0259 etdiyi nailiyy\u0259tl\u0259rd\u0259n b\u0259hs ed\u0259n \u00e7\u0131x\u0131\u015flar edilib.<\/p>\n<p>Konfrans i\u015ftirak\u00e7\u0131lar\u0131, h\u0259m\u00e7inin \u00dc\u018fMT-d\u0259 t\u0259\u015fkil olunmu\u015f s\u0259rgi il\u0259 tan\u0131\u015f olublar.<\/p>\n","protected":false},"excerpt":{"rendered":"<p>ARANTV.AZ x\u0259b\u0259r verir ki, dekabr\u0131n 18-d\u0259 \u0130sve\u00e7r\u0259nin Cenevr\u0259 \u015f\u0259h\u0259rind\u0259 \u00dcmumd\u00fcnya \u018fqli M\u00fclkiyy\u0259t T\u0259\u015fkilat\u0131n\u0131n (\u00dc\u018fMT) ba\u015f q\u0259rargah\u0131nda Az\u0259rbaycan Xalq C\u00fcmhuriyy\u0259tinin 100 illiyi m\u00fcnasib\u0259til\u0259 Az\u0259rbaycan\u0131n innovativ v\u0259 y\u00fcks\u0259k texnologiyal\u0131 startaplar\u0131na h\u0259sr olunan t\u0259dbir ke\u00e7irilib. T\u0259dbirin ilk hiss\u0259sind\u0259 innovativ v\u0259 y\u00fcks\u0259k texnologiyal\u0131 startaplara h\u0259sr edilmi\u015f s\u0259rginin r\u0259smi a\u00e7\u0131l\u0131\u015f\u0131 olub. Az\u0259rbaycan Respublikas\u0131 N\u0259qliyyat, Rabit\u0259 v\u0259 Y\u00fcks\u0259k Texnologiyalar Nazirliyi, \u018fqli M\u00fclkiyy\u0259t Agentliyi, \u00dcmumd\u00fcnya \u018fqli M\u00fclkiyy\u0259t T\u0259\u015fkilat\u0131 v\u0259 Beyn\u0259lxalq Telekommunikasiya \u0130ttifaq\u0131n\u0131n (BT\u0130) birg\u0259 t\u0259\u015fkilat\u00e7\u0131l\u0131\u011f\u0131 il\u0259 ke\u00e7iril\u0259n s\u0259rgid\u0259 Az\u0259rbaycan startap\u00e7\u0131lar\u0131n\u0131n haz\u0131rlad\u0131\u011f\u0131 16 layih\u0259 t\u0259qdim olunub. T\u0259dbird\u0259 \u00dc\u018fMT-nin, BT\u0130-nin n\u00fcmay\u0259nd\u0259l\u0259ri, Cenevr\u0259d\u0259 akkredit\u0259 olunmu\u015f diplomatlar, beyn\u0259lxalq t\u0259\u015fkilatlar\u0131n, akademik v\u0259&hellip;<\/p>\n","protected":false},"author":2,"featured_media":28290,"comment_status":"closed","ping_status":"closed","sticky":false,"template":"","format":"standard","meta":{"om_disable_all_campaigns":false,"_monsterinsights_skip_tracking":false,"_monsterinsights_sitenote_active":false,"_monsterinsights_sitenote_note":"","_monsterinsights_sitenote_category":0},"categories":[19],"tags":[],"aioseo_notices":[],"gutentor_comment":0,"rttpg_featured_image_url":{"full":["https:\/\/arantv.az\/wp-content\/uploads\/2018\/12\/i2olg7hg4he7pivgc79b3cd112isv.jpg",892,588,false],"landscape":["https:\/\/arantv.az\/wp-content\/uploads\/2018\/12\/i2olg7hg4he7pivgc79b3cd112isv.jpg",892,588,false],"portraits":["https:\/\/arantv.az\/wp-content\/uploads\/2018\/12\/i2olg7hg4he7pivgc79b3cd112isv.jpg",892,588,false],"thumbnail":["https:\/\/arantv.az\/wp-content\/uploads\/2018\/12\/i2olg7hg4he7pivgc79b3cd112isv-150x150.jpg",150,150,true],"medium":["https:\/\/arantv.az\/wp-content\/uploads\/2018\/12\/i2olg7hg4he7pivgc79b3cd112isv-300x198.jpg",300,198,true],"large":["https:\/\/arantv.az\/wp-content\/uploads\/2018\/12\/i2olg7hg4he7pivgc79b3cd112isv.jpg",640,422,false],"1536x1536":["https:\/\/arantv.az\/wp-content\/uploads\/2018\/12\/i2olg7hg4he7pivgc79b3cd112isv.jpg",892,588,false],"2048x2048":["https:\/\/arantv.az\/wp-content\/uploads\/2018\/12\/i2olg7hg4he7pivgc79b3cd112isv.jpg",892,588,false],"post-thumbnail":["https:\/\/arantv.az\/wp-content\/uploads\/2018\/12\/i2olg7hg4he7pivgc79b3cd112isv-240x172.jpg",240,172,true],"advps-thumb-one":["https:\/\/arantv.az\/wp-content\/uploads\/2018\/12\/i2olg7hg4he7pivgc79b3cd112isv.jpg",892,588,false]},"rttpg_author":{"display_name":"V\u00fcsal Rafiqo\u011flu","author_link":"https:\/\/arantv.az\/?author=2"},"rttpg_comment":0,"rttpg_category":"<a href=\"https:\/\/arantv.az\/?cat=19\" rel=\"category\">G\u00fcnd\u0259m<\/a>","rttpg_excerpt":"ARANTV.AZ x\u0259b\u0259r verir ki, dekabr\u0131n 18-d\u0259 \u0130sve\u00e7r\u0259nin Cenevr\u0259 \u015f\u0259h\u0259rind\u0259 \u00dcmumd\u00fcnya \u018fqli M\u00fclkiyy\u0259t T\u0259\u015fkilat\u0131n\u0131n (\u00dc\u018fMT) ba\u015f q\u0259rargah\u0131nda Az\u0259rbaycan Xalq C\u00fcmhuriyy\u0259tinin 100 illiyi m\u00fcnasib\u0259til\u0259 Az\u0259rbaycan\u0131n innovativ v\u0259 y\u00fcks\u0259k texnologiyal\u0131 startaplar\u0131na h\u0259sr olunan t\u0259dbir ke\u00e7irilib. T\u0259dbirin ilk hiss\u0259sind\u0259 innovativ v\u0259 y\u00fcks\u0259k texnologiyal\u0131 startaplara h\u0259sr edilmi\u015f s\u0259rginin r\u0259smi a\u00e7\u0131l\u0131\u015f\u0131 olub. Az\u0259rbaycan Respublikas\u0131 N\u0259qliyyat, Rabit\u0259 v\u0259 Y\u00fcks\u0259k Texnologiyalar Nazirliyi, \u018fqli&hellip;","_links":{"self":[{"href":"https:\/\/arantv.az\/index.php?rest_route=\/wp\/v2\/posts\/28289"}],"collection":[{"href":"https:\/\/arantv.az\/index.php?rest_route=\/wp\/v2\/posts"}],"about":[{"href":"https:\/\/arantv.az\/index.php?rest_route=\/wp\/v2\/types\/post"}],"author":[{"embeddable":true,"href":"https:\/\/arantv.az\/index.php?rest_route=\/wp\/v2\/users\/2"}],"replies":[{"embeddable":true,"href":"https:\/\/arantv.az\/index.php?rest_route=%2Fwp%2Fv2%2Fcomments&post=28289"}],"version-history":[{"count":0,"href":"https:\/\/arantv.az\/index.php?rest_route=\/wp\/v2\/posts\/28289\/revisions"}],"wp:featuredmedia":[{"embeddable":true,"href":"https:\/\/arantv.az\/index.php?rest_route=\/wp\/v2\/media\/28290"}],"wp:attachment":[{"href":"https:\/\/arantv.az\/index.php?rest_route=%2Fwp%2Fv2%2Fmedia&parent=28289"}],"wp:term":[{"taxonomy":"category","embeddable":true,"href":"https:\/\/arantv.az\/index.php?rest_route=%2Fwp%2Fv2%2Fcategories&post=28289"},{"taxonomy":"post_tag","embeddable":true,"href":"https:\/\/arantv.az\/index.php?rest_route=%2Fwp%2Fv2%2Ftags&post=28289"}],"curies":[{"name":"wp","href":"https:\/\/api.w.org\/{rel}","templated":true}]}}