{"id":28295,"date":"2018-12-19T10:28:37","date_gmt":"2018-12-19T07:28:37","guid":{"rendered":"http:\/\/arantv.az\/?p=28295"},"modified":"2018-12-19T10:28:37","modified_gmt":"2018-12-19T07:28:37","slug":"eldar-%c9%99zizov-islahatlara-basladi","status":"publish","type":"post","link":"https:\/\/arantv.az\/?p=28295","title":{"rendered":"Eldar \u018fzizov islahatlara ba\u015flad\u0131"},"content":{"rendered":"<p>Bak\u0131 \u015f\u0259h\u0259r \u0130cra Hakimiyy\u0259tinin\u00a0ba\u015f\u00e7\u0131s\u0131\u00a0<strong>Eldar \u018fzizov<\/strong>\u00a0struktur islahatlar\u0131na ba\u015flay\u0131b.<\/p>\n<p><b>ARANTV.AZ\u00a0<\/b>Bakupost-a istinad\u0259n x\u0259b\u0259r verir ki, struktur islahatlar\u0131 \u00e7\u0259r\u00e7iv\u0259sind\u0259 Bak\u0131 \u015f\u0259h\u0259r \u0130cra Hakimiyy\u0259tinin tabeliyind\u0259ki departament v\u0259 idar\u0259 statusunda \u00fc\u00e7\u00a0t\u0259\u015fkilat l\u0259\u011fv edilib.<\/p>\n<p>H\u0259min t\u0259\u015fkilatlarda \u00e7al\u0131\u015fan \u0259m\u0259kda\u015flara h\u0259l\u0259 \u0130cra Hakimiyy\u0259tinin tabeliyind\u0259ki dig\u0259r t\u0259\u015fkilatlarda i\u015fl\u0259 t\u0259min olunub-olunmayacaqlar\u0131 bildirilm\u0259yib.<\/p>\n<div id=\"AdributorNativeVideo0\" class=\"AdributorNativeVideo\"><\/div>\n<p>Bak\u0131 \u015f\u0259h\u0259r \u0130cra Hakimiyy\u0259tinin yax\u0131n iki g\u00fcnd\u0259 bu bar\u0259d\u0259 geni\u015f a\u00e7\u0131qlama yayaca\u011f\u0131 g\u00f6zl\u0259nilir.<\/p>\n","protected":false},"excerpt":{"rendered":"<p>Bak\u0131 \u015f\u0259h\u0259r \u0130cra Hakimiyy\u0259tinin\u00a0ba\u015f\u00e7\u0131s\u0131\u00a0Eldar \u018fzizov\u00a0struktur islahatlar\u0131na ba\u015flay\u0131b. ARANTV.AZ\u00a0Bakupost-a istinad\u0259n x\u0259b\u0259r verir ki, struktur islahatlar\u0131 \u00e7\u0259r\u00e7iv\u0259sind\u0259 Bak\u0131 \u015f\u0259h\u0259r \u0130cra Hakimiyy\u0259tinin tabeliyind\u0259ki departament v\u0259 idar\u0259 statusunda \u00fc\u00e7\u00a0t\u0259\u015fkilat l\u0259\u011fv edilib. H\u0259min t\u0259\u015fkilatlarda \u00e7al\u0131\u015fan \u0259m\u0259kda\u015flara h\u0259l\u0259 \u0130cra Hakimiyy\u0259tinin tabeliyind\u0259ki dig\u0259r t\u0259\u015fkilatlarda i\u015fl\u0259 t\u0259min olunub-olunmayacaqlar\u0131 bildirilm\u0259yib. Bak\u0131 \u015f\u0259h\u0259r \u0130cra Hakimiyy\u0259tinin yax\u0131n iki g\u00fcnd\u0259 bu bar\u0259d\u0259 geni\u015f a\u00e7\u0131qlama yayaca\u011f\u0131 g\u00f6zl\u0259nilir.<\/p>\n","protected":false},"author":2,"featured_media":28296,"comment_status":"closed","ping_status":"closed","sticky":false,"template":"","format":"standard","meta":{"om_disable_all_campaigns":false,"_monsterinsights_skip_tracking":false,"_monsterinsights_sitenote_active":false,"_monsterinsights_sitenote_note":"","_monsterinsights_sitenote_category":0},"categories":[1],"tags":[],"aioseo_notices":[],"gutentor_comment":0,"rttpg_featured_image_url":{"full":["https:\/\/arantv.az\/wp-content\/uploads\/2018\/12\/eldar-ezizov.jpg",620,430,false],"landscape":["https:\/\/arantv.az\/wp-content\/uploads\/2018\/12\/eldar-ezizov.jpg",620,430,false],"portraits":["https:\/\/arantv.az\/wp-content\/uploads\/2018\/12\/eldar-ezizov.jpg",620,430,false],"thumbnail":["https:\/\/arantv.az\/wp-content\/uploads\/2018\/12\/eldar-ezizov-150x150.jpg",150,150,true],"medium":["https:\/\/arantv.az\/wp-content\/uploads\/2018\/12\/eldar-ezizov-300x208.jpg",300,208,true],"large":["https:\/\/arantv.az\/wp-content\/uploads\/2018\/12\/eldar-ezizov.jpg",620,430,false],"1536x1536":["https:\/\/arantv.az\/wp-content\/uploads\/2018\/12\/eldar-ezizov.jpg",620,430,false],"2048x2048":["https:\/\/arantv.az\/wp-content\/uploads\/2018\/12\/eldar-ezizov.jpg",620,430,false],"post-thumbnail":["https:\/\/arantv.az\/wp-content\/uploads\/2018\/12\/eldar-ezizov-240x172.jpg",240,172,true],"advps-thumb-one":["https:\/\/arantv.az\/wp-content\/uploads\/2018\/12\/eldar-ezizov.jpg",620,430,false]},"rttpg_author":{"display_name":"V\u00fcsal Rafiqo\u011flu","author_link":"https:\/\/arantv.az\/?author=2"},"rttpg_comment":0,"rttpg_category":"<a href=\"https:\/\/arantv.az\/?cat=1\" rel=\"category\">C\u0259miyy\u0259t<\/a>","rttpg_excerpt":"Bak\u0131 \u015f\u0259h\u0259r \u0130cra Hakimiyy\u0259tinin\u00a0ba\u015f\u00e7\u0131s\u0131\u00a0Eldar \u018fzizov\u00a0struktur islahatlar\u0131na ba\u015flay\u0131b. ARANTV.AZ\u00a0Bakupost-a istinad\u0259n x\u0259b\u0259r verir ki, struktur islahatlar\u0131 \u00e7\u0259r\u00e7iv\u0259sind\u0259 Bak\u0131 \u015f\u0259h\u0259r \u0130cra Hakimiyy\u0259tinin tabeliyind\u0259ki departament v\u0259 idar\u0259 statusunda \u00fc\u00e7\u00a0t\u0259\u015fkilat l\u0259\u011fv edilib. H\u0259min t\u0259\u015fkilatlarda \u00e7al\u0131\u015fan \u0259m\u0259kda\u015flara h\u0259l\u0259 \u0130cra Hakimiyy\u0259tinin tabeliyind\u0259ki dig\u0259r t\u0259\u015fkilatlarda i\u015fl\u0259 t\u0259min olunub-olunmayacaqlar\u0131 bildirilm\u0259yib. Bak\u0131 \u015f\u0259h\u0259r \u0130cra Hakimiyy\u0259tinin yax\u0131n iki g\u00fcnd\u0259 bu bar\u0259d\u0259 geni\u015f a\u00e7\u0131qlama yayaca\u011f\u0131 g\u00f6zl\u0259nilir.","_links":{"self":[{"href":"https:\/\/arantv.az\/index.php?rest_route=\/wp\/v2\/posts\/28295"}],"collection":[{"href":"https:\/\/arantv.az\/index.php?rest_route=\/wp\/v2\/posts"}],"about":[{"href":"https:\/\/arantv.az\/index.php?rest_route=\/wp\/v2\/types\/post"}],"author":[{"embeddable":true,"href":"https:\/\/arantv.az\/index.php?rest_route=\/wp\/v2\/users\/2"}],"replies":[{"embeddable":true,"href":"https:\/\/arantv.az\/index.php?rest_route=%2Fwp%2Fv2%2Fcomments&post=28295"}],"version-history":[{"count":0,"href":"https:\/\/arantv.az\/index.php?rest_route=\/wp\/v2\/posts\/28295\/revisions"}],"wp:featuredmedia":[{"embeddable":true,"href":"https:\/\/arantv.az\/index.php?rest_route=\/wp\/v2\/media\/28296"}],"wp:attachment":[{"href":"https:\/\/arantv.az\/index.php?rest_route=%2Fwp%2Fv2%2Fmedia&parent=28295"}],"wp:term":[{"taxonomy":"category","embeddable":true,"href":"https:\/\/arantv.az\/index.php?rest_route=%2Fwp%2Fv2%2Fcategories&post=28295"},{"taxonomy":"post_tag","embeddable":true,"href":"https:\/\/arantv.az\/index.php?rest_route=%2Fwp%2Fv2%2Ftags&post=28295"}],"curies":[{"name":"wp","href":"https:\/\/api.w.org\/{rel}","templated":true}]}}