{"id":28301,"date":"2018-12-19T10:31:43","date_gmt":"2018-12-19T07:31:43","guid":{"rendered":"http:\/\/arantv.az\/?p=28301"},"modified":"2018-12-19T10:31:43","modified_gmt":"2018-12-19T07:31:43","slug":"m%c9%99leyk%c9%99-abbaszad%c9%99-az%c9%99rbaycanda-r%c9%99hb%c9%99r-v%c9%99zif%c9%99l%c9%99rd%c9%99-calisan-qadinlarin-sayi-10-faizd%c9%99n-d%c9%99-azdir","status":"publish","type":"post","link":"https:\/\/arantv.az\/?p=28301","title":{"rendered":"M\u0259leyk\u0259 Abbaszad\u0259: &#8220;Az\u0259rbaycanda r\u0259hb\u0259r v\u0259zif\u0259l\u0259rd\u0259 \u00e7al\u0131\u015fan qad\u0131nlar\u0131n say\u0131 10 faizd\u0259n d\u0259 azd\u0131r&#8221;"},"content":{"rendered":"<blockquote><p><em><strong>Az\u0259rbaycan qad\u0131nlar\u0131n\u0131n \u00e7ox y\u00fcks\u0259k intellektual potensial\u0131 var.<\/strong><\/em><\/p><\/blockquote>\n<p><strong>ARANTV.AZ<\/strong> report-a istinad\u0259n\u00a0x\u0259b\u0259r verir ki, bunu D\u00f6vl\u0259t \u0130mtahan M\u0259rk\u0259zinin s\u0259dri M\u0259leyk\u0259 Abbaszad\u0259 &#8220;Az\u0259rbaycanda \u0130nsan Kapital\u0131 \u00fczr\u0259 Forum&#8221;da deyib.<\/p>\n<div id=\"AdributorNativeVideo0\" class=\"AdributorNativeVideo\"><\/div>\n<p>O bildirib ki, art\u0131q 26 ildir Az\u0259rbaycanda m\u00fcxt\u0259lif m\u0259zmunlu imtahanlar ke\u00e7irirl\u0259r: &#8220;On ya\u015f\u0131ndan ba\u015flayaraq g\u0259ncl\u0259r imtahan verir. 26 il \u0259rzind\u0259 apard\u0131\u011f\u0131m\u0131z statistik t\u0259hlill\u0259r g\u00f6st\u0259rir ki, b\u00fct\u00fcn m\u0259rh\u0259l\u0259l\u0259rd\u0259 orta statistik Az\u0259rbaycan qad\u0131n\u0131 ki\u015fil\u0259rl\u0259 eyni s\u0259viyy\u0259d\u0259dir v\u0259 h\u0259tta b\u0259zi sah\u0259l\u0259rd\u0259 \u00fcst\u00fcnd\u00fcr. T\u0259hsil sah\u0259sind\u0259 d\u0259 Az\u0259rbaycan qad\u0131n\u0131 \u0259ks cinsl\u0259 eynidir, h\u0259tta b\u0259z\u0259n onlar\u0131 qabaqlay\u0131r. Amma d\u00f6vl\u0259t qullu\u011funda inzibati v\u0259zif\u0259l\u0259rd\u0259 30-40 faiz qad\u0131nlard\u0131r, r\u0259hb\u0259r v\u0259zif\u0259l\u0259rd\u0259 is\u0259 he\u00e7 10 faiz d\u0259 qad\u0131n yoxdur. M\u0259n hesab edir\u0259m ki, Az\u0259rbaycan qad\u0131nlar\u0131n\u0131n \u00e7ox y\u00fcks\u0259k intellektual potensial\u0131 var. Az\u0259rbaycan qad\u0131nlar\u0131 sosial-iqtisadi inki\u015fafa c\u0259lb edilm\u0259lidir&#8221;.<\/p>\n","protected":false},"excerpt":{"rendered":"<p>Az\u0259rbaycan qad\u0131nlar\u0131n\u0131n \u00e7ox y\u00fcks\u0259k intellektual potensial\u0131 var. ARANTV.AZ report-a istinad\u0259n\u00a0x\u0259b\u0259r verir ki, bunu D\u00f6vl\u0259t \u0130mtahan M\u0259rk\u0259zinin s\u0259dri M\u0259leyk\u0259 Abbaszad\u0259 &#8220;Az\u0259rbaycanda \u0130nsan Kapital\u0131 \u00fczr\u0259 Forum&#8221;da deyib. O bildirib ki, art\u0131q 26 ildir Az\u0259rbaycanda m\u00fcxt\u0259lif m\u0259zmunlu imtahanlar ke\u00e7irirl\u0259r: &#8220;On ya\u015f\u0131ndan ba\u015flayaraq g\u0259ncl\u0259r imtahan verir. 26 il \u0259rzind\u0259 apard\u0131\u011f\u0131m\u0131z statistik t\u0259hlill\u0259r g\u00f6st\u0259rir ki, b\u00fct\u00fcn m\u0259rh\u0259l\u0259l\u0259rd\u0259 orta statistik Az\u0259rbaycan qad\u0131n\u0131 ki\u015fil\u0259rl\u0259 eyni s\u0259viyy\u0259d\u0259dir v\u0259 h\u0259tta b\u0259zi sah\u0259l\u0259rd\u0259 \u00fcst\u00fcnd\u00fcr. T\u0259hsil sah\u0259sind\u0259 d\u0259 Az\u0259rbaycan qad\u0131n\u0131 \u0259ks cinsl\u0259 eynidir, h\u0259tta b\u0259z\u0259n onlar\u0131 qabaqlay\u0131r. Amma d\u00f6vl\u0259t qullu\u011funda inzibati v\u0259zif\u0259l\u0259rd\u0259 30-40 faiz qad\u0131nlard\u0131r, r\u0259hb\u0259r v\u0259zif\u0259l\u0259rd\u0259 is\u0259 he\u00e7 10 faiz&hellip;<\/p>\n","protected":false},"author":2,"featured_media":28302,"comment_status":"closed","ping_status":"closed","sticky":false,"template":"","format":"standard","meta":{"om_disable_all_campaigns":false,"_monsterinsights_skip_tracking":false,"_monsterinsights_sitenote_active":false,"_monsterinsights_sitenote_note":"","_monsterinsights_sitenote_category":0},"categories":[1],"tags":[],"aioseo_notices":[],"gutentor_comment":0,"rttpg_featured_image_url":{"full":["https:\/\/arantv.az\/wp-content\/uploads\/2018\/12\/meleyke_abbaszade_0987.jpg",800,600,false],"landscape":["https:\/\/arantv.az\/wp-content\/uploads\/2018\/12\/meleyke_abbaszade_0987.jpg",800,600,false],"portraits":["https:\/\/arantv.az\/wp-content\/uploads\/2018\/12\/meleyke_abbaszade_0987.jpg",800,600,false],"thumbnail":["https:\/\/arantv.az\/wp-content\/uploads\/2018\/12\/meleyke_abbaszade_0987-150x150.jpg",150,150,true],"medium":["https:\/\/arantv.az\/wp-content\/uploads\/2018\/12\/meleyke_abbaszade_0987-300x225.jpg",300,225,true],"large":["https:\/\/arantv.az\/wp-content\/uploads\/2018\/12\/meleyke_abbaszade_0987.jpg",640,480,false],"1536x1536":["https:\/\/arantv.az\/wp-content\/uploads\/2018\/12\/meleyke_abbaszade_0987.jpg",800,600,false],"2048x2048":["https:\/\/arantv.az\/wp-content\/uploads\/2018\/12\/meleyke_abbaszade_0987.jpg",800,600,false],"post-thumbnail":["https:\/\/arantv.az\/wp-content\/uploads\/2018\/12\/meleyke_abbaszade_0987-240x172.jpg",240,172,true],"advps-thumb-one":["https:\/\/arantv.az\/wp-content\/uploads\/2018\/12\/meleyke_abbaszade_0987.jpg",800,600,false]},"rttpg_author":{"display_name":"V\u00fcsal Rafiqo\u011flu","author_link":"https:\/\/arantv.az\/?author=2"},"rttpg_comment":0,"rttpg_category":"<a href=\"https:\/\/arantv.az\/?cat=1\" rel=\"category\">C\u0259miyy\u0259t<\/a>","rttpg_excerpt":"Az\u0259rbaycan qad\u0131nlar\u0131n\u0131n \u00e7ox y\u00fcks\u0259k intellektual potensial\u0131 var. ARANTV.AZ report-a istinad\u0259n\u00a0x\u0259b\u0259r verir ki, bunu D\u00f6vl\u0259t \u0130mtahan M\u0259rk\u0259zinin s\u0259dri M\u0259leyk\u0259 Abbaszad\u0259 &#8220;Az\u0259rbaycanda \u0130nsan Kapital\u0131 \u00fczr\u0259 Forum&#8221;da deyib. O bildirib ki, art\u0131q 26 ildir Az\u0259rbaycanda m\u00fcxt\u0259lif m\u0259zmunlu imtahanlar ke\u00e7irirl\u0259r: &#8220;On ya\u015f\u0131ndan ba\u015flayaraq g\u0259ncl\u0259r imtahan verir. 26 il \u0259rzind\u0259 apard\u0131\u011f\u0131m\u0131z statistik t\u0259hlill\u0259r g\u00f6st\u0259rir ki, b\u00fct\u00fcn m\u0259rh\u0259l\u0259l\u0259rd\u0259 orta statistik Az\u0259rbaycan&hellip;","_links":{"self":[{"href":"https:\/\/arantv.az\/index.php?rest_route=\/wp\/v2\/posts\/28301"}],"collection":[{"href":"https:\/\/arantv.az\/index.php?rest_route=\/wp\/v2\/posts"}],"about":[{"href":"https:\/\/arantv.az\/index.php?rest_route=\/wp\/v2\/types\/post"}],"author":[{"embeddable":true,"href":"https:\/\/arantv.az\/index.php?rest_route=\/wp\/v2\/users\/2"}],"replies":[{"embeddable":true,"href":"https:\/\/arantv.az\/index.php?rest_route=%2Fwp%2Fv2%2Fcomments&post=28301"}],"version-history":[{"count":0,"href":"https:\/\/arantv.az\/index.php?rest_route=\/wp\/v2\/posts\/28301\/revisions"}],"wp:featuredmedia":[{"embeddable":true,"href":"https:\/\/arantv.az\/index.php?rest_route=\/wp\/v2\/media\/28302"}],"wp:attachment":[{"href":"https:\/\/arantv.az\/index.php?rest_route=%2Fwp%2Fv2%2Fmedia&parent=28301"}],"wp:term":[{"taxonomy":"category","embeddable":true,"href":"https:\/\/arantv.az\/index.php?rest_route=%2Fwp%2Fv2%2Fcategories&post=28301"},{"taxonomy":"post_tag","embeddable":true,"href":"https:\/\/arantv.az\/index.php?rest_route=%2Fwp%2Fv2%2Ftags&post=28301"}],"curies":[{"name":"wp","href":"https:\/\/api.w.org\/{rel}","templated":true}]}}