{"id":28305,"date":"2018-12-19T10:59:01","date_gmt":"2018-12-19T07:59:01","guid":{"rendered":"http:\/\/arantv.az\/?p=28305"},"modified":"2018-12-19T10:59:01","modified_gmt":"2018-12-19T07:59:01","slug":"500-mind%c9%99n-cox-v%c9%99t%c9%99ndas-7-il-%c9%99m%c9%99khaqqidan-g%c9%99lir-vergisi-od%c9%99m%c9%99y%c9%99c%c9%99k","status":"publish","type":"post","link":"https:\/\/arantv.az\/?p=28305","title":{"rendered":"500 mind\u0259n \u00e7ox v\u0259t\u0259nda\u015f 7 il \u0259m\u0259khaqq\u0131dan g\u0259lir vergisi \u00f6d\u0259m\u0259y\u0259c\u0259k"},"content":{"rendered":"<blockquote><p><em><strong>2019-cu il yanvar\u0131n 1-d\u0259n q\u00fcvv\u0259y\u0259 min\u0259c\u0259k Vergi M\u0259c\u0259ll\u0259sind\u0259 \u0259m\u0259khaqq\u0131dan tutulan g\u0259lir vergisi il\u0259 ba\u011fl\u0131 g\u00fcz\u0259\u015ftl\u0259rd\u0259n 500 mind\u0259n \u00e7ox v\u0259t\u0259nda\u015f faydalanacaq.<\/strong><\/em><\/p><\/blockquote>\n<p><strong>ARANTV.AZ<\/strong> report-a istinad\u0259n\u00a0x\u0259b\u0259r verir ki, bu bar\u0259d\u0259 vergil\u0259r nazirinin m\u00fcavini Sahib \u018fl\u0259kb\u0259rov ATV-d\u0259 yay\u0131mlanan &#8220;\u0130qtisadi zona&#8221; proqram\u0131nda deyib.<\/p>\n<p>O, \u0259m\u0259khaqq\u0131dan tutulan g\u0259lir vergisi il\u0259 ba\u011fl\u0131 islahatlar\u0131n mahiyy\u0259tini d\u0259 \u015f\u0259rh edib: &#8220;Vergi M\u0259c\u0259ll\u0259sin\u0259 edil\u0259n d\u0259yi\u015fiklikl\u0259rl\u0259 ilk d\u0259f\u0259 olaraq vergid\u0259n azad olunan \u0259m\u0259khaqq\u0131n\u0131n m\u0259bl\u0259\u011fi 8 000 manata q\u0259d\u0259r art\u0131r\u0131l\u0131b. D\u00f6vl\u0259t v\u0259 neft-qaz sektorunda \u00e7al\u0131\u015fanlar istisna olmaqla, yaln\u0131z qeyri-d\u00f6vl\u0259t sektorunda \u00e7al\u0131\u015fan 500 mind\u0259n \u00e7ox adam bu vergi g\u00fcz\u0259\u015ftl\u0259rind\u0259n faydalana bil\u0259c\u0259k v\u0259 yeddi il onlar \u0259m\u0259k\u00adhaqq\u0131dan g\u0259lir vergisi \u00f6d\u0259m\u0259y\u0259c\u0259kl\u0259r. 2019-cu ilin b\u00fcdc\u0259sind\u0259 g\u0259lir vergisi \u00fczr\u0259 daxilolmalar\u0131n 316 milyon manat azald\u0131lmas\u0131 n\u0259z\u0259rd\u0259 tutulub. B\u00fct\u00f6vl\u00fckd\u0259 planl\u0131 \u015f\u0259kild\u0259 d\u00f6vl\u0259t b\u00fcdc\u0259sin\u0259 vergi daxilolmalar\u0131nda azalma t\u0259xmin\u0259n 400 milyon manata yax\u0131nd\u0131r. Bu is\u0259 o dem\u0259kdir ki, h\u0259min v\u0259saitl\u0259r sahibkarlar\u0131n v\u0259 v\u0259t\u0259nda\u015flar\u0131n s\u0259r\u0259ncam\u0131nda qalacaq&#8230;<\/p>\n<p>Bu g\u00fcz\u0259\u015ftin yaln\u0131z qeyri-neft-qaz, \u00f6z\u0259l sektora aid olmas\u0131n\u0131, mediada b\u0259z\u0259n m\u0259s\u0259l\u0259nin mahiyy\u0259tin\u0259 varmadan, diskriminasiya kimi d\u0259y\u0259rl\u0259ndir\u0259nl\u0259r d\u0259 olur. M\u0259s\u0259l\u0259ni bel\u0259 qoyurlar ki, bu d\u0259yi\u015fiklik niy\u0259 neft-qaz sah\u0259sind\u0259 v\u0259 ya d\u00f6vl\u0259t qullu\u011funda \u00e7al\u0131\u015fanlara \u015famil olunmur? \u018fslind\u0259, m\u0259s\u0259l\u0259y\u0259 bu c\u00fcr yana\u015fmaq d\u00fczg\u00fcn deyil. \u018fg\u0259r bu d\u0259yi\u015fiklik ham\u0131ya \u015famil edils\u0259ydi, onun ad\u0131 g\u00fcz\u0259\u015ft deyil, sad\u0259c\u0259, vergi d\u0259r\u0259c\u0259sinin azald\u0131lmas\u0131 olard\u0131. Amma bu, g\u00fcz\u0259\u015ftdir, g\u00fcz\u0259\u015ft is\u0259 yaln\u0131z m\u00fc\u0259yy\u0259n m\u00fcdd\u0259t\u0259 v\u0259 m\u00fc\u0259yy\u0259n sah\u0259l\u0259r\u0259 t\u0259tbiq edilir v\u0259 bu, b\u00fct\u00fcn d\u00fcnyada bel\u0259dir. G\u00fcz\u0259\u015ftin m\u0259qs\u0259di odur ki, t\u0259tbiq olundu\u011fu problemli sah\u0259l\u0259rd\u0259 m\u00fcsb\u0259t d\u0259yi\u015fiklikl\u0259r \u00fc\u00e7\u00fcn \u015f\u0259rait yarats\u0131n. Dig\u0259r t\u0259r\u0259fd\u0259n, h\u0259r bir g\u00fcz\u0259\u015ftin m\u00fc\u0259yy\u0259n maliyy\u0259 tutumu var v\u0259 bu g\u00fcn b\u00fcdc\u0259miz bel\u0259 bir maliyy\u0259 imkan\u0131na malik deyil ki, bu d\u0259yi\u015fiklikl\u0259r ham\u0131ya \u015famil edilsin&#8221;.<\/p>\n","protected":false},"excerpt":{"rendered":"<p>2019-cu il yanvar\u0131n 1-d\u0259n q\u00fcvv\u0259y\u0259 min\u0259c\u0259k Vergi M\u0259c\u0259ll\u0259sind\u0259 \u0259m\u0259khaqq\u0131dan tutulan g\u0259lir vergisi il\u0259 ba\u011fl\u0131 g\u00fcz\u0259\u015ftl\u0259rd\u0259n 500 mind\u0259n \u00e7ox v\u0259t\u0259nda\u015f faydalanacaq. ARANTV.AZ report-a istinad\u0259n\u00a0x\u0259b\u0259r verir ki, bu bar\u0259d\u0259 vergil\u0259r nazirinin m\u00fcavini Sahib \u018fl\u0259kb\u0259rov ATV-d\u0259 yay\u0131mlanan &#8220;\u0130qtisadi zona&#8221; proqram\u0131nda deyib. O, \u0259m\u0259khaqq\u0131dan tutulan g\u0259lir vergisi il\u0259 ba\u011fl\u0131 islahatlar\u0131n mahiyy\u0259tini d\u0259 \u015f\u0259rh edib: &#8220;Vergi M\u0259c\u0259ll\u0259sin\u0259 edil\u0259n d\u0259yi\u015fiklikl\u0259rl\u0259 ilk d\u0259f\u0259 olaraq vergid\u0259n azad olunan \u0259m\u0259khaqq\u0131n\u0131n m\u0259bl\u0259\u011fi 8 000 manata q\u0259d\u0259r art\u0131r\u0131l\u0131b. D\u00f6vl\u0259t v\u0259 neft-qaz sektorunda \u00e7al\u0131\u015fanlar istisna olmaqla, yaln\u0131z qeyri-d\u00f6vl\u0259t sektorunda \u00e7al\u0131\u015fan 500 mind\u0259n \u00e7ox adam bu vergi g\u00fcz\u0259\u015ftl\u0259rind\u0259n faydalana bil\u0259c\u0259k v\u0259 yeddi il&hellip;<\/p>\n","protected":false},"author":2,"featured_media":28306,"comment_status":"closed","ping_status":"closed","sticky":false,"template":"","format":"standard","meta":{"om_disable_all_campaigns":false,"_monsterinsights_skip_tracking":false,"_monsterinsights_sitenote_active":false,"_monsterinsights_sitenote_note":"","_monsterinsights_sitenote_category":0},"categories":[1],"tags":[],"aioseo_notices":[],"gutentor_comment":0,"rttpg_featured_image_url":{"full":["https:\/\/arantv.az\/wp-content\/uploads\/2018\/12\/713872.jpg",800,600,false],"landscape":["https:\/\/arantv.az\/wp-content\/uploads\/2018\/12\/713872.jpg",800,600,false],"portraits":["https:\/\/arantv.az\/wp-content\/uploads\/2018\/12\/713872.jpg",800,600,false],"thumbnail":["https:\/\/arantv.az\/wp-content\/uploads\/2018\/12\/713872-150x150.jpg",150,150,true],"medium":["https:\/\/arantv.az\/wp-content\/uploads\/2018\/12\/713872-300x225.jpg",300,225,true],"large":["https:\/\/arantv.az\/wp-content\/uploads\/2018\/12\/713872.jpg",640,480,false],"1536x1536":["https:\/\/arantv.az\/wp-content\/uploads\/2018\/12\/713872.jpg",800,600,false],"2048x2048":["https:\/\/arantv.az\/wp-content\/uploads\/2018\/12\/713872.jpg",800,600,false],"post-thumbnail":["https:\/\/arantv.az\/wp-content\/uploads\/2018\/12\/713872-240x172.jpg",240,172,true],"advps-thumb-one":["https:\/\/arantv.az\/wp-content\/uploads\/2018\/12\/713872.jpg",800,600,false]},"rttpg_author":{"display_name":"V\u00fcsal Rafiqo\u011flu","author_link":"https:\/\/arantv.az\/?author=2"},"rttpg_comment":0,"rttpg_category":"<a href=\"https:\/\/arantv.az\/?cat=1\" rel=\"category\">C\u0259miyy\u0259t<\/a>","rttpg_excerpt":"2019-cu il yanvar\u0131n 1-d\u0259n q\u00fcvv\u0259y\u0259 min\u0259c\u0259k Vergi M\u0259c\u0259ll\u0259sind\u0259 \u0259m\u0259khaqq\u0131dan tutulan g\u0259lir vergisi il\u0259 ba\u011fl\u0131 g\u00fcz\u0259\u015ftl\u0259rd\u0259n 500 mind\u0259n \u00e7ox v\u0259t\u0259nda\u015f faydalanacaq. ARANTV.AZ report-a istinad\u0259n\u00a0x\u0259b\u0259r verir ki, bu bar\u0259d\u0259 vergil\u0259r nazirinin m\u00fcavini Sahib \u018fl\u0259kb\u0259rov ATV-d\u0259 yay\u0131mlanan &#8220;\u0130qtisadi zona&#8221; proqram\u0131nda deyib. O, \u0259m\u0259khaqq\u0131dan tutulan g\u0259lir vergisi il\u0259 ba\u011fl\u0131 islahatlar\u0131n mahiyy\u0259tini d\u0259 \u015f\u0259rh edib: &#8220;Vergi M\u0259c\u0259ll\u0259sin\u0259 edil\u0259n d\u0259yi\u015fiklikl\u0259rl\u0259 ilk&hellip;","_links":{"self":[{"href":"https:\/\/arantv.az\/index.php?rest_route=\/wp\/v2\/posts\/28305"}],"collection":[{"href":"https:\/\/arantv.az\/index.php?rest_route=\/wp\/v2\/posts"}],"about":[{"href":"https:\/\/arantv.az\/index.php?rest_route=\/wp\/v2\/types\/post"}],"author":[{"embeddable":true,"href":"https:\/\/arantv.az\/index.php?rest_route=\/wp\/v2\/users\/2"}],"replies":[{"embeddable":true,"href":"https:\/\/arantv.az\/index.php?rest_route=%2Fwp%2Fv2%2Fcomments&post=28305"}],"version-history":[{"count":0,"href":"https:\/\/arantv.az\/index.php?rest_route=\/wp\/v2\/posts\/28305\/revisions"}],"wp:featuredmedia":[{"embeddable":true,"href":"https:\/\/arantv.az\/index.php?rest_route=\/wp\/v2\/media\/28306"}],"wp:attachment":[{"href":"https:\/\/arantv.az\/index.php?rest_route=%2Fwp%2Fv2%2Fmedia&parent=28305"}],"wp:term":[{"taxonomy":"category","embeddable":true,"href":"https:\/\/arantv.az\/index.php?rest_route=%2Fwp%2Fv2%2Fcategories&post=28305"},{"taxonomy":"post_tag","embeddable":true,"href":"https:\/\/arantv.az\/index.php?rest_route=%2Fwp%2Fv2%2Ftags&post=28305"}],"curies":[{"name":"wp","href":"https:\/\/api.w.org\/{rel}","templated":true}]}}