{"id":28311,"date":"2018-12-19T11:05:15","date_gmt":"2018-12-19T08:05:15","guid":{"rendered":"http:\/\/arantv.az\/?p=28311"},"modified":"2018-12-19T11:05:15","modified_gmt":"2018-12-19T08:05:15","slug":"m%c9%99leyk%c9%99-abbaszad%c9%99-ovladlarim-18-yasina-catana-q%c9%99d%c9%99r-yalniz-elmi-f%c9%99aliyy%c9%99tl%c9%99-m%c9%99sgul-oldum","status":"publish","type":"post","link":"https:\/\/arantv.az\/?p=28311","title":{"rendered":"M\u0259leyk\u0259 Abbaszad\u0259: &#8220;\u00d6vladlar\u0131m 18 ya\u015f\u0131na \u00e7atana q\u0259d\u0259r yaln\u0131z elmi f\u0259aliyy\u0259tl\u0259 m\u0259\u015f\u011ful oldum&#8221;"},"content":{"rendered":"<div class=\"spot\">&#8220;M\u0259n \u0259kiz u\u015faqlar\u0131m\u0131n 18 ya\u015f\u0131 tamam olandan sonra d\u00f6vl\u0259t qullu\u011funda f\u0259aliyy\u0259t\u0259 ba\u015flam\u0131\u015fam&#8221;.<\/div>\n<p><strong>ARANTV.AZ<\/strong> Report-a istinad\u0259n x\u0259b\u0259r verir ki, bunu D\u00f6vl\u0259t \u0130mtahan M\u0259rk\u0259zinin s\u0259dri M\u0259leyk\u0259 Abbaszad\u0259 &#8220;Az\u0259rbaycanda \u0130nsan Kapital\u0131 \u00fczr\u0259 Forum&#8221;da deyib.<\/p>\n<p>O bildirib ki, \u00f6vladlar\u0131 18 ya\u015f\u0131na \u00e7atana q\u0259d\u0259r yaln\u0131z elmi f\u0259aliyy\u0259tl\u0259 m\u0259\u015f\u011ful olub: &#8220;M\u0259n el\u0259 f\u0259aliyy\u0259ti se\u00e7mi\u015fdim ki, m\u0259nim i\u015f rejimim \u00f6vladlar\u0131mla bir yerd\u0259 vaxt ke\u00e7irm\u0259y\u0259 mane olmas\u0131n. Yaln\u0131z onlar 18 ya\u015f\u0131 tamam olandan sonra m\u0259n d\u00f6vl\u0259t qullu\u011funda f\u0259aliyy\u0259t\u0259 ba\u015flad\u0131m&#8221;.<\/p>\n<div id=\"AdributorNativeVideo0\" class=\"AdributorNativeVideo\"><\/div>\n<p>M.Abbaszad\u0259 qeyd edib ki, valideynl\u0259rin \u00f6zl\u0259rini \u00f6vladlar\u0131n\u0131n g\u0259l\u0259c\u0259yin\u0259 h\u0259sr etm\u0259si \u015f\u0259xsi m\u0259s\u0259l\u0259dir: &#8220;Erk\u0259n ya\u015fda insan\u0131n inki\u015faf\u0131na t\u0259sir etm\u0259k imkanlar\u0131 daha y\u00fcks\u0259kdir&#8221;.<\/p>\n","protected":false},"excerpt":{"rendered":"<p>&#8220;M\u0259n \u0259kiz u\u015faqlar\u0131m\u0131n 18 ya\u015f\u0131 tamam olandan sonra d\u00f6vl\u0259t qullu\u011funda f\u0259aliyy\u0259t\u0259 ba\u015flam\u0131\u015fam&#8221;. ARANTV.AZ Report-a istinad\u0259n x\u0259b\u0259r verir ki, bunu D\u00f6vl\u0259t \u0130mtahan M\u0259rk\u0259zinin s\u0259dri M\u0259leyk\u0259 Abbaszad\u0259 &#8220;Az\u0259rbaycanda \u0130nsan Kapital\u0131 \u00fczr\u0259 Forum&#8221;da deyib. O bildirib ki, \u00f6vladlar\u0131 18 ya\u015f\u0131na \u00e7atana q\u0259d\u0259r yaln\u0131z elmi f\u0259aliyy\u0259tl\u0259 m\u0259\u015f\u011ful olub: &#8220;M\u0259n el\u0259 f\u0259aliyy\u0259ti se\u00e7mi\u015fdim ki, m\u0259nim i\u015f rejimim \u00f6vladlar\u0131mla bir yerd\u0259 vaxt ke\u00e7irm\u0259y\u0259 mane olmas\u0131n. Yaln\u0131z onlar 18 ya\u015f\u0131 tamam olandan sonra m\u0259n d\u00f6vl\u0259t qullu\u011funda f\u0259aliyy\u0259t\u0259 ba\u015flad\u0131m&#8221;. M.Abbaszad\u0259 qeyd edib ki, valideynl\u0259rin \u00f6zl\u0259rini \u00f6vladlar\u0131n\u0131n g\u0259l\u0259c\u0259yin\u0259 h\u0259sr etm\u0259si \u015f\u0259xsi m\u0259s\u0259l\u0259dir: &#8220;Erk\u0259n ya\u015fda insan\u0131n inki\u015faf\u0131na t\u0259sir etm\u0259k imkanlar\u0131&hellip;<\/p>\n","protected":false},"author":2,"featured_media":28312,"comment_status":"closed","ping_status":"closed","sticky":false,"template":"","format":"standard","meta":{"om_disable_all_campaigns":false,"_monsterinsights_skip_tracking":false,"_monsterinsights_sitenote_active":false,"_monsterinsights_sitenote_note":"","_monsterinsights_sitenote_category":0},"categories":[1],"tags":[],"aioseo_notices":[],"gutentor_comment":0,"rttpg_featured_image_url":{"full":["https:\/\/arantv.az\/wp-content\/uploads\/2018\/12\/meleykeabbbaszade.jpg",620,375,false],"landscape":["https:\/\/arantv.az\/wp-content\/uploads\/2018\/12\/meleykeabbbaszade.jpg",620,375,false],"portraits":["https:\/\/arantv.az\/wp-content\/uploads\/2018\/12\/meleykeabbbaszade.jpg",620,375,false],"thumbnail":["https:\/\/arantv.az\/wp-content\/uploads\/2018\/12\/meleykeabbbaszade-150x150.jpg",150,150,true],"medium":["https:\/\/arantv.az\/wp-content\/uploads\/2018\/12\/meleykeabbbaszade-300x181.jpg",300,181,true],"large":["https:\/\/arantv.az\/wp-content\/uploads\/2018\/12\/meleykeabbbaszade.jpg",620,375,false],"1536x1536":["https:\/\/arantv.az\/wp-content\/uploads\/2018\/12\/meleykeabbbaszade.jpg",620,375,false],"2048x2048":["https:\/\/arantv.az\/wp-content\/uploads\/2018\/12\/meleykeabbbaszade.jpg",620,375,false],"post-thumbnail":["https:\/\/arantv.az\/wp-content\/uploads\/2018\/12\/meleykeabbbaszade-240x172.jpg",240,172,true],"advps-thumb-one":["https:\/\/arantv.az\/wp-content\/uploads\/2018\/12\/meleykeabbbaszade.jpg",620,375,false]},"rttpg_author":{"display_name":"V\u00fcsal Rafiqo\u011flu","author_link":"https:\/\/arantv.az\/?author=2"},"rttpg_comment":0,"rttpg_category":"<a href=\"https:\/\/arantv.az\/?cat=1\" rel=\"category\">C\u0259miyy\u0259t<\/a>","rttpg_excerpt":"&#8220;M\u0259n \u0259kiz u\u015faqlar\u0131m\u0131n 18 ya\u015f\u0131 tamam olandan sonra d\u00f6vl\u0259t qullu\u011funda f\u0259aliyy\u0259t\u0259 ba\u015flam\u0131\u015fam&#8221;. ARANTV.AZ Report-a istinad\u0259n x\u0259b\u0259r verir ki, bunu D\u00f6vl\u0259t \u0130mtahan M\u0259rk\u0259zinin s\u0259dri M\u0259leyk\u0259 Abbaszad\u0259 &#8220;Az\u0259rbaycanda \u0130nsan Kapital\u0131 \u00fczr\u0259 Forum&#8221;da deyib. O bildirib ki, \u00f6vladlar\u0131 18 ya\u015f\u0131na \u00e7atana q\u0259d\u0259r yaln\u0131z elmi f\u0259aliyy\u0259tl\u0259 m\u0259\u015f\u011ful olub: &#8220;M\u0259n el\u0259 f\u0259aliyy\u0259ti se\u00e7mi\u015fdim ki, m\u0259nim i\u015f rejimim \u00f6vladlar\u0131mla bir yerd\u0259&hellip;","_links":{"self":[{"href":"https:\/\/arantv.az\/index.php?rest_route=\/wp\/v2\/posts\/28311"}],"collection":[{"href":"https:\/\/arantv.az\/index.php?rest_route=\/wp\/v2\/posts"}],"about":[{"href":"https:\/\/arantv.az\/index.php?rest_route=\/wp\/v2\/types\/post"}],"author":[{"embeddable":true,"href":"https:\/\/arantv.az\/index.php?rest_route=\/wp\/v2\/users\/2"}],"replies":[{"embeddable":true,"href":"https:\/\/arantv.az\/index.php?rest_route=%2Fwp%2Fv2%2Fcomments&post=28311"}],"version-history":[{"count":0,"href":"https:\/\/arantv.az\/index.php?rest_route=\/wp\/v2\/posts\/28311\/revisions"}],"wp:featuredmedia":[{"embeddable":true,"href":"https:\/\/arantv.az\/index.php?rest_route=\/wp\/v2\/media\/28312"}],"wp:attachment":[{"href":"https:\/\/arantv.az\/index.php?rest_route=%2Fwp%2Fv2%2Fmedia&parent=28311"}],"wp:term":[{"taxonomy":"category","embeddable":true,"href":"https:\/\/arantv.az\/index.php?rest_route=%2Fwp%2Fv2%2Fcategories&post=28311"},{"taxonomy":"post_tag","embeddable":true,"href":"https:\/\/arantv.az\/index.php?rest_route=%2Fwp%2Fv2%2Ftags&post=28311"}],"curies":[{"name":"wp","href":"https:\/\/api.w.org\/{rel}","templated":true}]}}