{"id":28321,"date":"2018-12-19T13:32:48","date_gmt":"2018-12-19T10:32:48","guid":{"rendered":"http:\/\/arantv.az\/?p=28321"},"modified":"2018-12-19T13:32:48","modified_gmt":"2018-12-19T10:32:48","slug":"fazil-mustafa-yeni-binalarin-sakinl%c9%99rinin-70-faizinin-mulkiyy%c9%99t-s%c9%99n%c9%99di-yoxdur","status":"publish","type":"post","link":"https:\/\/arantv.az\/?p=28321","title":{"rendered":"Fazil Mustafa: Yeni binalar\u0131n sakinl\u0259rinin 70 faizinin m\u00fclkiyy\u0259t s\u0259n\u0259di yoxdur"},"content":{"rendered":"<p>Ya\u015fay\u0131\u015f v\u0259 qeyri-ya\u015fay\u0131\u015f sah\u0259l\u0259ri Bak\u0131 \u015f\u0259h\u0259rind\u0259 d\u00f6rd kateqoriya b\u00f6lg\u00fcs\u00fc il\u0259 qiym\u0259tl\u0259ndirildiyi halda, m\u0259nzill\u0259rin harada yerl\u0259\u015fm\u0259sind\u0259n as\u0131l\u0131 olmayaraq binan\u0131n idar\u0259\u00e7iliyini \u0259lind\u0259 saxlayan \u015f\u0259xsl\u0259r v\u0259 ya qruplar ist\u0259diyi kommunal qiym\u0259ti m\u00fc\u0259yy\u0259nl\u0259\u015fdirir.<\/p>\n<p>Onlar\u00a0ist\u0259diyi m\u0259bl\u0259\u011fd\u0259 qarajlara qiym\u0259t qoyur, \u00f6d\u0259n\u0259n v\u0259sait m\u00fcqabilind\u0259 keyfiyy\u0259tli xidm\u0259t d\u0259 g\u00f6st\u0259rmirl\u0259r.<\/p>\n<p>Halbuki bu \u00f6zba\u015f\u0131nal\u0131\u011f\u0131n \u0259n b\u00f6y\u00fck z\u0259rb\u0259si v\u0259t\u0259nda\u015flara d\u0259ymi\u015f olur.<\/p>\n<div id=\"AdributorNativeVideo0\" class=\"AdributorNativeVideo\"><\/div>\n<p><strong>ARANTV.AZ<\/strong>\u00a0x\u0259b\u0259r verir ki, bunu mill\u0259t v\u0259kili\u00a0<strong>Fazil Mustafa<\/strong>\u00a0deyib.<\/p>\n<p>Deputat\u00a0bildirib ki, \u015f\u0259h\u0259r \u0259razisinin h\u0259r kateqoriyas\u0131 \u00fczr\u0259 Tarif \u015euras\u0131 maksimum kommunal x\u0259rcl\u0259rin m\u0259bl\u0259\u011fini m\u00fc\u0259yy\u0259nl\u0259\u015fdirm\u0259lidir ki, insanlar \u0259vv\u0259lc\u0259d\u0259n \u00f6z b\u00fcdc\u0259l\u0259rinin imkanlar\u0131n\u0131 \u00f6l\u00e7\u00fcb-bi\u00e7sinl\u0259r.<\/p>\n<p>\u201cQarajlar\u0131 el\u0259 baha edirl\u0259r ki, insanlar\u0131n almaq imkan\u0131 olmur v\u0259 \u00e7ox vaxt bo\u015f qal\u0131r, \u0259v\u0259zind\u0259 \u0259ks\u0259riyy\u0259t avtomobilini binan\u0131n h\u0259y\u0259tind\u0259 saxlay\u0131r v\u0259 insanlar\u0131 h\u0259r\u0259k\u0259ti m\u0259hdudla\u015f\u0131r, istirah\u0259t etm\u0259 imkanlar\u0131 yox edilir.<\/p>\n<p>Bak\u0131da in\u015fa edil\u0259n binalar\u0131n sakinl\u0259rinin 70 faizi m\u00fclkiyy\u0259t s\u0259n\u0259din\u0259 sahib deyil, halbuki b\u00fct\u00fcn m\u0259d\u0259ni \u00f6lk\u0259l\u0259rd\u0259 m\u0259nzilin pulunu \u00f6d\u0259dins\u0259, art\u0131q r\u0259smi s\u0259n\u0259dini verm\u0259lidirl\u0259r.<\/p>\n<p>On ill\u0259rl\u0259 bina t\u0259hvil verilm\u0259y\u0259c\u0259k dey\u0259, v\u0259t\u0259nda\u015f\u0131n adi alq\u0131-satq\u0131 \u0259m\u0259liyyat\u0131 etm\u0259yi m\u00fcmk\u00fcn olmur.<\/p>\n<p>M\u00fclkiyy\u0259t\u00e7il\u0259rin h\u00fcquqlar\u0131n\u0131 qoruyacaq he\u00e7 bir mexanizm yoxdur\u2026\u201d-dey\u0259, F.Mustafa s\u00f6zl\u0259rin\u0259 \u0259lav\u0259 edib.oxu.az<\/p>\n","protected":false},"excerpt":{"rendered":"<p>Ya\u015fay\u0131\u015f v\u0259 qeyri-ya\u015fay\u0131\u015f sah\u0259l\u0259ri Bak\u0131 \u015f\u0259h\u0259rind\u0259 d\u00f6rd kateqoriya b\u00f6lg\u00fcs\u00fc il\u0259 qiym\u0259tl\u0259ndirildiyi halda, m\u0259nzill\u0259rin harada yerl\u0259\u015fm\u0259sind\u0259n as\u0131l\u0131 olmayaraq binan\u0131n idar\u0259\u00e7iliyini \u0259lind\u0259 saxlayan \u015f\u0259xsl\u0259r v\u0259 ya qruplar ist\u0259diyi kommunal qiym\u0259ti m\u00fc\u0259yy\u0259nl\u0259\u015fdirir. Onlar\u00a0ist\u0259diyi m\u0259bl\u0259\u011fd\u0259 qarajlara qiym\u0259t qoyur, \u00f6d\u0259n\u0259n v\u0259sait m\u00fcqabilind\u0259 keyfiyy\u0259tli xidm\u0259t d\u0259 g\u00f6st\u0259rmirl\u0259r. Halbuki bu \u00f6zba\u015f\u0131nal\u0131\u011f\u0131n \u0259n b\u00f6y\u00fck z\u0259rb\u0259si v\u0259t\u0259nda\u015flara d\u0259ymi\u015f olur. ARANTV.AZ\u00a0x\u0259b\u0259r verir ki, bunu mill\u0259t v\u0259kili\u00a0Fazil Mustafa\u00a0deyib. Deputat\u00a0bildirib ki, \u015f\u0259h\u0259r \u0259razisinin h\u0259r kateqoriyas\u0131 \u00fczr\u0259 Tarif \u015euras\u0131 maksimum kommunal x\u0259rcl\u0259rin m\u0259bl\u0259\u011fini m\u00fc\u0259yy\u0259nl\u0259\u015fdirm\u0259lidir ki, insanlar \u0259vv\u0259lc\u0259d\u0259n \u00f6z b\u00fcdc\u0259l\u0259rinin imkanlar\u0131n\u0131 \u00f6l\u00e7\u00fcb-bi\u00e7sinl\u0259r. \u201cQarajlar\u0131 el\u0259 baha edirl\u0259r ki, insanlar\u0131n almaq imkan\u0131 olmur v\u0259 \u00e7ox vaxt&hellip;<\/p>\n","protected":false},"author":2,"featured_media":28322,"comment_status":"closed","ping_status":"closed","sticky":false,"template":"","format":"standard","meta":{"om_disable_all_campaigns":false,"_monsterinsights_skip_tracking":false,"_monsterinsights_sitenote_active":false,"_monsterinsights_sitenote_note":"","_monsterinsights_sitenote_category":0},"categories":[1],"tags":[],"aioseo_notices":[],"gutentor_comment":0,"rttpg_featured_image_url":{"full":["https:\/\/arantv.az\/wp-content\/uploads\/2018\/12\/fazil-mustafa-2.jpg",620,411,false],"landscape":["https:\/\/arantv.az\/wp-content\/uploads\/2018\/12\/fazil-mustafa-2.jpg",620,411,false],"portraits":["https:\/\/arantv.az\/wp-content\/uploads\/2018\/12\/fazil-mustafa-2.jpg",620,411,false],"thumbnail":["https:\/\/arantv.az\/wp-content\/uploads\/2018\/12\/fazil-mustafa-2-150x150.jpg",150,150,true],"medium":["https:\/\/arantv.az\/wp-content\/uploads\/2018\/12\/fazil-mustafa-2-300x199.jpg",300,199,true],"large":["https:\/\/arantv.az\/wp-content\/uploads\/2018\/12\/fazil-mustafa-2.jpg",620,411,false],"1536x1536":["https:\/\/arantv.az\/wp-content\/uploads\/2018\/12\/fazil-mustafa-2.jpg",620,411,false],"2048x2048":["https:\/\/arantv.az\/wp-content\/uploads\/2018\/12\/fazil-mustafa-2.jpg",620,411,false],"post-thumbnail":["https:\/\/arantv.az\/wp-content\/uploads\/2018\/12\/fazil-mustafa-2-240x172.jpg",240,172,true],"advps-thumb-one":["https:\/\/arantv.az\/wp-content\/uploads\/2018\/12\/fazil-mustafa-2.jpg",620,411,false]},"rttpg_author":{"display_name":"V\u00fcsal Rafiqo\u011flu","author_link":"https:\/\/arantv.az\/?author=2"},"rttpg_comment":0,"rttpg_category":"<a href=\"https:\/\/arantv.az\/?cat=1\" rel=\"category\">C\u0259miyy\u0259t<\/a>","rttpg_excerpt":"Ya\u015fay\u0131\u015f v\u0259 qeyri-ya\u015fay\u0131\u015f sah\u0259l\u0259ri Bak\u0131 \u015f\u0259h\u0259rind\u0259 d\u00f6rd kateqoriya b\u00f6lg\u00fcs\u00fc il\u0259 qiym\u0259tl\u0259ndirildiyi halda, m\u0259nzill\u0259rin harada yerl\u0259\u015fm\u0259sind\u0259n as\u0131l\u0131 olmayaraq binan\u0131n idar\u0259\u00e7iliyini \u0259lind\u0259 saxlayan \u015f\u0259xsl\u0259r v\u0259 ya qruplar ist\u0259diyi kommunal qiym\u0259ti m\u00fc\u0259yy\u0259nl\u0259\u015fdirir. Onlar\u00a0ist\u0259diyi m\u0259bl\u0259\u011fd\u0259 qarajlara qiym\u0259t qoyur, \u00f6d\u0259n\u0259n v\u0259sait m\u00fcqabilind\u0259 keyfiyy\u0259tli xidm\u0259t d\u0259 g\u00f6st\u0259rmirl\u0259r. Halbuki bu \u00f6zba\u015f\u0131nal\u0131\u011f\u0131n \u0259n b\u00f6y\u00fck z\u0259rb\u0259si v\u0259t\u0259nda\u015flara d\u0259ymi\u015f olur. ARANTV.AZ\u00a0x\u0259b\u0259r verir ki, bunu mill\u0259t&hellip;","_links":{"self":[{"href":"https:\/\/arantv.az\/index.php?rest_route=\/wp\/v2\/posts\/28321"}],"collection":[{"href":"https:\/\/arantv.az\/index.php?rest_route=\/wp\/v2\/posts"}],"about":[{"href":"https:\/\/arantv.az\/index.php?rest_route=\/wp\/v2\/types\/post"}],"author":[{"embeddable":true,"href":"https:\/\/arantv.az\/index.php?rest_route=\/wp\/v2\/users\/2"}],"replies":[{"embeddable":true,"href":"https:\/\/arantv.az\/index.php?rest_route=%2Fwp%2Fv2%2Fcomments&post=28321"}],"version-history":[{"count":0,"href":"https:\/\/arantv.az\/index.php?rest_route=\/wp\/v2\/posts\/28321\/revisions"}],"wp:featuredmedia":[{"embeddable":true,"href":"https:\/\/arantv.az\/index.php?rest_route=\/wp\/v2\/media\/28322"}],"wp:attachment":[{"href":"https:\/\/arantv.az\/index.php?rest_route=%2Fwp%2Fv2%2Fmedia&parent=28321"}],"wp:term":[{"taxonomy":"category","embeddable":true,"href":"https:\/\/arantv.az\/index.php?rest_route=%2Fwp%2Fv2%2Fcategories&post=28321"},{"taxonomy":"post_tag","embeddable":true,"href":"https:\/\/arantv.az\/index.php?rest_route=%2Fwp%2Fv2%2Ftags&post=28321"}],"curies":[{"name":"wp","href":"https:\/\/api.w.org\/{rel}","templated":true}]}}