{"id":28324,"date":"2018-12-19T13:33:53","date_gmt":"2018-12-19T10:33:53","guid":{"rendered":"http:\/\/arantv.az\/?p=28324"},"modified":"2018-12-19T13:33:53","modified_gmt":"2018-12-19T10:33:53","slug":"bayramqabagi-bazar-qiym%c9%99tl%c9%99ri-video","status":"publish","type":"post","link":"https:\/\/arantv.az\/?p=28324","title":{"rendered":"Bayramqaba\u011f\u0131 bazar qiym\u0259tl\u0259ri &#8211; V\u0130DEO"},"content":{"rendered":"<p>Yeni il\u0259 say\u0131l\u0131 g\u00fcnl\u0259r qal\u0131b. Bu da o dem\u0259kdir ki, bayram bazarl\u0131qlar\u0131 art\u0131q ba\u015flay\u0131b. G\u00f6r\u0259s\u0259n, haz\u0131rda qiym\u0259tl\u0259r nec\u0259dir?<\/p>\n<p>M\u0259hz bunu \u00f6yr\u0259nm\u0259k \u00fc\u00e7\u00fcn \u00fcz tutduq paytaxt bazarlar\u0131ndan birin\u0259. Sat\u0131c\u0131lar bildirdi ki,\u00a0\u0259vv\u0259lki ill\u0259rd\u0259n f\u0259rqli olaraq, bu il el\u0259 d\u0259 qiym\u0259t art\u0131m\u0131 m\u00fc\u015fahid\u0259 olunmur. Al\u0131c\u0131l\u0131q qabiliyy\u0259ti is\u0259 a\u015fa\u011f\u0131d\u0131r.<\/p>\n<p>Bayram s\u00fcfr\u0259sini plovsuz t\u0259s\u0259vv\u00fcr etm\u0259k olmur. Bazarda h\u0259r n\u00f6v d\u00fcy\u00fcl\u0259r\u0259 rast g\u0259lm\u0259k m\u00fcmk\u00fcnd\u00fcr. \u00c7e\u015fidd\u0259n as\u0131l\u0131 olaraq qiym\u0259tl\u0259r d\u0259 d\u0259yi\u015fir.<\/p>\n<div id=\"AdributorNativeVideo0\" class=\"AdributorNativeVideo\"><\/div>\n<p>Quru meyv\u0259l\u0259rin qiym\u0259tl\u0259ri d\u0259 m\u00fcxt\u0259lifdir.<\/p>\n<p>Bayramda daha \u00e7ox al\u0131nan naringidir. Bu meyv\u0259nin qiym\u0259tl\u0259ri bir-alt\u0131 manat aras\u0131nda d\u0259yi\u015fir.<\/p>\n<p><strong>ARANTV.AZ\u00a0\u00a0<\/strong>Baku TV-nin m\u00f6vzu il\u0259 ba\u011fl\u0131 haz\u0131rlad\u0131\u011f\u0131 reportaj\u0131 t\u0259qdim edir:<\/p>\n<div><iframe loading=\"lazy\" src=\"https:\/\/www.youtube.com\/embed\/6IZI74RXlbg\" width=\"590\" height=\"400\" frameborder=\"0\" allowfullscreen=\"allowfullscreen\" data-mce-fragment=\"1\"><\/iframe><\/div>\n<p>&nbsp;<\/p>\n","protected":false},"excerpt":{"rendered":"<p>Yeni il\u0259 say\u0131l\u0131 g\u00fcnl\u0259r qal\u0131b. Bu da o dem\u0259kdir ki, bayram bazarl\u0131qlar\u0131 art\u0131q ba\u015flay\u0131b. G\u00f6r\u0259s\u0259n, haz\u0131rda qiym\u0259tl\u0259r nec\u0259dir? M\u0259hz bunu \u00f6yr\u0259nm\u0259k \u00fc\u00e7\u00fcn \u00fcz tutduq paytaxt bazarlar\u0131ndan birin\u0259. Sat\u0131c\u0131lar bildirdi ki,\u00a0\u0259vv\u0259lki ill\u0259rd\u0259n f\u0259rqli olaraq, bu il el\u0259 d\u0259 qiym\u0259t art\u0131m\u0131 m\u00fc\u015fahid\u0259 olunmur. Al\u0131c\u0131l\u0131q qabiliyy\u0259ti is\u0259 a\u015fa\u011f\u0131d\u0131r. Bayram s\u00fcfr\u0259sini plovsuz t\u0259s\u0259vv\u00fcr etm\u0259k olmur. Bazarda h\u0259r n\u00f6v d\u00fcy\u00fcl\u0259r\u0259 rast g\u0259lm\u0259k m\u00fcmk\u00fcnd\u00fcr. \u00c7e\u015fidd\u0259n as\u0131l\u0131 olaraq qiym\u0259tl\u0259r d\u0259 d\u0259yi\u015fir. Quru meyv\u0259l\u0259rin qiym\u0259tl\u0259ri d\u0259 m\u00fcxt\u0259lifdir. Bayramda daha \u00e7ox al\u0131nan naringidir. Bu meyv\u0259nin qiym\u0259tl\u0259ri bir-alt\u0131 manat aras\u0131nda d\u0259yi\u015fir. ARANTV.AZ\u00a0\u00a0Baku TV-nin m\u00f6vzu il\u0259 ba\u011fl\u0131 haz\u0131rlad\u0131\u011f\u0131 reportaj\u0131 t\u0259qdim edir:&hellip;<\/p>\n","protected":false},"author":2,"featured_media":28325,"comment_status":"closed","ping_status":"closed","sticky":false,"template":"","format":"standard","meta":{"om_disable_all_campaigns":false,"_monsterinsights_skip_tracking":false,"_monsterinsights_sitenote_active":false,"_monsterinsights_sitenote_note":"","_monsterinsights_sitenote_category":0},"categories":[1],"tags":[],"aioseo_notices":[],"gutentor_comment":0,"rttpg_featured_image_url":{"full":["https:\/\/arantv.az\/wp-content\/uploads\/2018\/12\/48416145_491123594711279_6635083401206431744_n.jpg",620,349,false],"landscape":["https:\/\/arantv.az\/wp-content\/uploads\/2018\/12\/48416145_491123594711279_6635083401206431744_n.jpg",620,349,false],"portraits":["https:\/\/arantv.az\/wp-content\/uploads\/2018\/12\/48416145_491123594711279_6635083401206431744_n.jpg",620,349,false],"thumbnail":["https:\/\/arantv.az\/wp-content\/uploads\/2018\/12\/48416145_491123594711279_6635083401206431744_n-150x150.jpg",150,150,true],"medium":["https:\/\/arantv.az\/wp-content\/uploads\/2018\/12\/48416145_491123594711279_6635083401206431744_n-300x169.jpg",300,169,true],"large":["https:\/\/arantv.az\/wp-content\/uploads\/2018\/12\/48416145_491123594711279_6635083401206431744_n.jpg",620,349,false],"1536x1536":["https:\/\/arantv.az\/wp-content\/uploads\/2018\/12\/48416145_491123594711279_6635083401206431744_n.jpg",620,349,false],"2048x2048":["https:\/\/arantv.az\/wp-content\/uploads\/2018\/12\/48416145_491123594711279_6635083401206431744_n.jpg",620,349,false],"post-thumbnail":["https:\/\/arantv.az\/wp-content\/uploads\/2018\/12\/48416145_491123594711279_6635083401206431744_n-240x172.jpg",240,172,true],"advps-thumb-one":["https:\/\/arantv.az\/wp-content\/uploads\/2018\/12\/48416145_491123594711279_6635083401206431744_n.jpg",620,349,false]},"rttpg_author":{"display_name":"V\u00fcsal Rafiqo\u011flu","author_link":"https:\/\/arantv.az\/?author=2"},"rttpg_comment":0,"rttpg_category":"<a href=\"https:\/\/arantv.az\/?cat=1\" rel=\"category\">C\u0259miyy\u0259t<\/a>","rttpg_excerpt":"Yeni il\u0259 say\u0131l\u0131 g\u00fcnl\u0259r qal\u0131b. Bu da o dem\u0259kdir ki, bayram bazarl\u0131qlar\u0131 art\u0131q ba\u015flay\u0131b. G\u00f6r\u0259s\u0259n, haz\u0131rda qiym\u0259tl\u0259r nec\u0259dir? M\u0259hz bunu \u00f6yr\u0259nm\u0259k \u00fc\u00e7\u00fcn \u00fcz tutduq paytaxt bazarlar\u0131ndan birin\u0259. Sat\u0131c\u0131lar bildirdi ki,\u00a0\u0259vv\u0259lki ill\u0259rd\u0259n f\u0259rqli olaraq, bu il el\u0259 d\u0259 qiym\u0259t art\u0131m\u0131 m\u00fc\u015fahid\u0259 olunmur. Al\u0131c\u0131l\u0131q qabiliyy\u0259ti is\u0259 a\u015fa\u011f\u0131d\u0131r. Bayram s\u00fcfr\u0259sini plovsuz t\u0259s\u0259vv\u00fcr etm\u0259k olmur. Bazarda h\u0259r n\u00f6v d\u00fcy\u00fcl\u0259r\u0259&hellip;","_links":{"self":[{"href":"https:\/\/arantv.az\/index.php?rest_route=\/wp\/v2\/posts\/28324"}],"collection":[{"href":"https:\/\/arantv.az\/index.php?rest_route=\/wp\/v2\/posts"}],"about":[{"href":"https:\/\/arantv.az\/index.php?rest_route=\/wp\/v2\/types\/post"}],"author":[{"embeddable":true,"href":"https:\/\/arantv.az\/index.php?rest_route=\/wp\/v2\/users\/2"}],"replies":[{"embeddable":true,"href":"https:\/\/arantv.az\/index.php?rest_route=%2Fwp%2Fv2%2Fcomments&post=28324"}],"version-history":[{"count":0,"href":"https:\/\/arantv.az\/index.php?rest_route=\/wp\/v2\/posts\/28324\/revisions"}],"wp:featuredmedia":[{"embeddable":true,"href":"https:\/\/arantv.az\/index.php?rest_route=\/wp\/v2\/media\/28325"}],"wp:attachment":[{"href":"https:\/\/arantv.az\/index.php?rest_route=%2Fwp%2Fv2%2Fmedia&parent=28324"}],"wp:term":[{"taxonomy":"category","embeddable":true,"href":"https:\/\/arantv.az\/index.php?rest_route=%2Fwp%2Fv2%2Fcategories&post=28324"},{"taxonomy":"post_tag","embeddable":true,"href":"https:\/\/arantv.az\/index.php?rest_route=%2Fwp%2Fv2%2Ftags&post=28324"}],"curies":[{"name":"wp","href":"https:\/\/api.w.org\/{rel}","templated":true}]}}