{"id":28327,"date":"2018-12-19T13:36:00","date_gmt":"2018-12-19T10:36:00","guid":{"rendered":"http:\/\/arantv.az\/?p=28327"},"modified":"2018-12-19T13:36:00","modified_gmt":"2018-12-19T10:36:00","slug":"nazir-muavini-bir-sira-iri-mu%c9%99ssis%c9%99l%c9%99r-oz-biznesini-ayri-ayri-xirda-hiss%c9%99l%c9%99r%c9%99-parcalayaraq-b%c9%99zi-vergil%c9%99ri-od%c9%99m%c9%99kd%c9%99n-yayinirlar","status":"publish","type":"post","link":"https:\/\/arantv.az\/?p=28327","title":{"rendered":"Nazir m\u00fcavini: &#8220;Bir s\u0131ra iri m\u00fc\u0259ssis\u0259l\u0259r \u00f6z biznesini ayr\u0131-ayr\u0131 x\u0131rda hiss\u0259l\u0259r\u0259 &#8220;par\u00e7alayaraq&#8221; b\u0259zi vergil\u0259ri \u00f6d\u0259m\u0259kd\u0259n yay\u0131n\u0131rlar&#8221;"},"content":{"rendered":"<blockquote><p><em><strong>Bir s\u0131ra iri m\u00fc\u0259ssis\u0259l\u0259r \u00f6z biznesini ayr\u0131-ayr\u0131 x\u0131rda hiss\u0259l\u0259r\u0259 &#8220;par\u00e7alayaraq&#8221; b\u0259zi vergil\u0259ri \u00f6d\u0259m\u0259kd\u0259n yay\u0131n\u0131rlar.<\/strong><\/em><\/p><\/blockquote>\n<p><strong>ARANTV.AZ<\/strong> trend-\u0259 istinad\u0259n x\u0259b\u0259r verir ki, bunu vergil\u0259r nazirinin m\u00fcavini Sahib \u018fl\u0259kb\u0259rov deyib.<\/p>\n<p>Nazir m\u00fcavini g\u0259l\u0259n ilin \u0259vv\u0259lind\u0259n t\u0259tbiqin\u0259 ba\u015flanacaq daha bir ciddi islahat &#8211; sad\u0259l\u0259\u015fdirilmi\u015f vergi d\u0259r\u0259c\u0259l\u0259rinin a\u015fa\u011f\u0131 sal\u0131nmas\u0131, bu vergi n\u00f6v\u00fcn\u00fcn \u0259hat\u0259 dair\u0259sinin m\u0259hdudla\u015fd\u0131r\u0131lmas\u0131, habel\u0259 \u018fDV-y\u0259 c\u0259lb edil\u0259n d\u00f6vriyy\u0259nin t\u0259dric\u0259n geni\u015fl\u0259nm\u0259si m\u0259s\u0259l\u0259sin\u0259 d\u0259 ayd\u0131nl\u0131q g\u0259tirib. Qeyd edilib ki, sad\u0259l\u0259\u015fdirilmi\u015f vergi t\u0259tbiq olunark\u0259n onun sahibkarlar \u00fc\u00e7\u00fcn daha rahat i\u015f \u015f\u0259raiti yaratmaqla yana\u015f\u0131, normal vergi u\u00e7otunun formala\u015fd\u0131r\u0131lmas\u0131na da \u015f\u0259rait yaradaca\u011f\u0131na \u00fcmid edilirdi v\u0259 ilk d\u00f6vrl\u0259rd\u0259 h\u0259qiq\u0259t\u0259n d\u0259 bel\u0259 olmu\u015fdu:<\/p>\n<p>&#8220;Lakin son vaxtlar n\u0259 m\u00fc\u015fahid\u0259 olunur? Haz\u0131rda \u00f6lk\u0259 \u00fczr\u0259 qeydiyyatda olan vergi \u00f6d\u0259yicil\u0259rinin 90 faizind\u0259n \u00e7oxu sad\u0259l\u0259\u015fdirilmi\u015f vergi \u00f6d\u0259yicil\u0259ridir. Vergi daxilolmalar\u0131nda bu verginin x\u00fcsusi \u00e7\u0259kisi is\u0259 5 faizd\u0259n bir az \u00e7oxdur. Halbuki bir \u00e7ox \u00f6lk\u0259l\u0259rd\u0259 bu g\u00f6st\u0259rici 40 faiz civar\u0131ndad\u0131r. Son vaxtlar b\u0259zi sahibkarlar sad\u0259l\u0259\u015fdirilmi\u015f vergid\u0259n bir vergid\u0259n yay\u0131nma sxemi kimi istifad\u0259 etm\u0259y\u0259 c\u0259hd g\u00f6st\u0259rm\u0259y\u0259 ba\u015flay\u0131blar. Bir s\u0131ra b\u00f6y\u00fck m\u00fc\u0259ssis\u0259l\u0259r \u00f6z biznesini ayr\u0131-ayr\u0131 x\u0131rda hiss\u0259l\u0259r\u0259 &#8220;par\u00e7alayaraq&#8221; sad\u0259l\u0259\u015fdirilmi\u015f vergi \u00f6d\u0259yicisi kimi f\u0259aliyy\u0259t g\u00f6st\u0259rir, dig\u0259r vergil\u0259ri \u00f6d\u0259m\u0259kd\u0259n yay\u0131n\u0131rlar. \u00dcst\u0259lik, onlar sad\u0259l\u0259\u015fdirilmi\u015f vergini 2 faizl\u0259 \u00f6d\u0259m\u0259k \u00fc\u00e7\u00fcn Bak\u0131da f\u0259aliyy\u0259t g\u00f6st\u0259rs\u0259l\u0259r d\u0259, \u00f6z biznesl\u0259rini regionlarda qeydiyyatdan ke\u00e7irirl\u0259r v\u0259 bununla da vergi u\u00e7otu \u00fc\u00e7\u00fcn ciddi probleml\u0259r yarad\u0131rlar. B\u00fct\u00fcn bunlar\u0131n qar\u015f\u0131s\u0131n\u0131n al\u0131nmas\u0131 m\u0259qs\u0259dil\u0259 Vergi M\u0259c\u0259ll\u0259sind\u0259 z\u0259ruri d\u0259yi\u015fiklikl\u0259r edilib&#8221;.<\/p>\n<p>O qeyd edib ki, sad\u0259l\u0259\u015fdirilmi\u015f vergi l\u0259\u011fv olunmayacaq, lakin b\u0259zi sah\u0259l\u0259r var ki, h\u0259min f\u0259aliyy\u0259t istiqam\u0259tl\u0259ri \u00fczr\u0259 i\u015f qurmu\u015f sahibkarlar sad\u0259l\u0259\u015fdirilmi\u015f vergi \u00f6d\u0259yicisi ola bilm\u0259y\u0259c\u0259kl\u0259r: &#8220;M\u0259s\u0259l\u0259n, indiy\u0259d\u0259k d\u00f6vriyy\u0259si kifay\u0259t q\u0259d\u0259r b\u00f6y\u00fck olan b\u0259zi sahibkarlar d\u00f6vl\u0259td\u0259n lisenziya ald\u0131\u011f\u0131 halda, sad\u0259l\u0259\u015fdirilmi\u015f vergi \u00f6d\u0259yicisi kimi f\u0259aliyy\u0259t g\u00f6st\u0259rirdil\u0259r. Amma g\u0259l\u0259n ild\u0259n bu, bel\u0259 olmayacaq. M\u0259lum oldu\u011fu kimi, yaln\u0131z x\u00fcsusi n\u0259zar\u0259t t\u0259l\u0259b ed\u0259n sah\u0259l\u0259r\u0259 lisenziya verilir v\u0259 bu lisenziyalar\u0131n say\u0131 \u00e7ox azd\u0131r. Topdansat\u0131\u015f ticar\u0259tl\u0259, el\u0259c\u0259 d\u0259 q\u0131z\u0131l m\u0259mulatlar\u0131n\u0131n, x\u0259z-d\u0259ri m\u0259hsullar\u0131n\u0131n sat\u0131\u015f\u0131 v\u0259 b\u0259zi dig\u0259r f\u0259aliyy\u0259t n\u00f6vl\u0259ri il\u0259 m\u0259\u015f\u011ful olan sahibkarlar da sad\u0259l\u0259\u015fdirilmi\u015f vergi \u00f6d\u0259yicisi ola bilm\u0259y\u0259c\u0259kl\u0259r&#8221;.<\/p>\n","protected":false},"excerpt":{"rendered":"<p>Bir s\u0131ra iri m\u00fc\u0259ssis\u0259l\u0259r \u00f6z biznesini ayr\u0131-ayr\u0131 x\u0131rda hiss\u0259l\u0259r\u0259 &#8220;par\u00e7alayaraq&#8221; b\u0259zi vergil\u0259ri \u00f6d\u0259m\u0259kd\u0259n yay\u0131n\u0131rlar. ARANTV.AZ trend-\u0259 istinad\u0259n x\u0259b\u0259r verir ki, bunu vergil\u0259r nazirinin m\u00fcavini Sahib \u018fl\u0259kb\u0259rov deyib. Nazir m\u00fcavini g\u0259l\u0259n ilin \u0259vv\u0259lind\u0259n t\u0259tbiqin\u0259 ba\u015flanacaq daha bir ciddi islahat &#8211; sad\u0259l\u0259\u015fdirilmi\u015f vergi d\u0259r\u0259c\u0259l\u0259rinin a\u015fa\u011f\u0131 sal\u0131nmas\u0131, bu vergi n\u00f6v\u00fcn\u00fcn \u0259hat\u0259 dair\u0259sinin m\u0259hdudla\u015fd\u0131r\u0131lmas\u0131, habel\u0259 \u018fDV-y\u0259 c\u0259lb edil\u0259n d\u00f6vriyy\u0259nin t\u0259dric\u0259n geni\u015fl\u0259nm\u0259si m\u0259s\u0259l\u0259sin\u0259 d\u0259 ayd\u0131nl\u0131q g\u0259tirib. Qeyd edilib ki, sad\u0259l\u0259\u015fdirilmi\u015f vergi t\u0259tbiq olunark\u0259n onun sahibkarlar \u00fc\u00e7\u00fcn daha rahat i\u015f \u015f\u0259raiti yaratmaqla yana\u015f\u0131, normal vergi u\u00e7otunun formala\u015fd\u0131r\u0131lmas\u0131na da \u015f\u0259rait yaradaca\u011f\u0131na \u00fcmid edilirdi v\u0259 ilk d\u00f6vrl\u0259rd\u0259 h\u0259qiq\u0259t\u0259n&hellip;<\/p>\n","protected":false},"author":2,"featured_media":28328,"comment_status":"closed","ping_status":"closed","sticky":false,"template":"","format":"standard","meta":{"om_disable_all_campaigns":false,"_monsterinsights_skip_tracking":false,"_monsterinsights_sitenote_active":false,"_monsterinsights_sitenote_note":"","_monsterinsights_sitenote_category":0},"categories":[1],"tags":[],"aioseo_notices":[],"gutentor_comment":0,"rttpg_featured_image_url":{"full":["https:\/\/arantv.az\/wp-content\/uploads\/2018\/12\/713954.jpg",800,600,false],"landscape":["https:\/\/arantv.az\/wp-content\/uploads\/2018\/12\/713954.jpg",800,600,false],"portraits":["https:\/\/arantv.az\/wp-content\/uploads\/2018\/12\/713954.jpg",800,600,false],"thumbnail":["https:\/\/arantv.az\/wp-content\/uploads\/2018\/12\/713954-150x150.jpg",150,150,true],"medium":["https:\/\/arantv.az\/wp-content\/uploads\/2018\/12\/713954-300x225.jpg",300,225,true],"large":["https:\/\/arantv.az\/wp-content\/uploads\/2018\/12\/713954.jpg",640,480,false],"1536x1536":["https:\/\/arantv.az\/wp-content\/uploads\/2018\/12\/713954.jpg",800,600,false],"2048x2048":["https:\/\/arantv.az\/wp-content\/uploads\/2018\/12\/713954.jpg",800,600,false],"post-thumbnail":["https:\/\/arantv.az\/wp-content\/uploads\/2018\/12\/713954-240x172.jpg",240,172,true],"advps-thumb-one":["https:\/\/arantv.az\/wp-content\/uploads\/2018\/12\/713954.jpg",800,600,false]},"rttpg_author":{"display_name":"V\u00fcsal Rafiqo\u011flu","author_link":"https:\/\/arantv.az\/?author=2"},"rttpg_comment":0,"rttpg_category":"<a href=\"https:\/\/arantv.az\/?cat=1\" rel=\"category\">C\u0259miyy\u0259t<\/a>","rttpg_excerpt":"Bir s\u0131ra iri m\u00fc\u0259ssis\u0259l\u0259r \u00f6z biznesini ayr\u0131-ayr\u0131 x\u0131rda hiss\u0259l\u0259r\u0259 &#8220;par\u00e7alayaraq&#8221; b\u0259zi vergil\u0259ri \u00f6d\u0259m\u0259kd\u0259n yay\u0131n\u0131rlar. ARANTV.AZ trend-\u0259 istinad\u0259n x\u0259b\u0259r verir ki, bunu vergil\u0259r nazirinin m\u00fcavini Sahib \u018fl\u0259kb\u0259rov deyib. Nazir m\u00fcavini g\u0259l\u0259n ilin \u0259vv\u0259lind\u0259n t\u0259tbiqin\u0259 ba\u015flanacaq daha bir ciddi islahat &#8211; sad\u0259l\u0259\u015fdirilmi\u015f vergi d\u0259r\u0259c\u0259l\u0259rinin a\u015fa\u011f\u0131 sal\u0131nmas\u0131, bu vergi n\u00f6v\u00fcn\u00fcn \u0259hat\u0259 dair\u0259sinin m\u0259hdudla\u015fd\u0131r\u0131lmas\u0131, habel\u0259 \u018fDV-y\u0259 c\u0259lb edil\u0259n d\u00f6vriyy\u0259nin&hellip;","_links":{"self":[{"href":"https:\/\/arantv.az\/index.php?rest_route=\/wp\/v2\/posts\/28327"}],"collection":[{"href":"https:\/\/arantv.az\/index.php?rest_route=\/wp\/v2\/posts"}],"about":[{"href":"https:\/\/arantv.az\/index.php?rest_route=\/wp\/v2\/types\/post"}],"author":[{"embeddable":true,"href":"https:\/\/arantv.az\/index.php?rest_route=\/wp\/v2\/users\/2"}],"replies":[{"embeddable":true,"href":"https:\/\/arantv.az\/index.php?rest_route=%2Fwp%2Fv2%2Fcomments&post=28327"}],"version-history":[{"count":0,"href":"https:\/\/arantv.az\/index.php?rest_route=\/wp\/v2\/posts\/28327\/revisions"}],"wp:featuredmedia":[{"embeddable":true,"href":"https:\/\/arantv.az\/index.php?rest_route=\/wp\/v2\/media\/28328"}],"wp:attachment":[{"href":"https:\/\/arantv.az\/index.php?rest_route=%2Fwp%2Fv2%2Fmedia&parent=28327"}],"wp:term":[{"taxonomy":"category","embeddable":true,"href":"https:\/\/arantv.az\/index.php?rest_route=%2Fwp%2Fv2%2Fcategories&post=28327"},{"taxonomy":"post_tag","embeddable":true,"href":"https:\/\/arantv.az\/index.php?rest_route=%2Fwp%2Fv2%2Ftags&post=28327"}],"curies":[{"name":"wp","href":"https:\/\/api.w.org\/{rel}","templated":true}]}}