{"id":28336,"date":"2018-12-19T13:38:56","date_gmt":"2018-12-19T10:38:56","guid":{"rendered":"http:\/\/arantv.az\/?p=28336"},"modified":"2018-12-19T13:38:56","modified_gmt":"2018-12-19T10:38:56","slug":"bu-il-olk%c9%99d%c9%99-30-a-yaxin-dini-%c9%99d%c9%99biyyatin-capina-icaz%c9%99-verilm%c9%99yib","status":"publish","type":"post","link":"https:\/\/arantv.az\/?p=28336","title":{"rendered":"Bu il \u00f6lk\u0259d\u0259 30-a yax\u0131n dini \u0259d\u0259biyyat\u0131n \u00e7ap\u0131na icaz\u0259 verilm\u0259yib"},"content":{"rendered":"<blockquote><p><em><strong>2018-ci ild\u0259 Az\u0259rbaycanda 30-a yax\u0131n dini \u0259d\u0259biyyat\u0131n \u00e7ap\u0131na icaz\u0259 verilm\u0259yib.<\/strong><\/em><\/p><\/blockquote>\n<p><strong>ARANTV.AZ<\/strong> trend-\u0259 istinad\u0259n x\u0259b\u0259r verir ki, bunu Dini Qurumlarla \u0130\u015f \u00fczr\u0259 D\u00f6vl\u0259t Komit\u0259sinin Din\u015f\u00fcnasl\u0131q ekspertizas\u0131 \u015f\u00f6b\u0259sinin m\u00fcdiri Nahid M\u0259mm\u0259dov deyib.<\/p>\n<p>N.M\u0259mm\u0259dov qeyd edib ki, bunun \u0259sas s\u0259b\u0259bl\u0259ri h\u0259min kitablarda Az\u0259rbaycandak\u0131 multikultural d\u0259y\u0259rl\u0259r\u0259 zidd olan fikirl\u0259rin olmas\u0131 v\u0259 m\u00fc\u0259yy\u0259n m\u0259qs\u0259dl\u0259rl\u0259 ba\u011fl\u0131 \u00e7ap edilm\u0259si olub:<\/p>\n<div id=\"AdributorNativeVideo0\" class=\"AdributorNativeVideo\"><\/div>\n<p>&#8220;\u00d6lk\u0259y\u0259 idxal edil\u0259n dini \u0259d\u0259biyyatlar\u0131n say\u0131nda m\u00fc\u0259yy\u0259n q\u0259d\u0259r m\u0259hdudiyy\u0259tl\u0259r t\u0259tbiq olunub. H\u0259min kitablar milli-m\u0259n\u0259vi d\u0259y\u0259rl\u0259rimizin \u0259leyhin\u0259 olub, d\u00fc\u015fm\u0259n\u00e7ilik yay\u0131r. Onlar\u0131n say\u0131 t\u0259xmin\u0259n 800-\u0259 yax\u0131nd\u0131r&#8221;.<\/p>\n","protected":false},"excerpt":{"rendered":"<p>2018-ci ild\u0259 Az\u0259rbaycanda 30-a yax\u0131n dini \u0259d\u0259biyyat\u0131n \u00e7ap\u0131na icaz\u0259 verilm\u0259yib. ARANTV.AZ trend-\u0259 istinad\u0259n x\u0259b\u0259r verir ki, bunu Dini Qurumlarla \u0130\u015f \u00fczr\u0259 D\u00f6vl\u0259t Komit\u0259sinin Din\u015f\u00fcnasl\u0131q ekspertizas\u0131 \u015f\u00f6b\u0259sinin m\u00fcdiri Nahid M\u0259mm\u0259dov deyib. N.M\u0259mm\u0259dov qeyd edib ki, bunun \u0259sas s\u0259b\u0259bl\u0259ri h\u0259min kitablarda Az\u0259rbaycandak\u0131 multikultural d\u0259y\u0259rl\u0259r\u0259 zidd olan fikirl\u0259rin olmas\u0131 v\u0259 m\u00fc\u0259yy\u0259n m\u0259qs\u0259dl\u0259rl\u0259 ba\u011fl\u0131 \u00e7ap edilm\u0259si olub: &#8220;\u00d6lk\u0259y\u0259 idxal edil\u0259n dini \u0259d\u0259biyyatlar\u0131n say\u0131nda m\u00fc\u0259yy\u0259n q\u0259d\u0259r m\u0259hdudiyy\u0259tl\u0259r t\u0259tbiq olunub. H\u0259min kitablar milli-m\u0259n\u0259vi d\u0259y\u0259rl\u0259rimizin \u0259leyhin\u0259 olub, d\u00fc\u015fm\u0259n\u00e7ilik yay\u0131r. Onlar\u0131n say\u0131 t\u0259xmin\u0259n 800-\u0259 yax\u0131nd\u0131r&#8221;.<\/p>\n","protected":false},"author":2,"featured_media":28337,"comment_status":"closed","ping_status":"closed","sticky":false,"template":"","format":"standard","meta":{"om_disable_all_campaigns":false,"_monsterinsights_skip_tracking":false,"_monsterinsights_sitenote_active":false,"_monsterinsights_sitenote_note":"","_monsterinsights_sitenote_category":0},"categories":[1],"tags":[],"aioseo_notices":[],"gutentor_comment":0,"rttpg_featured_image_url":{"full":["https:\/\/arantv.az\/wp-content\/uploads\/2018\/12\/713888.jpg",800,600,false],"landscape":["https:\/\/arantv.az\/wp-content\/uploads\/2018\/12\/713888.jpg",800,600,false],"portraits":["https:\/\/arantv.az\/wp-content\/uploads\/2018\/12\/713888.jpg",800,600,false],"thumbnail":["https:\/\/arantv.az\/wp-content\/uploads\/2018\/12\/713888-150x150.jpg",150,150,true],"medium":["https:\/\/arantv.az\/wp-content\/uploads\/2018\/12\/713888-300x225.jpg",300,225,true],"large":["https:\/\/arantv.az\/wp-content\/uploads\/2018\/12\/713888.jpg",640,480,false],"1536x1536":["https:\/\/arantv.az\/wp-content\/uploads\/2018\/12\/713888.jpg",800,600,false],"2048x2048":["https:\/\/arantv.az\/wp-content\/uploads\/2018\/12\/713888.jpg",800,600,false],"post-thumbnail":["https:\/\/arantv.az\/wp-content\/uploads\/2018\/12\/713888-240x172.jpg",240,172,true],"advps-thumb-one":["https:\/\/arantv.az\/wp-content\/uploads\/2018\/12\/713888.jpg",800,600,false]},"rttpg_author":{"display_name":"V\u00fcsal Rafiqo\u011flu","author_link":"https:\/\/arantv.az\/?author=2"},"rttpg_comment":0,"rttpg_category":"<a href=\"https:\/\/arantv.az\/?cat=1\" rel=\"category\">C\u0259miyy\u0259t<\/a>","rttpg_excerpt":"2018-ci ild\u0259 Az\u0259rbaycanda 30-a yax\u0131n dini \u0259d\u0259biyyat\u0131n \u00e7ap\u0131na icaz\u0259 verilm\u0259yib. ARANTV.AZ trend-\u0259 istinad\u0259n x\u0259b\u0259r verir ki, bunu Dini Qurumlarla \u0130\u015f \u00fczr\u0259 D\u00f6vl\u0259t Komit\u0259sinin Din\u015f\u00fcnasl\u0131q ekspertizas\u0131 \u015f\u00f6b\u0259sinin m\u00fcdiri Nahid M\u0259mm\u0259dov deyib. N.M\u0259mm\u0259dov qeyd edib ki, bunun \u0259sas s\u0259b\u0259bl\u0259ri h\u0259min kitablarda Az\u0259rbaycandak\u0131 multikultural d\u0259y\u0259rl\u0259r\u0259 zidd olan fikirl\u0259rin olmas\u0131 v\u0259 m\u00fc\u0259yy\u0259n m\u0259qs\u0259dl\u0259rl\u0259 ba\u011fl\u0131 \u00e7ap edilm\u0259si olub: &#8220;\u00d6lk\u0259y\u0259 idxal&hellip;","_links":{"self":[{"href":"https:\/\/arantv.az\/index.php?rest_route=\/wp\/v2\/posts\/28336"}],"collection":[{"href":"https:\/\/arantv.az\/index.php?rest_route=\/wp\/v2\/posts"}],"about":[{"href":"https:\/\/arantv.az\/index.php?rest_route=\/wp\/v2\/types\/post"}],"author":[{"embeddable":true,"href":"https:\/\/arantv.az\/index.php?rest_route=\/wp\/v2\/users\/2"}],"replies":[{"embeddable":true,"href":"https:\/\/arantv.az\/index.php?rest_route=%2Fwp%2Fv2%2Fcomments&post=28336"}],"version-history":[{"count":0,"href":"https:\/\/arantv.az\/index.php?rest_route=\/wp\/v2\/posts\/28336\/revisions"}],"wp:featuredmedia":[{"embeddable":true,"href":"https:\/\/arantv.az\/index.php?rest_route=\/wp\/v2\/media\/28337"}],"wp:attachment":[{"href":"https:\/\/arantv.az\/index.php?rest_route=%2Fwp%2Fv2%2Fmedia&parent=28336"}],"wp:term":[{"taxonomy":"category","embeddable":true,"href":"https:\/\/arantv.az\/index.php?rest_route=%2Fwp%2Fv2%2Fcategories&post=28336"},{"taxonomy":"post_tag","embeddable":true,"href":"https:\/\/arantv.az\/index.php?rest_route=%2Fwp%2Fv2%2Ftags&post=28336"}],"curies":[{"name":"wp","href":"https:\/\/api.w.org\/{rel}","templated":true}]}}