{"id":28351,"date":"2018-12-19T13:52:40","date_gmt":"2018-12-19T10:52:40","guid":{"rendered":"http:\/\/arantv.az\/?p=28351"},"modified":"2018-12-19T13:52:40","modified_gmt":"2018-12-19T10:52:40","slug":"oqtay-%c9%99s%c9%99dov-irana-s%c9%99f%c9%99r-ed%c9%99c%c9%99k","status":"publish","type":"post","link":"https:\/\/arantv.az\/?p=28351","title":{"rendered":"Oqtay \u018fs\u0259dov \u0130rana s\u0259f\u0259r ed\u0259c\u0259k"},"content":{"rendered":"<div class=\"spot\">Az\u0259rbaycan parlamentinin s\u0259dri Oqtay \u018fs\u0259dov \u0130rana s\u0259f\u0259r ed\u0259c\u0259k.<\/div>\n<p><strong>ARANTV.AZ<\/strong> Report-a istinad\u0259n x\u0259b\u0259r verir ki, s\u0259f\u0259r \u0130ran t\u0259r\u0259finin d\u0259v\u0259ti il\u0259 dekabr\u0131n 25-d\u0259 ba\u015f tutacaq.<\/p>\n<p>Qeyd olunur ki, O.\u018fs\u0259dov bir s\u0131ra, o c\u00fcml\u0259d\u0259n \u0130ran parlamentinin s\u0259dri \u018fli Laricani, Ali Milli T\u0259hl\u00fck\u0259sizlik \u015euras\u0131n\u0131n katibi, \u0130ran\u0131n Ali r\u0259hb\u0259rinin n\u00fcmay\u0259nd\u0259si kontr-admiral \u018fli \u015eamxani il\u0259 g\u00f6r\u00fc\u015fl\u0259r ke\u00e7ir\u0259c\u0259k.<\/p>\n<p>G\u00f6r\u00fc\u015fl\u0259r zaman\u0131 ikit\u0259r\u0259fli \u0259m\u0259kda\u015fl\u0131\u011f\u0131n inki\u015faf perspektivl\u0259ri, el\u0259c\u0259 d\u0259 t\u0259hl\u00fck\u0259sizlik m\u0259s\u0259l\u0259l\u0259ri m\u00fczakir\u0259 olunacaq.<\/p>\n","protected":false},"excerpt":{"rendered":"<p>Az\u0259rbaycan parlamentinin s\u0259dri Oqtay \u018fs\u0259dov \u0130rana s\u0259f\u0259r ed\u0259c\u0259k. ARANTV.AZ Report-a istinad\u0259n x\u0259b\u0259r verir ki, s\u0259f\u0259r \u0130ran t\u0259r\u0259finin d\u0259v\u0259ti il\u0259 dekabr\u0131n 25-d\u0259 ba\u015f tutacaq. Qeyd olunur ki, O.\u018fs\u0259dov bir s\u0131ra, o c\u00fcml\u0259d\u0259n \u0130ran parlamentinin s\u0259dri \u018fli Laricani, Ali Milli T\u0259hl\u00fck\u0259sizlik \u015euras\u0131n\u0131n katibi, \u0130ran\u0131n Ali r\u0259hb\u0259rinin n\u00fcmay\u0259nd\u0259si kontr-admiral \u018fli \u015eamxani il\u0259 g\u00f6r\u00fc\u015fl\u0259r ke\u00e7ir\u0259c\u0259k. G\u00f6r\u00fc\u015fl\u0259r zaman\u0131 ikit\u0259r\u0259fli \u0259m\u0259kda\u015fl\u0131\u011f\u0131n inki\u015faf perspektivl\u0259ri, el\u0259c\u0259 d\u0259 t\u0259hl\u00fck\u0259sizlik m\u0259s\u0259l\u0259l\u0259ri m\u00fczakir\u0259 olunacaq.<\/p>\n","protected":false},"author":2,"featured_media":28352,"comment_status":"closed","ping_status":"closed","sticky":false,"template":"","format":"standard","meta":{"om_disable_all_campaigns":false,"_monsterinsights_skip_tracking":false,"_monsterinsights_sitenote_active":false,"_monsterinsights_sitenote_note":"","_monsterinsights_sitenote_category":0},"categories":[4],"tags":[],"aioseo_notices":[],"gutentor_comment":0,"rttpg_featured_image_url":{"full":["https:\/\/arantv.az\/wp-content\/uploads\/2018\/12\/oqtayesedov.jpg",620,375,false],"landscape":["https:\/\/arantv.az\/wp-content\/uploads\/2018\/12\/oqtayesedov.jpg",620,375,false],"portraits":["https:\/\/arantv.az\/wp-content\/uploads\/2018\/12\/oqtayesedov.jpg",620,375,false],"thumbnail":["https:\/\/arantv.az\/wp-content\/uploads\/2018\/12\/oqtayesedov-150x150.jpg",150,150,true],"medium":["https:\/\/arantv.az\/wp-content\/uploads\/2018\/12\/oqtayesedov-300x181.jpg",300,181,true],"large":["https:\/\/arantv.az\/wp-content\/uploads\/2018\/12\/oqtayesedov.jpg",620,375,false],"1536x1536":["https:\/\/arantv.az\/wp-content\/uploads\/2018\/12\/oqtayesedov.jpg",620,375,false],"2048x2048":["https:\/\/arantv.az\/wp-content\/uploads\/2018\/12\/oqtayesedov.jpg",620,375,false],"post-thumbnail":["https:\/\/arantv.az\/wp-content\/uploads\/2018\/12\/oqtayesedov-240x172.jpg",240,172,true],"advps-thumb-one":["https:\/\/arantv.az\/wp-content\/uploads\/2018\/12\/oqtayesedov.jpg",620,375,false]},"rttpg_author":{"display_name":"V\u00fcsal Rafiqo\u011flu","author_link":"https:\/\/arantv.az\/?author=2"},"rttpg_comment":0,"rttpg_category":"<a href=\"https:\/\/arantv.az\/?cat=4\" rel=\"category\">Siyas\u0259t<\/a>","rttpg_excerpt":"Az\u0259rbaycan parlamentinin s\u0259dri Oqtay \u018fs\u0259dov \u0130rana s\u0259f\u0259r ed\u0259c\u0259k. ARANTV.AZ Report-a istinad\u0259n x\u0259b\u0259r verir ki, s\u0259f\u0259r \u0130ran t\u0259r\u0259finin d\u0259v\u0259ti il\u0259 dekabr\u0131n 25-d\u0259 ba\u015f tutacaq. Qeyd olunur ki, O.\u018fs\u0259dov bir s\u0131ra, o c\u00fcml\u0259d\u0259n \u0130ran parlamentinin s\u0259dri \u018fli Laricani, Ali Milli T\u0259hl\u00fck\u0259sizlik \u015euras\u0131n\u0131n katibi, \u0130ran\u0131n Ali r\u0259hb\u0259rinin n\u00fcmay\u0259nd\u0259si kontr-admiral \u018fli \u015eamxani il\u0259 g\u00f6r\u00fc\u015fl\u0259r ke\u00e7ir\u0259c\u0259k. G\u00f6r\u00fc\u015fl\u0259r zaman\u0131 ikit\u0259r\u0259fli \u0259m\u0259kda\u015fl\u0131\u011f\u0131n&hellip;","_links":{"self":[{"href":"https:\/\/arantv.az\/index.php?rest_route=\/wp\/v2\/posts\/28351"}],"collection":[{"href":"https:\/\/arantv.az\/index.php?rest_route=\/wp\/v2\/posts"}],"about":[{"href":"https:\/\/arantv.az\/index.php?rest_route=\/wp\/v2\/types\/post"}],"author":[{"embeddable":true,"href":"https:\/\/arantv.az\/index.php?rest_route=\/wp\/v2\/users\/2"}],"replies":[{"embeddable":true,"href":"https:\/\/arantv.az\/index.php?rest_route=%2Fwp%2Fv2%2Fcomments&post=28351"}],"version-history":[{"count":0,"href":"https:\/\/arantv.az\/index.php?rest_route=\/wp\/v2\/posts\/28351\/revisions"}],"wp:featuredmedia":[{"embeddable":true,"href":"https:\/\/arantv.az\/index.php?rest_route=\/wp\/v2\/media\/28352"}],"wp:attachment":[{"href":"https:\/\/arantv.az\/index.php?rest_route=%2Fwp%2Fv2%2Fmedia&parent=28351"}],"wp:term":[{"taxonomy":"category","embeddable":true,"href":"https:\/\/arantv.az\/index.php?rest_route=%2Fwp%2Fv2%2Fcategories&post=28351"},{"taxonomy":"post_tag","embeddable":true,"href":"https:\/\/arantv.az\/index.php?rest_route=%2Fwp%2Fv2%2Ftags&post=28351"}],"curies":[{"name":"wp","href":"https:\/\/api.w.org\/{rel}","templated":true}]}}