{"id":28357,"date":"2018-12-19T15:27:13","date_gmt":"2018-12-19T12:27:13","guid":{"rendered":"http:\/\/arantv.az\/?p=28357"},"modified":"2018-12-19T15:27:13","modified_gmt":"2018-12-19T12:27:13","slug":"jurnalistika-fakult%c9%99l%c9%99rind%c9%99-islahatlar-aparilacaq-%c9%99flatun-amasov","status":"publish","type":"post","link":"https:\/\/arantv.az\/?p=28357","title":{"rendered":"&#8220;Jurnalistika fak\u00fclt\u0259l\u0259rind\u0259 islahatlar apar\u0131lacaq&#8221; &#8211; \u018fflatun Ama\u015fov"},"content":{"rendered":"<p>&#8220;\u00c7ox t\u0259\u0259ss\u00fcf ki, Az\u0259rbaycan\u0131n ali m\u0259kt\u0259bl\u0259rinin jurnalistika fak\u00fclt\u0259l\u0259rind\u0259 t\u0259dris humanitar istiqam\u0259t \u00fczr\u0259 apar\u0131l\u0131r&#8221;.<\/p>\n<p><b>ARANTV.AZ<\/b>\u00a0report-a istinad\u0259n x\u0259b\u0259r verir ki, bunu &#8220;Elmin populyarla\u015fd\u0131r\u0131lmas\u0131nda K\u0130V-in rolu&#8221; m\u00f6vzusunda ke\u00e7iril\u0259n &#8220;d\u0259yirmi masa\u201dda M\u0259tbuat \u015euras\u0131n\u0131n s\u0259dri, deputat \u018fflatun Ama\u015fov deyib.<\/p>\n<div id=\"AdributorNativeVideo0\" class=\"AdributorNativeVideo\"><\/div>\n<p><ins><\/ins><\/p>\n<div>\n<p>&nbsp;<\/p>\n<\/div>\n<div id=\"beacon_4a5c74ffc8\"><img loading=\"lazy\" src=\"https:\/\/ads2.newmedia.az\/www\/delivery\/lg.php?bannerid=9697&amp;campaignid=1501&amp;zoneid=975&amp;loc=https%3A%2F%2Fbig.az%2F338127-jurnalistika_fakultelerinde_islahatlar_aparilacaq_-_eflatun_amasov.html&amp;referer=https%3A%2F%2Fbig.az%2F&amp;cb=4a5c74ffc8\" alt=\"\" width=\"0\" height=\"0\" \/>O vur\u011fulay\u0131b ki, \u00f6lk\u0259d\u0259 elmin populyarla\u015fd\u0131r\u0131lmas\u0131 vacibdir: &#8220;Bir \u00e7ox d\u00f6vl\u0259tl\u0259rd\u0259 jurnalistika fak\u00fclt\u0259sind\u0259 t\u0259dris humanitar istiqam\u0259tl\u0259 yana\u015f\u0131, dig\u0259r istiqam\u0259tl\u0259r \u00fczr\u0259 d\u0259 qurulur. Az\u0259rbaycanda elmi jurnalistika yoxdur. Ona g\u00f6r\u0259 d\u0259 biz elmi populyarla\u015fd\u0131ra bilmirik. Yax\u0131n vaxtlarda Az\u0259rbaycanda ali m\u0259kt\u0259bl\u0259rin jurnalistika fak\u00fclt\u0259l\u0259rind\u0259 islahatlar apar\u0131lacaq. Biz art\u0131q bu islahatlar\u0131n astanas\u0131nday\u0131q. Xarici \u00f6lk\u0259l\u0259rd\u0259 elm xadiml\u0259ri \u00f6lk\u0259y\u0259 valyuta g\u0259tirirl\u0259r. Az\u0259rbaycanda bu istiqam\u0259t\u0259, el\u0259c\u0259 d\u0259 d\u0259qiq elml\u0259r\u0259 diqq\u0259t art\u0131r\u0131lsa, n\u0259tic\u0259l\u0259r \u0259ld\u0259 olunar&#8221;.<\/p>\n<p>\u018f.Ama\u015fov bildirib ki, qloballa\u015fan d\u00fcnyada elm\u0259 x\u00fcsusi \u00f6n\u0259m verilir: &#8220;Ona g\u00f6r\u0259 d\u0259 biz elmi populyarla\u015fd\u0131rmal\u0131y\u0131q ki, insanlar bu istiqam\u0259t\u0259 y\u00f6n\u0259lsin. Redaksiyalarda elm sah\u0259si il\u0259 m\u0259\u015f\u011ful olan i\u015f\u00e7il\u0259r d\u0259 m\u00fc\u0259yy\u0259n edilm\u0259lidir. Biz c\u0259miyy\u0259td\u0259 elm\u0259 maraq yaratmal\u0131y\u0131q. Hans\u0131 xalq ki, inki\u015faf\u0131 elmd\u0259 g\u00f6r\u00fcr, o xalq qlobal d\u00fcnyada \u00f6z yerini tutacaq. Elmi populyar etm\u0259liyik ki, insanlar\u0131n \u015f\u00fcuru bir istiqam\u0259t\u0259 y\u00f6n\u0259lsin. \u018fks istiqam\u0259t xurafatd\u0131r, c\u0259hal\u0259tdir. Onu da g\u00f6r\u0259-g\u00f6r\u0259 g\u0259lmi\u015fik&#8221;.<\/p><\/div>\n<p>&nbsp;<\/p>\n","protected":false},"excerpt":{"rendered":"<p>&#8220;\u00c7ox t\u0259\u0259ss\u00fcf ki, Az\u0259rbaycan\u0131n ali m\u0259kt\u0259bl\u0259rinin jurnalistika fak\u00fclt\u0259l\u0259rind\u0259 t\u0259dris humanitar istiqam\u0259t \u00fczr\u0259 apar\u0131l\u0131r&#8221;. ARANTV.AZ\u00a0report-a istinad\u0259n x\u0259b\u0259r verir ki, bunu &#8220;Elmin populyarla\u015fd\u0131r\u0131lmas\u0131nda K\u0130V-in rolu&#8221; m\u00f6vzusunda ke\u00e7iril\u0259n &#8220;d\u0259yirmi masa\u201dda M\u0259tbuat \u015euras\u0131n\u0131n s\u0259dri, deputat \u018fflatun Ama\u015fov deyib. &nbsp; O vur\u011fulay\u0131b ki, \u00f6lk\u0259d\u0259 elmin populyarla\u015fd\u0131r\u0131lmas\u0131 vacibdir: &#8220;Bir \u00e7ox d\u00f6vl\u0259tl\u0259rd\u0259 jurnalistika fak\u00fclt\u0259sind\u0259 t\u0259dris humanitar istiqam\u0259tl\u0259 yana\u015f\u0131, dig\u0259r istiqam\u0259tl\u0259r \u00fczr\u0259 d\u0259 qurulur. Az\u0259rbaycanda elmi jurnalistika yoxdur. Ona g\u00f6r\u0259 d\u0259 biz elmi populyarla\u015fd\u0131ra bilmirik. Yax\u0131n vaxtlarda Az\u0259rbaycanda ali m\u0259kt\u0259bl\u0259rin jurnalistika fak\u00fclt\u0259l\u0259rind\u0259 islahatlar apar\u0131lacaq. Biz art\u0131q bu islahatlar\u0131n astanas\u0131nday\u0131q. Xarici \u00f6lk\u0259l\u0259rd\u0259 elm xadiml\u0259ri \u00f6lk\u0259y\u0259 valyuta g\u0259tirirl\u0259r. Az\u0259rbaycanda bu&hellip;<\/p>\n","protected":false},"author":2,"featured_media":28358,"comment_status":"closed","ping_status":"closed","sticky":false,"template":"","format":"standard","meta":{"om_disable_all_campaigns":false,"_monsterinsights_skip_tracking":false,"_monsterinsights_sitenote_active":false,"_monsterinsights_sitenote_note":"","_monsterinsights_sitenote_category":0},"categories":[1],"tags":[],"aioseo_notices":[],"gutentor_comment":0,"rttpg_featured_image_url":{"full":["https:\/\/arantv.az\/wp-content\/uploads\/2018\/12\/1545216604_1545215680_1538388678_1522414.jpg",640,417,false],"landscape":["https:\/\/arantv.az\/wp-content\/uploads\/2018\/12\/1545216604_1545215680_1538388678_1522414.jpg",640,417,false],"portraits":["https:\/\/arantv.az\/wp-content\/uploads\/2018\/12\/1545216604_1545215680_1538388678_1522414.jpg",640,417,false],"thumbnail":["https:\/\/arantv.az\/wp-content\/uploads\/2018\/12\/1545216604_1545215680_1538388678_1522414-150x150.jpg",150,150,true],"medium":["https:\/\/arantv.az\/wp-content\/uploads\/2018\/12\/1545216604_1545215680_1538388678_1522414-300x195.jpg",300,195,true],"large":["https:\/\/arantv.az\/wp-content\/uploads\/2018\/12\/1545216604_1545215680_1538388678_1522414.jpg",640,417,false],"1536x1536":["https:\/\/arantv.az\/wp-content\/uploads\/2018\/12\/1545216604_1545215680_1538388678_1522414.jpg",640,417,false],"2048x2048":["https:\/\/arantv.az\/wp-content\/uploads\/2018\/12\/1545216604_1545215680_1538388678_1522414.jpg",640,417,false],"post-thumbnail":["https:\/\/arantv.az\/wp-content\/uploads\/2018\/12\/1545216604_1545215680_1538388678_1522414-240x172.jpg",240,172,true],"advps-thumb-one":["https:\/\/arantv.az\/wp-content\/uploads\/2018\/12\/1545216604_1545215680_1538388678_1522414.jpg",640,417,false]},"rttpg_author":{"display_name":"V\u00fcsal Rafiqo\u011flu","author_link":"https:\/\/arantv.az\/?author=2"},"rttpg_comment":0,"rttpg_category":"<a href=\"https:\/\/arantv.az\/?cat=1\" rel=\"category\">C\u0259miyy\u0259t<\/a>","rttpg_excerpt":"&#8220;\u00c7ox t\u0259\u0259ss\u00fcf ki, Az\u0259rbaycan\u0131n ali m\u0259kt\u0259bl\u0259rinin jurnalistika fak\u00fclt\u0259l\u0259rind\u0259 t\u0259dris humanitar istiqam\u0259t \u00fczr\u0259 apar\u0131l\u0131r&#8221;. ARANTV.AZ\u00a0report-a istinad\u0259n x\u0259b\u0259r verir ki, bunu &#8220;Elmin populyarla\u015fd\u0131r\u0131lmas\u0131nda K\u0130V-in rolu&#8221; m\u00f6vzusunda ke\u00e7iril\u0259n &#8220;d\u0259yirmi masa\u201dda M\u0259tbuat \u015euras\u0131n\u0131n s\u0259dri, deputat \u018fflatun Ama\u015fov deyib. &nbsp; O vur\u011fulay\u0131b ki, \u00f6lk\u0259d\u0259 elmin populyarla\u015fd\u0131r\u0131lmas\u0131 vacibdir: &#8220;Bir \u00e7ox d\u00f6vl\u0259tl\u0259rd\u0259 jurnalistika fak\u00fclt\u0259sind\u0259 t\u0259dris humanitar istiqam\u0259tl\u0259 yana\u015f\u0131, dig\u0259r istiqam\u0259tl\u0259r \u00fczr\u0259 d\u0259&hellip;","_links":{"self":[{"href":"https:\/\/arantv.az\/index.php?rest_route=\/wp\/v2\/posts\/28357"}],"collection":[{"href":"https:\/\/arantv.az\/index.php?rest_route=\/wp\/v2\/posts"}],"about":[{"href":"https:\/\/arantv.az\/index.php?rest_route=\/wp\/v2\/types\/post"}],"author":[{"embeddable":true,"href":"https:\/\/arantv.az\/index.php?rest_route=\/wp\/v2\/users\/2"}],"replies":[{"embeddable":true,"href":"https:\/\/arantv.az\/index.php?rest_route=%2Fwp%2Fv2%2Fcomments&post=28357"}],"version-history":[{"count":0,"href":"https:\/\/arantv.az\/index.php?rest_route=\/wp\/v2\/posts\/28357\/revisions"}],"wp:featuredmedia":[{"embeddable":true,"href":"https:\/\/arantv.az\/index.php?rest_route=\/wp\/v2\/media\/28358"}],"wp:attachment":[{"href":"https:\/\/arantv.az\/index.php?rest_route=%2Fwp%2Fv2%2Fmedia&parent=28357"}],"wp:term":[{"taxonomy":"category","embeddable":true,"href":"https:\/\/arantv.az\/index.php?rest_route=%2Fwp%2Fv2%2Fcategories&post=28357"},{"taxonomy":"post_tag","embeddable":true,"href":"https:\/\/arantv.az\/index.php?rest_route=%2Fwp%2Fv2%2Ftags&post=28357"}],"curies":[{"name":"wp","href":"https:\/\/api.w.org\/{rel}","templated":true}]}}