{"id":28385,"date":"2018-12-19T15:41:35","date_gmt":"2018-12-19T12:41:35","guid":{"rendered":"http:\/\/arantv.az\/?p=28385"},"modified":"2018-12-19T15:41:35","modified_gmt":"2018-12-19T12:41:35","slug":"bakida-insan-kapitali-forumu-kecirilir","status":"publish","type":"post","link":"https:\/\/arantv.az\/?p=28385","title":{"rendered":"Bak\u0131da insan kapital\u0131 forumu ke\u00e7irilir"},"content":{"rendered":"<p><strong>ARANTV.AZ<\/strong> x\u0259b\u0259r verir ki, Bak\u0131da insan kapital\u0131 forumu ke\u00e7irilir. D\u00fcnya Bank\u0131n\u0131n d\u0259st\u0259yi il\u0259 realla\u015fan t\u0259dbird\u0259 Az\u0259rbaycan\u0131n bu sah\u0259d\u0259ki u\u011furlar\u0131 m\u00fczakir\u0259 edilir.<\/p>\n<p>\u0130nsan kapital\u0131n\u0131n inki\u015faf\u0131 dayan\u0131ql\u0131 inki\u015fafa \u0259saslan\u0131r. D\u00fcnya iqtisadiyyat\u0131nda \u0259sas diqq\u0259t d\u0259 fiziki kapitaldan insan kapital\u0131na y\u00f6n\u0259lm\u0259kd\u0259dir. Statistik m\u0259lumata \u0259sas\u0259n, art\u0131q insan kapital\u0131n\u0131n inki\u015faf\u0131 d\u00fcnya iqtisadiyyat\u0131nda 70 fazid\u0259n \u00e7ox paya malikdir. D\u00fcnya Bank\u0131n\u0131n Bak\u0131da t\u0259\u015fkil etdiyi insan kapital\u0131 forumu da m\u0259hz s\u00f6z\u00fcged\u0259n m\u0259s\u0259l\u0259y\u0259 h\u0259sr olunub.<\/p>\n<p>\u201cAz\u0259rbaycanda \u00dcDM 3, 5%-d\u0259n yuxar\u0131d\u0131r v\u0259 1 milyon 600 min daimi i\u015f yerl\u0259ri a\u00e7\u0131l\u0131b\u201d dey\u0259n \u018fm\u0259k v\u0259 \u018fhalinin sosial m\u00fcdafiz\u0259si naziri Sahil Babayev Az\u0259rbaycan\u0131n son ill\u0259r inki\u015faf tempin\u0259 g\u00f6r\u0259, d\u00fcnyan\u0131n \u0259n qabaqc\u0131l \u00f6lk\u0259l\u0259ri s\u0131ras\u0131nda oldu\u011funu vur\u011fulad\u0131. Bildirdi ki, prezident \u0130lham \u018fliyevin h\u0259yata ke\u00e7irdiyi siyas\u0259t n\u0259tic\u0259sind\u0259 \u00f6lk\u0259mizd\u0259 s\u0259m\u0259r\u0259li sosial sistem qurulub. Nazir 1-ci vitse-prezident Mehriban \u018fliyevan\u0131n t\u0259\u015f\u0259bb\u00fcs\u00fc il\u0259 DOST agentliyini yarad\u0131ld\u0131\u011f\u0131n\u0131, el\u0259c\u0259 d\u0259 m\u0259\u015f\u011fulluq strategiyas\u0131n\u0131n n\u00f6vb\u0259ti 10 il \u00fc\u00e7\u00fcn \u0259sas istiqam\u0259tl\u0259rinin m\u00fc\u0259yy\u0259n edildiyini bildirdi.<\/p>\n<p>D\u00f6vl\u0259t \u0130mtahan M\u0259rk\u0259zinin s\u0259dri M\u0259leyk\u0259 Abbaszad\u0259 t\u0259hsil sah\u0259sind\u0259ki ir\u0259ll\u0259yi\u015fl\u0259r\u0259 toxundu, bu istiqam\u0259td\u0259\u00a0 Az\u0259rbaycan qad\u0131n\u0131n\u00a0 \u0259ks cinsl\u0259 eyni\u00a0 s\u0259viyy\u0259d\u0259 oldu\u011funu vur\u011fulad\u0131. Onlar\u0131n aktiv \u015f\u0259kild\u0259 sosial-iqtisadi inki\u015fafa c\u0259lb edilm\u0259sinin vacibliyi vur\u011fuland\u0131.<\/p>\n<p>Avropa \u0130ttifaq\u0131n\u0131n Az\u0259rbaycandak\u0131 n\u00fcmay\u0259n\u0259liyinin r\u0259hb\u0259ri Kestutis Jankauskas, BP-nin vitse-prezidenti B\u0259xtiyar Aslanb\u0259yli, D\u00fcnya Bank\u0131n\u0131n meneceri Cem Mete v\u0259 dig\u0259rl\u0259ri Az\u0259rbaycan\u0131n son 10 ild\u0259 b\u00f6y\u00fck ir\u0259ll\u0259yi\u015fl\u0259r \u0259ld\u0259 etdiyini dedil\u0259r.<\/p>\n","protected":false},"excerpt":{"rendered":"<p>ARANTV.AZ x\u0259b\u0259r verir ki, Bak\u0131da insan kapital\u0131 forumu ke\u00e7irilir. D\u00fcnya Bank\u0131n\u0131n d\u0259st\u0259yi il\u0259 realla\u015fan t\u0259dbird\u0259 Az\u0259rbaycan\u0131n bu sah\u0259d\u0259ki u\u011furlar\u0131 m\u00fczakir\u0259 edilir. \u0130nsan kapital\u0131n\u0131n inki\u015faf\u0131 dayan\u0131ql\u0131 inki\u015fafa \u0259saslan\u0131r. D\u00fcnya iqtisadiyyat\u0131nda \u0259sas diqq\u0259t d\u0259 fiziki kapitaldan insan kapital\u0131na y\u00f6n\u0259lm\u0259kd\u0259dir. Statistik m\u0259lumata \u0259sas\u0259n, art\u0131q insan kapital\u0131n\u0131n inki\u015faf\u0131 d\u00fcnya iqtisadiyyat\u0131nda 70 fazid\u0259n \u00e7ox paya malikdir. D\u00fcnya Bank\u0131n\u0131n Bak\u0131da t\u0259\u015fkil etdiyi insan kapital\u0131 forumu da m\u0259hz s\u00f6z\u00fcged\u0259n m\u0259s\u0259l\u0259y\u0259 h\u0259sr olunub. \u201cAz\u0259rbaycanda \u00dcDM 3, 5%-d\u0259n yuxar\u0131d\u0131r v\u0259 1 milyon 600 min daimi i\u015f yerl\u0259ri a\u00e7\u0131l\u0131b\u201d dey\u0259n \u018fm\u0259k v\u0259 \u018fhalinin sosial m\u00fcdafiz\u0259si naziri Sahil Babayev Az\u0259rbaycan\u0131n son&hellip;<\/p>\n","protected":false},"author":2,"featured_media":28386,"comment_status":"closed","ping_status":"closed","sticky":false,"template":"","format":"standard","meta":{"om_disable_all_campaigns":false,"_monsterinsights_skip_tracking":false,"_monsterinsights_sitenote_active":false,"_monsterinsights_sitenote_note":"","_monsterinsights_sitenote_category":0},"categories":[1],"tags":[],"aioseo_notices":[],"gutentor_comment":0,"rttpg_featured_image_url":{"full":["https:\/\/arantv.az\/wp-content\/uploads\/2018\/12\/i2olg7hg4he7pivgc79b3cd112forum.jpg",1000,633,false],"landscape":["https:\/\/arantv.az\/wp-content\/uploads\/2018\/12\/i2olg7hg4he7pivgc79b3cd112forum.jpg",1000,633,false],"portraits":["https:\/\/arantv.az\/wp-content\/uploads\/2018\/12\/i2olg7hg4he7pivgc79b3cd112forum.jpg",1000,633,false],"thumbnail":["https:\/\/arantv.az\/wp-content\/uploads\/2018\/12\/i2olg7hg4he7pivgc79b3cd112forum-150x150.jpg",150,150,true],"medium":["https:\/\/arantv.az\/wp-content\/uploads\/2018\/12\/i2olg7hg4he7pivgc79b3cd112forum-300x190.jpg",300,190,true],"large":["https:\/\/arantv.az\/wp-content\/uploads\/2018\/12\/i2olg7hg4he7pivgc79b3cd112forum.jpg",640,405,false],"1536x1536":["https:\/\/arantv.az\/wp-content\/uploads\/2018\/12\/i2olg7hg4he7pivgc79b3cd112forum.jpg",1000,633,false],"2048x2048":["https:\/\/arantv.az\/wp-content\/uploads\/2018\/12\/i2olg7hg4he7pivgc79b3cd112forum.jpg",1000,633,false],"post-thumbnail":["https:\/\/arantv.az\/wp-content\/uploads\/2018\/12\/i2olg7hg4he7pivgc79b3cd112forum-240x172.jpg",240,172,true],"advps-thumb-one":["https:\/\/arantv.az\/wp-content\/uploads\/2018\/12\/i2olg7hg4he7pivgc79b3cd112forum-1000x620.jpg",1000,620,true]},"rttpg_author":{"display_name":"V\u00fcsal Rafiqo\u011flu","author_link":"https:\/\/arantv.az\/?author=2"},"rttpg_comment":0,"rttpg_category":"<a href=\"https:\/\/arantv.az\/?cat=1\" rel=\"category\">C\u0259miyy\u0259t<\/a>","rttpg_excerpt":"ARANTV.AZ x\u0259b\u0259r verir ki, Bak\u0131da insan kapital\u0131 forumu ke\u00e7irilir. D\u00fcnya Bank\u0131n\u0131n d\u0259st\u0259yi il\u0259 realla\u015fan t\u0259dbird\u0259 Az\u0259rbaycan\u0131n bu sah\u0259d\u0259ki u\u011furlar\u0131 m\u00fczakir\u0259 edilir. \u0130nsan kapital\u0131n\u0131n inki\u015faf\u0131 dayan\u0131ql\u0131 inki\u015fafa \u0259saslan\u0131r. D\u00fcnya iqtisadiyyat\u0131nda \u0259sas diqq\u0259t d\u0259 fiziki kapitaldan insan kapital\u0131na y\u00f6n\u0259lm\u0259kd\u0259dir. Statistik m\u0259lumata \u0259sas\u0259n, art\u0131q insan kapital\u0131n\u0131n inki\u015faf\u0131 d\u00fcnya iqtisadiyyat\u0131nda 70 fazid\u0259n \u00e7ox paya malikdir. D\u00fcnya Bank\u0131n\u0131n Bak\u0131da t\u0259\u015fkil&hellip;","_links":{"self":[{"href":"https:\/\/arantv.az\/index.php?rest_route=\/wp\/v2\/posts\/28385"}],"collection":[{"href":"https:\/\/arantv.az\/index.php?rest_route=\/wp\/v2\/posts"}],"about":[{"href":"https:\/\/arantv.az\/index.php?rest_route=\/wp\/v2\/types\/post"}],"author":[{"embeddable":true,"href":"https:\/\/arantv.az\/index.php?rest_route=\/wp\/v2\/users\/2"}],"replies":[{"embeddable":true,"href":"https:\/\/arantv.az\/index.php?rest_route=%2Fwp%2Fv2%2Fcomments&post=28385"}],"version-history":[{"count":0,"href":"https:\/\/arantv.az\/index.php?rest_route=\/wp\/v2\/posts\/28385\/revisions"}],"wp:featuredmedia":[{"embeddable":true,"href":"https:\/\/arantv.az\/index.php?rest_route=\/wp\/v2\/media\/28386"}],"wp:attachment":[{"href":"https:\/\/arantv.az\/index.php?rest_route=%2Fwp%2Fv2%2Fmedia&parent=28385"}],"wp:term":[{"taxonomy":"category","embeddable":true,"href":"https:\/\/arantv.az\/index.php?rest_route=%2Fwp%2Fv2%2Fcategories&post=28385"},{"taxonomy":"post_tag","embeddable":true,"href":"https:\/\/arantv.az\/index.php?rest_route=%2Fwp%2Fv2%2Ftags&post=28385"}],"curies":[{"name":"wp","href":"https:\/\/api.w.org\/{rel}","templated":true}]}}