{"id":283886,"date":"2021-02-01T15:18:55","date_gmt":"2021-02-01T12:18:55","guid":{"rendered":"http:\/\/arantv.az\/?p=283886"},"modified":"2021-02-01T15:18:55","modified_gmt":"2021-02-01T12:18:55","slug":"ilham-%c9%99liyev-v%c9%99-mehriban-%c9%99liyeva-sosial-obyektl%c9%99rin-acilisda-istirak-etdil%c9%99r","status":"publish","type":"post","link":"https:\/\/arantv.az\/?p=283886","title":{"rendered":"\u0130lham \u018fliyev v\u0259 Mehriban \u018fliyeva sosial obyektl\u0259rin a\u00e7\u0131l\u0131\u015fda i\u015ftirak etdil\u0259r"},"content":{"rendered":"<p>Fevral\u0131n 1-d\u0259 Az\u0259rbaycan Respublikas\u0131n\u0131n Prezidenti \u0130lham \u018fliyev v\u0259 Birinci vitse-prezident Mehriban \u018fliyeva Ab\u015feron rayonunda bir s\u0131ra sosial obyektl\u0259rin, h\u0259m\u00e7inin paytaxt\u0131n Yasamal rayonunda yeni sal\u0131nan me\u015f\u0259 tipli park\u0131n a\u00e7\u0131l\u0131\u015f\u0131nda i\u015ftirak edibl\u0259r.<\/p>\n<div id=\"AdviadNativeVideo0\" class=\"AdviadNativeVideo\"><\/div>\n<p><strong>ARANTV.AZ<\/strong> x\u0259b\u0259r verir ki, d\u00f6vl\u0259timizin ba\u015f\u00e7\u0131s\u0131 v\u0259 birinci vitse-prezident ulu \u00f6nd\u0259r Heyd\u0259r \u018fliyevin X\u0131rdalan \u015f\u0259h\u0259rind\u0259ki abid\u0259sini ziyar\u0259t ed\u0259r\u0259k \u00f6n\u00fcn\u0259 g\u00fcl d\u0259st\u0259si qoyublar.AZ\u018fRTAC<\/p>\n","protected":false},"excerpt":{"rendered":"<p>Fevral\u0131n 1-d\u0259 Az\u0259rbaycan Respublikas\u0131n\u0131n Prezidenti \u0130lham \u018fliyev v\u0259 Birinci vitse-prezident Mehriban \u018fliyeva Ab\u015feron rayonunda bir s\u0131ra sosial obyektl\u0259rin, h\u0259m\u00e7inin paytaxt\u0131n Yasamal rayonunda yeni sal\u0131nan me\u015f\u0259 tipli park\u0131n a\u00e7\u0131l\u0131\u015f\u0131nda i\u015ftirak edibl\u0259r. ARANTV.AZ x\u0259b\u0259r verir ki, d\u00f6vl\u0259timizin ba\u015f\u00e7\u0131s\u0131 v\u0259 birinci vitse-prezident ulu \u00f6nd\u0259r Heyd\u0259r \u018fliyevin X\u0131rdalan \u015f\u0259h\u0259rind\u0259ki abid\u0259sini ziyar\u0259t ed\u0259r\u0259k \u00f6n\u00fcn\u0259 g\u00fcl d\u0259st\u0259si qoyublar.AZ\u018fRTAC<\/p>\n","protected":false},"author":2,"featured_media":283887,"comment_status":"closed","ping_status":"closed","sticky":false,"template":"","format":"standard","meta":{"om_disable_all_campaigns":false,"_monsterinsights_skip_tracking":false,"_monsterinsights_sitenote_active":false,"_monsterinsights_sitenote_note":"","_monsterinsights_sitenote_category":0},"categories":[4],"tags":[],"aioseo_notices":[],"gutentor_comment":0,"rttpg_featured_image_url":{"full":["https:\/\/arantv.az\/wp-content\/uploads\/2021\/02\/24060-h5AQVsEB.jpg",620,419,false],"landscape":["https:\/\/arantv.az\/wp-content\/uploads\/2021\/02\/24060-h5AQVsEB.jpg",620,419,false],"portraits":["https:\/\/arantv.az\/wp-content\/uploads\/2021\/02\/24060-h5AQVsEB.jpg",620,419,false],"thumbnail":["https:\/\/arantv.az\/wp-content\/uploads\/2021\/02\/24060-h5AQVsEB-150x150.jpg",150,150,true],"medium":["https:\/\/arantv.az\/wp-content\/uploads\/2021\/02\/24060-h5AQVsEB-300x203.jpg",300,203,true],"large":["https:\/\/arantv.az\/wp-content\/uploads\/2021\/02\/24060-h5AQVsEB.jpg",620,419,false],"1536x1536":["https:\/\/arantv.az\/wp-content\/uploads\/2021\/02\/24060-h5AQVsEB.jpg",620,419,false],"2048x2048":["https:\/\/arantv.az\/wp-content\/uploads\/2021\/02\/24060-h5AQVsEB.jpg",620,419,false],"post-thumbnail":["https:\/\/arantv.az\/wp-content\/uploads\/2021\/02\/24060-h5AQVsEB-240x172.jpg",240,172,true],"advps-thumb-one":["https:\/\/arantv.az\/wp-content\/uploads\/2021\/02\/24060-h5AQVsEB.jpg",620,419,false]},"rttpg_author":{"display_name":"V\u00fcsal Rafiqo\u011flu","author_link":"https:\/\/arantv.az\/?author=2"},"rttpg_comment":0,"rttpg_category":"<a href=\"https:\/\/arantv.az\/?cat=4\" rel=\"category\">Siyas\u0259t<\/a>","rttpg_excerpt":"Fevral\u0131n 1-d\u0259 Az\u0259rbaycan Respublikas\u0131n\u0131n Prezidenti \u0130lham \u018fliyev v\u0259 Birinci vitse-prezident Mehriban \u018fliyeva Ab\u015feron rayonunda bir s\u0131ra sosial obyektl\u0259rin, h\u0259m\u00e7inin paytaxt\u0131n Yasamal rayonunda yeni sal\u0131nan me\u015f\u0259 tipli park\u0131n a\u00e7\u0131l\u0131\u015f\u0131nda i\u015ftirak edibl\u0259r. ARANTV.AZ x\u0259b\u0259r verir ki, d\u00f6vl\u0259timizin ba\u015f\u00e7\u0131s\u0131 v\u0259 birinci vitse-prezident ulu \u00f6nd\u0259r Heyd\u0259r \u018fliyevin X\u0131rdalan \u015f\u0259h\u0259rind\u0259ki abid\u0259sini ziyar\u0259t ed\u0259r\u0259k \u00f6n\u00fcn\u0259 g\u00fcl d\u0259st\u0259si qoyublar.AZ\u018fRTAC","_links":{"self":[{"href":"https:\/\/arantv.az\/index.php?rest_route=\/wp\/v2\/posts\/283886"}],"collection":[{"href":"https:\/\/arantv.az\/index.php?rest_route=\/wp\/v2\/posts"}],"about":[{"href":"https:\/\/arantv.az\/index.php?rest_route=\/wp\/v2\/types\/post"}],"author":[{"embeddable":true,"href":"https:\/\/arantv.az\/index.php?rest_route=\/wp\/v2\/users\/2"}],"replies":[{"embeddable":true,"href":"https:\/\/arantv.az\/index.php?rest_route=%2Fwp%2Fv2%2Fcomments&post=283886"}],"version-history":[{"count":0,"href":"https:\/\/arantv.az\/index.php?rest_route=\/wp\/v2\/posts\/283886\/revisions"}],"wp:featuredmedia":[{"embeddable":true,"href":"https:\/\/arantv.az\/index.php?rest_route=\/wp\/v2\/media\/283887"}],"wp:attachment":[{"href":"https:\/\/arantv.az\/index.php?rest_route=%2Fwp%2Fv2%2Fmedia&parent=283886"}],"wp:term":[{"taxonomy":"category","embeddable":true,"href":"https:\/\/arantv.az\/index.php?rest_route=%2Fwp%2Fv2%2Fcategories&post=283886"},{"taxonomy":"post_tag","embeddable":true,"href":"https:\/\/arantv.az\/index.php?rest_route=%2Fwp%2Fv2%2Ftags&post=283886"}],"curies":[{"name":"wp","href":"https:\/\/api.w.org\/{rel}","templated":true}]}}