{"id":283898,"date":"2021-02-01T15:21:30","date_gmt":"2021-02-01T12:21:30","guid":{"rendered":"http:\/\/arantv.az\/?p=283898"},"modified":"2021-02-01T15:21:30","modified_gmt":"2021-02-01T12:21:30","slug":"cavusoglu-%c9%99vv%c9%99l-qafqazda-diplomatik-h%c9%99ll-yoluna-razi-olmayanlar-indi-siyasi-cixis-yolu-axtarirlar-video","status":"publish","type":"post","link":"https:\/\/arantv.az\/?p=283898","title":{"rendered":"\u00c7avu\u015fo\u011flu: \u201c\u018fvv\u0259l Qafqazda diplomatik h\u0259ll yoluna raz\u0131 olmayanlar indi siyasi \u00e7\u0131x\u0131\u015f yolu axtar\u0131rlar\u201d &#8211; V\u0130DEO"},"content":{"rendered":"<p>T\u00fcrkiy\u0259 Xarici \u0130\u015fl\u0259r naziri M\u00f6vlud \u00c7avu\u015fo\u011flu \u018fdal\u0259t v\u0259 \u0130nki\u015faf partiyas\u0131n\u0131n (AKP)\u00a0Antalyada ke\u00e7iril\u0259n Konqresind\u0259 Az\u0259rbaycan\u0131n torpaqlar\u0131n\u0131 azad etm\u0259k u\u011frunda Erm\u0259nistan \u00fcz\u0259rind\u0259 q\u0259l\u0259b\u0259sini bir daha xat\u0131rlad\u0131b.<\/p>\n<p>Bu bar\u0259d\u0259 video turkiy\u0259li nazirin \u201cTwitter\u201d s\u0259hif\u0259sind\u0259 yerl\u0259\u015fdirilib.<\/p>\n<p>\u201cBiz C\u0259nubi Qafqazda s\u00fclh\u00fcn b\u0259rq\u0259rar olmas\u0131 \u00fc\u00e7\u00fcn diplomatik h\u0259ll yolu ist\u0259y\u0259nd\u0259, buna raz\u0131 olmayanlar indi siyasi \u00e7\u0131x\u0131\u015f yolu axtar\u0131rlar.<\/p>\n<div id=\"AdviadNativeVideo0\" class=\"AdviadNativeVideo\"><\/div>\n<p>Da\u011fl\u0131q Qaraba\u011fda 30 ildir i\u015f\u011fal vard\u0131, z\u00fclm vard\u0131. D\u0259f\u0259l\u0259rl\u0259 diplomatik h\u0259ll yolu ir\u0259li s\u00fcrd\u00fck, raz\u0131l\u0131q olmad\u0131lar. N\u0259 oldu? Az\u0259rbaycan d\u00f6y\u00fc\u015f meydan\u0131na girdi, haqq\u0131n\u0131 ald\u0131, i\u015f\u011falda olan torpaqlar\u0131n\u0131 azad etdi.<\/p>\n<p>Amma indi diplomatiya deyirl\u0259r, siyasi h\u0259ll ist\u0259yirl\u0259r, b\u0259li, biz buna da var\u0131q.<\/p>\n<p>C\u0259nubi Qafqaz\u0131n rifah\u0131 \u00fc\u00e7\u00fcn 3+3 format\u0131nda, ikit\u0259r\u0259fli, \u00fc\u00e7t\u0259r\u0259fli g\u00f6r\u00fc\u015fl\u0259r davam edir, b\u00f6lg\u0259d\u0259 at\u0259\u015fk\u0259s\u0259 n\u0259zar\u0259t edirik\u201d, &#8211; dey\u0259 nazir bildirib.<\/p>\n<p>\u00c7avu\u015fo\u011flunun s\u00f6zl\u0259rin\u0259 g\u00f6r\u0259, \u0259g\u0259r \u0130r\u0259van bu x\u0259talar\u0131ndan d\u0259rs al\u0131b, normal davranarsa, \u0259n \u00e7ox qazanc g\u00f6t\u00fcr\u0259n el\u0259 Erm\u0259nistan v\u0259 erm\u0259ni xalq\u0131 olacaq.<\/p>\n<div>\n<div class=\"twitter-tweet twitter-tweet-rendered\"><iframe id=\"twitter-widget-0\" class=\"\" title=\"Twitter Tweet\" src=\"https:\/\/platform.twitter.com\/embed\/index.html?creatorScreenName=oxuaz&amp;dnt=false&amp;embedId=twitter-widget-0&amp;frame=false&amp;hideCard=false&amp;hideThread=false&amp;id=1356188036564979712&amp;lang=en&amp;origin=https%3A%2F%2Foxu.az%2Fpolitics%2F463290&amp;siteScreenName=oxuaz&amp;theme=light&amp;widgetsVersion=ed20a2b%3A1601588405575&amp;width=550px\" frameborder=\"0\" scrolling=\"no\" allowfullscreen=\"allowfullscreen\" data-tweet-id=\"1356188036564979712\" data-mce-fragment=\"1\"><\/iframe><\/div>\n<\/div>\n<p>&nbsp;<\/p>\n","protected":false},"excerpt":{"rendered":"<p>T\u00fcrkiy\u0259 Xarici \u0130\u015fl\u0259r naziri M\u00f6vlud \u00c7avu\u015fo\u011flu \u018fdal\u0259t v\u0259 \u0130nki\u015faf partiyas\u0131n\u0131n (AKP)\u00a0Antalyada ke\u00e7iril\u0259n Konqresind\u0259 Az\u0259rbaycan\u0131n torpaqlar\u0131n\u0131 azad etm\u0259k u\u011frunda Erm\u0259nistan \u00fcz\u0259rind\u0259 q\u0259l\u0259b\u0259sini bir daha xat\u0131rlad\u0131b. Bu bar\u0259d\u0259 video turkiy\u0259li nazirin \u201cTwitter\u201d s\u0259hif\u0259sind\u0259 yerl\u0259\u015fdirilib. \u201cBiz C\u0259nubi Qafqazda s\u00fclh\u00fcn b\u0259rq\u0259rar olmas\u0131 \u00fc\u00e7\u00fcn diplomatik h\u0259ll yolu ist\u0259y\u0259nd\u0259, buna raz\u0131 olmayanlar indi siyasi \u00e7\u0131x\u0131\u015f yolu axtar\u0131rlar. Da\u011fl\u0131q Qaraba\u011fda 30 ildir i\u015f\u011fal vard\u0131, z\u00fclm vard\u0131. D\u0259f\u0259l\u0259rl\u0259 diplomatik h\u0259ll yolu ir\u0259li s\u00fcrd\u00fck, raz\u0131l\u0131q olmad\u0131lar. N\u0259 oldu? Az\u0259rbaycan d\u00f6y\u00fc\u015f meydan\u0131na girdi, haqq\u0131n\u0131 ald\u0131, i\u015f\u011falda olan torpaqlar\u0131n\u0131 azad etdi. Amma indi diplomatiya deyirl\u0259r, siyasi h\u0259ll ist\u0259yirl\u0259r, b\u0259li, biz buna&hellip;<\/p>\n","protected":false},"author":2,"featured_media":283899,"comment_status":"closed","ping_status":"closed","sticky":false,"template":"","format":"standard","meta":{"om_disable_all_campaigns":false,"_monsterinsights_skip_tracking":false,"_monsterinsights_sitenote_active":false,"_monsterinsights_sitenote_note":"","_monsterinsights_sitenote_category":0},"categories":[4],"tags":[],"aioseo_notices":[],"gutentor_comment":0,"rttpg_featured_image_url":{"full":["https:\/\/arantv.az\/wp-content\/uploads\/2021\/02\/mevlut-cavusoglu-depophotos-12_16_9_1599763120.jpg",620,349,false],"landscape":["https:\/\/arantv.az\/wp-content\/uploads\/2021\/02\/mevlut-cavusoglu-depophotos-12_16_9_1599763120.jpg",620,349,false],"portraits":["https:\/\/arantv.az\/wp-content\/uploads\/2021\/02\/mevlut-cavusoglu-depophotos-12_16_9_1599763120.jpg",620,349,false],"thumbnail":["https:\/\/arantv.az\/wp-content\/uploads\/2021\/02\/mevlut-cavusoglu-depophotos-12_16_9_1599763120-150x150.jpg",150,150,true],"medium":["https:\/\/arantv.az\/wp-content\/uploads\/2021\/02\/mevlut-cavusoglu-depophotos-12_16_9_1599763120-300x169.jpg",300,169,true],"large":["https:\/\/arantv.az\/wp-content\/uploads\/2021\/02\/mevlut-cavusoglu-depophotos-12_16_9_1599763120.jpg",620,349,false],"1536x1536":["https:\/\/arantv.az\/wp-content\/uploads\/2021\/02\/mevlut-cavusoglu-depophotos-12_16_9_1599763120.jpg",620,349,false],"2048x2048":["https:\/\/arantv.az\/wp-content\/uploads\/2021\/02\/mevlut-cavusoglu-depophotos-12_16_9_1599763120.jpg",620,349,false],"post-thumbnail":["https:\/\/arantv.az\/wp-content\/uploads\/2021\/02\/mevlut-cavusoglu-depophotos-12_16_9_1599763120-240x172.jpg",240,172,true],"advps-thumb-one":["https:\/\/arantv.az\/wp-content\/uploads\/2021\/02\/mevlut-cavusoglu-depophotos-12_16_9_1599763120.jpg",620,349,false]},"rttpg_author":{"display_name":"V\u00fcsal Rafiqo\u011flu","author_link":"https:\/\/arantv.az\/?author=2"},"rttpg_comment":0,"rttpg_category":"<a href=\"https:\/\/arantv.az\/?cat=4\" rel=\"category\">Siyas\u0259t<\/a>","rttpg_excerpt":"T\u00fcrkiy\u0259 Xarici \u0130\u015fl\u0259r naziri M\u00f6vlud \u00c7avu\u015fo\u011flu \u018fdal\u0259t v\u0259 \u0130nki\u015faf partiyas\u0131n\u0131n (AKP)\u00a0Antalyada ke\u00e7iril\u0259n Konqresind\u0259 Az\u0259rbaycan\u0131n torpaqlar\u0131n\u0131 azad etm\u0259k u\u011frunda Erm\u0259nistan \u00fcz\u0259rind\u0259 q\u0259l\u0259b\u0259sini bir daha xat\u0131rlad\u0131b. Bu bar\u0259d\u0259 video turkiy\u0259li nazirin \u201cTwitter\u201d s\u0259hif\u0259sind\u0259 yerl\u0259\u015fdirilib. \u201cBiz C\u0259nubi Qafqazda s\u00fclh\u00fcn b\u0259rq\u0259rar olmas\u0131 \u00fc\u00e7\u00fcn diplomatik h\u0259ll yolu ist\u0259y\u0259nd\u0259, buna raz\u0131 olmayanlar indi siyasi \u00e7\u0131x\u0131\u015f yolu axtar\u0131rlar. Da\u011fl\u0131q Qaraba\u011fda 30 ildir&hellip;","_links":{"self":[{"href":"https:\/\/arantv.az\/index.php?rest_route=\/wp\/v2\/posts\/283898"}],"collection":[{"href":"https:\/\/arantv.az\/index.php?rest_route=\/wp\/v2\/posts"}],"about":[{"href":"https:\/\/arantv.az\/index.php?rest_route=\/wp\/v2\/types\/post"}],"author":[{"embeddable":true,"href":"https:\/\/arantv.az\/index.php?rest_route=\/wp\/v2\/users\/2"}],"replies":[{"embeddable":true,"href":"https:\/\/arantv.az\/index.php?rest_route=%2Fwp%2Fv2%2Fcomments&post=283898"}],"version-history":[{"count":0,"href":"https:\/\/arantv.az\/index.php?rest_route=\/wp\/v2\/posts\/283898\/revisions"}],"wp:featuredmedia":[{"embeddable":true,"href":"https:\/\/arantv.az\/index.php?rest_route=\/wp\/v2\/media\/283899"}],"wp:attachment":[{"href":"https:\/\/arantv.az\/index.php?rest_route=%2Fwp%2Fv2%2Fmedia&parent=283898"}],"wp:term":[{"taxonomy":"category","embeddable":true,"href":"https:\/\/arantv.az\/index.php?rest_route=%2Fwp%2Fv2%2Fcategories&post=283898"},{"taxonomy":"post_tag","embeddable":true,"href":"https:\/\/arantv.az\/index.php?rest_route=%2Fwp%2Fv2%2Ftags&post=283898"}],"curies":[{"name":"wp","href":"https:\/\/api.w.org\/{rel}","templated":true}]}}