{"id":283902,"date":"2021-02-01T15:22:48","date_gmt":"2021-02-01T12:22:48","guid":{"rendered":"http:\/\/arantv.az\/?p=283902"},"modified":"2021-02-01T15:22:48","modified_gmt":"2021-02-01T12:22:48","slug":"prezident-ilham-%c9%99liyev-abseron-rayonunda-xirdalan-yarimstansiyalarinin-acilisinda-istirak-edib","status":"publish","type":"post","link":"https:\/\/arantv.az\/?p=283902","title":{"rendered":"Prezident \u0130lham \u018fliyev Ab\u015feron rayonunda \u201cX\u0131rdalan\u201d yar\u0131mstansiyalar\u0131n\u0131n a\u00e7\u0131l\u0131\u015f\u0131nda i\u015ftirak edib"},"content":{"rendered":"<p>Fevral\u0131n 1-d\u0259 Az\u0259rbaycan Respublikas\u0131n\u0131n Prezidenti \u0130lham \u018fliyev yenid\u0259n qurulan 220\/110\/10 kilovoltluq v\u0259 yeni tikil\u0259n 110\/35\/10 kilovoltluq &#8220;X\u0131rdalan&#8221; yar\u0131mstansiyalar\u0131n\u0131n a\u00e7\u0131l\u0131\u015f\u0131nda i\u015ftirak edib.<\/p>\n<p><strong>ARANTV.AZ\u00a0\u00a0<\/strong><a href=\"http:\/\/azertag.az\/\" target=\"_blank\" rel=\"noopener\">AZ\u018fRTAC<\/a>-a istinad\u0259n bildirir ki,\u00a0d\u00f6vl\u0259timizin ba\u015f\u00e7\u0131s\u0131 &#8220;X\u0131rdalan&#8221; yar\u0131mstansiyas\u0131nda yarad\u0131lan \u015f\u0259raitl\u0259 tan\u0131\u015f oldu.<\/p>\n<p>M\u0259lumat verildi ki, 220\/110\/10 kilovoltluq &#8220;X\u0131rdalan&#8221; yar\u0131mstansiyas\u0131 istismar m\u00fcdd\u0259tini ba\u015fa vurdu\u011funa v\u0259 artan t\u0259l\u0259bat\u0131 qar\u015f\u0131laya bilm\u0259diyin\u0259 g\u00f6r\u0259 tam yenid\u0259n qurulub.<\/p>\n<p>Bak\u0131 \u015f\u0259h\u0259rinin dair\u0259vi elektrik t\u0259chizat\u0131 \u00fczr\u0259 60 faizini elektrik enerjisi il\u0259 qidaland\u0131ran bu yar\u0131mstansiyaya \u015eirvan \u015f\u0259h\u0259rind\u0259ki &#8220;C\u0259nub&#8221; Elektrik Stansiyas\u0131ndan 108 kilometr m\u0259saf\u0259d\u0259 elektrik \u00f6t\u00fcrm\u0259 x\u0259tti \u00e7\u0259kilib. Bu, Ming\u0259\u00e7evir \u015f\u0259h\u0259rind\u0259ki generasiya m\u0259nb\u0259l\u0259rind\u0259n as\u0131l\u0131l\u0131\u011f\u0131 azaltma\u011fa xidm\u0259t etm\u0259kl\u0259 yana\u015f\u0131, paytaxt\u0131n etibarl\u0131 v\u0259 dayan\u0131ql\u0131 enerji il\u0259 t\u0259min edilm\u0259sind\u0259 \u0259v\u0259zsiz rol oynay\u0131r.<\/p>\n<p>Sonra Prezident \u0130lham \u018fliyev m\u0259saf\u0259d\u0259n idar\u0259olunan SCADA Dispet\u00e7er sistemi vasit\u0259sil\u0259 yeni tikil\u0259n 110\/35\/10 kilovoltluq &#8220;X\u0131rdalan&#8221; yar\u0131mstansiyas\u0131n\u0131 i\u015f\u0259 sald\u0131.<\/p>\n<p>Bildirildi ki, q\u0259zalar\u0131n qar\u015f\u0131s\u0131n\u0131n al\u0131nmas\u0131 v\u0259 istehlak\u00e7\u0131lar\u0131n keyfiyy\u0259tli v\u0259 fasil\u0259siz elektrik enerjisi il\u0259 t\u0259chiz edilm\u0259sind\u0259 bu stansiya m\u00fch\u00fcm \u0259h\u0259miyy\u0259t\u0259 malikdir.<\/p>\n<p>D\u00f6vl\u0259timizin ba\u015f\u00e7\u0131s\u0131na yeni SCADA layih\u0259sinin birinci m\u0259rh\u0259l\u0259sinin ba\u015fa \u00e7atmas\u0131 bar\u0259d\u0259 d\u0259 m\u0259lumat verildi.<\/p>\n<p>Qeyd edildi ki, yar\u0131mstansiyan\u0131n yeni inzibati binas\u0131nda SCADA idar\u0259etm\u0259 sisteminin tam h\u0259cmd\u0259 ehtiyat dispet\u00e7er idar\u0259etm\u0259 m\u0259rk\u0259zi yarad\u0131l\u0131b.<\/p>\n<p><em>X\u0259b\u0259r yenil\u0259n\u0259c\u0259k<\/em><\/p>\n","protected":false},"excerpt":{"rendered":"<p>Fevral\u0131n 1-d\u0259 Az\u0259rbaycan Respublikas\u0131n\u0131n Prezidenti \u0130lham \u018fliyev yenid\u0259n qurulan 220\/110\/10 kilovoltluq v\u0259 yeni tikil\u0259n 110\/35\/10 kilovoltluq &#8220;X\u0131rdalan&#8221; yar\u0131mstansiyalar\u0131n\u0131n a\u00e7\u0131l\u0131\u015f\u0131nda i\u015ftirak edib. ARANTV.AZ\u00a0\u00a0AZ\u018fRTAC-a istinad\u0259n bildirir ki,\u00a0d\u00f6vl\u0259timizin ba\u015f\u00e7\u0131s\u0131 &#8220;X\u0131rdalan&#8221; yar\u0131mstansiyas\u0131nda yarad\u0131lan \u015f\u0259raitl\u0259 tan\u0131\u015f oldu. M\u0259lumat verildi ki, 220\/110\/10 kilovoltluq &#8220;X\u0131rdalan&#8221; yar\u0131mstansiyas\u0131 istismar m\u00fcdd\u0259tini ba\u015fa vurdu\u011funa v\u0259 artan t\u0259l\u0259bat\u0131 qar\u015f\u0131laya bilm\u0259diyin\u0259 g\u00f6r\u0259 tam yenid\u0259n qurulub. Bak\u0131 \u015f\u0259h\u0259rinin dair\u0259vi elektrik t\u0259chizat\u0131 \u00fczr\u0259 60 faizini elektrik enerjisi il\u0259 qidaland\u0131ran bu yar\u0131mstansiyaya \u015eirvan \u015f\u0259h\u0259rind\u0259ki &#8220;C\u0259nub&#8221; Elektrik Stansiyas\u0131ndan 108 kilometr m\u0259saf\u0259d\u0259 elektrik \u00f6t\u00fcrm\u0259 x\u0259tti \u00e7\u0259kilib. Bu, Ming\u0259\u00e7evir \u015f\u0259h\u0259rind\u0259ki generasiya m\u0259nb\u0259l\u0259rind\u0259n as\u0131l\u0131l\u0131\u011f\u0131 azaltma\u011fa xidm\u0259t etm\u0259kl\u0259 yana\u015f\u0131, paytaxt\u0131n etibarl\u0131&hellip;<\/p>\n","protected":false},"author":2,"featured_media":263535,"comment_status":"closed","ping_status":"closed","sticky":false,"template":"","format":"standard","meta":{"om_disable_all_campaigns":false,"_monsterinsights_skip_tracking":false,"_monsterinsights_sitenote_active":false,"_monsterinsights_sitenote_note":"","_monsterinsights_sitenote_category":0},"categories":[4],"tags":[],"aioseo_notices":[],"gutentor_comment":0,"rttpg_featured_image_url":{"full":["https:\/\/arantv.az\/wp-content\/uploads\/2020\/12\/1593523841_ilham-eliyev.jpg",620,455,false],"landscape":["https:\/\/arantv.az\/wp-content\/uploads\/2020\/12\/1593523841_ilham-eliyev.jpg",620,455,false],"portraits":["https:\/\/arantv.az\/wp-content\/uploads\/2020\/12\/1593523841_ilham-eliyev.jpg",620,455,false],"thumbnail":["https:\/\/arantv.az\/wp-content\/uploads\/2020\/12\/1593523841_ilham-eliyev-150x150.jpg",150,150,true],"medium":["https:\/\/arantv.az\/wp-content\/uploads\/2020\/12\/1593523841_ilham-eliyev-300x220.jpg",300,220,true],"large":["https:\/\/arantv.az\/wp-content\/uploads\/2020\/12\/1593523841_ilham-eliyev.jpg",620,455,false],"1536x1536":["https:\/\/arantv.az\/wp-content\/uploads\/2020\/12\/1593523841_ilham-eliyev.jpg",620,455,false],"2048x2048":["https:\/\/arantv.az\/wp-content\/uploads\/2020\/12\/1593523841_ilham-eliyev.jpg",620,455,false],"post-thumbnail":["https:\/\/arantv.az\/wp-content\/uploads\/2020\/12\/1593523841_ilham-eliyev-240x172.jpg",240,172,true],"advps-thumb-one":["https:\/\/arantv.az\/wp-content\/uploads\/2020\/12\/1593523841_ilham-eliyev.jpg",620,455,false]},"rttpg_author":{"display_name":"V\u00fcsal Rafiqo\u011flu","author_link":"https:\/\/arantv.az\/?author=2"},"rttpg_comment":0,"rttpg_category":"<a href=\"https:\/\/arantv.az\/?cat=4\" rel=\"category\">Siyas\u0259t<\/a>","rttpg_excerpt":"Fevral\u0131n 1-d\u0259 Az\u0259rbaycan Respublikas\u0131n\u0131n Prezidenti \u0130lham \u018fliyev yenid\u0259n qurulan 220\/110\/10 kilovoltluq v\u0259 yeni tikil\u0259n 110\/35\/10 kilovoltluq &#8220;X\u0131rdalan&#8221; yar\u0131mstansiyalar\u0131n\u0131n a\u00e7\u0131l\u0131\u015f\u0131nda i\u015ftirak edib. ARANTV.AZ\u00a0\u00a0AZ\u018fRTAC-a istinad\u0259n bildirir ki,\u00a0d\u00f6vl\u0259timizin ba\u015f\u00e7\u0131s\u0131 &#8220;X\u0131rdalan&#8221; yar\u0131mstansiyas\u0131nda yarad\u0131lan \u015f\u0259raitl\u0259 tan\u0131\u015f oldu. M\u0259lumat verildi ki, 220\/110\/10 kilovoltluq &#8220;X\u0131rdalan&#8221; yar\u0131mstansiyas\u0131 istismar m\u00fcdd\u0259tini ba\u015fa vurdu\u011funa v\u0259 artan t\u0259l\u0259bat\u0131 qar\u015f\u0131laya bilm\u0259diyin\u0259 g\u00f6r\u0259 tam yenid\u0259n qurulub. Bak\u0131 \u015f\u0259h\u0259rinin dair\u0259vi&hellip;","_links":{"self":[{"href":"https:\/\/arantv.az\/index.php?rest_route=\/wp\/v2\/posts\/283902"}],"collection":[{"href":"https:\/\/arantv.az\/index.php?rest_route=\/wp\/v2\/posts"}],"about":[{"href":"https:\/\/arantv.az\/index.php?rest_route=\/wp\/v2\/types\/post"}],"author":[{"embeddable":true,"href":"https:\/\/arantv.az\/index.php?rest_route=\/wp\/v2\/users\/2"}],"replies":[{"embeddable":true,"href":"https:\/\/arantv.az\/index.php?rest_route=%2Fwp%2Fv2%2Fcomments&post=283902"}],"version-history":[{"count":0,"href":"https:\/\/arantv.az\/index.php?rest_route=\/wp\/v2\/posts\/283902\/revisions"}],"wp:featuredmedia":[{"embeddable":true,"href":"https:\/\/arantv.az\/index.php?rest_route=\/wp\/v2\/media\/263535"}],"wp:attachment":[{"href":"https:\/\/arantv.az\/index.php?rest_route=%2Fwp%2Fv2%2Fmedia&parent=283902"}],"wp:term":[{"taxonomy":"category","embeddable":true,"href":"https:\/\/arantv.az\/index.php?rest_route=%2Fwp%2Fv2%2Fcategories&post=283902"},{"taxonomy":"post_tag","embeddable":true,"href":"https:\/\/arantv.az\/index.php?rest_route=%2Fwp%2Fv2%2Ftags&post=283902"}],"curies":[{"name":"wp","href":"https:\/\/api.w.org\/{rel}","templated":true}]}}