{"id":28391,"date":"2018-12-19T15:43:11","date_gmt":"2018-12-19T12:43:11","guid":{"rendered":"http:\/\/arantv.az\/?p=28391"},"modified":"2018-12-19T15:43:11","modified_gmt":"2018-12-19T12:43:11","slug":"amea-da-axc-nin-100-illiyin%c9%99-h%c9%99sr-olunan-konfrans-kecirilib","status":"publish","type":"post","link":"https:\/\/arantv.az\/?p=28391","title":{"rendered":"AMEA-da AXC-nin 100 illiyin\u0259 h\u0259sr olunan konfrans ke\u00e7irilib"},"content":{"rendered":"<p><strong>ARANTV.AZ<\/strong> x\u0259b\u0259r verir ki, Milli Elml\u0259r Akademiyas\u0131nda \u201cAz\u0259rbaycan d\u00f6vl\u0259t\u00e7ilik tarixinin parlaq s\u0259hif\u0259si\u201d m\u00f6vzusunda elmi konfrans ke\u00e7irilib. T\u0259dbir Az\u0259rbaycan Xalq C\u00fcmhuriyy\u0259tinin 100 illiyin\u0259 h\u0259sr olunub.<\/p>\n<p>Bu il 100 illiyi qeyd olunan Xalq C\u00fcmhuriyy\u0259ti d\u00f6vl\u0259t\u00e7ilik tariximizd\u0259 silinm\u0259z izl\u0259r qoyub. \u0130ki ild\u0259n az m\u00fcdd\u0259td\u0259 f\u0259aliyy\u0259t g\u00f6st\u0259rm\u0259sin\u0259 baxmayaraq, \u00e7\u0259tin tarixi v\u0259zif\u0259ni \u015f\u0259r\u0259fl\u0259 yerin\u0259 yetirib. Bu d\u00f6vrd\u0259 Az\u0259rbaycan\u0131n ilk parlamenti v\u0259 h\u00f6kum\u0259ti, d\u00f6vl\u0259t aparat\u0131 t\u0259\u015fkil edilib. \u00d6lk\u0259nin s\u0259rh\u0259dl\u0259ri m\u00fc\u0259yy\u0259nl\u0259\u015fdirilib, bayra\u011f\u0131, himni, gerbi yarad\u0131l\u0131b. Ana dili d\u00f6vl\u0259t dili elan edilib, d\u00f6vl\u0259t quruculu\u011fu sah\u0259sind\u0259 ciddi t\u0259dbirl\u0259r h\u0259yata ke\u00e7irilib. Xalq C\u00fcmhuriyy\u0259tinin 100 illiyin\u0259 h\u0259sr olunan elmi konfransda Milli Elml\u0259r Akademiyas\u0131n\u0131n vitse-prezidenti \u0130sa H\u0259bibb\u0259yli bu bar\u0259d\u0259 m\u0259lumat verdi. Bildirdi ki, akademiyan\u0131n elmi m\u00fc\u0259ssis\u0259l\u0259rind\u0259 yubileyl\u0259 ba\u011fl\u0131 bir s\u0131ra konfranslar ke\u00e7irilib, m\u0259qal\u0259l\u0259r, kitablar, s\u0259n\u0259dl\u0259r toplusu, elmi-biblioqrafik g\u00f6st\u0259ricil\u0259r, monoqrafiyalar n\u0259\u015fr olunub, s\u0259rgil\u0259r t\u0259\u015fkil edilib. Akademiyan\u0131n\u00a0 ictimai elml\u0259r b\u00f6lm\u0259sinin akademik-katibi N\u0259rgiz Axundova qeyd etdi ki, c\u00fcmhuriyy\u0259tin f\u0259aliyy\u0259t g\u00f6st\u0259rdiyi d\u00f6vrd\u0259 \u00f6lk\u0259nin \u0259razi b\u00fct\u00f6vl\u00fcy\u00fc v\u0259 milli t\u0259hl\u00fck\u0259sizliyinin t\u0259mini istiqam\u0259tind\u0259 ciddi add\u0131mlar at\u0131l\u0131b. Elmin, m\u0259d\u0259niyy\u0259tin inki\u015faf\u0131na x\u00fcsusi diqq\u0259t yetirilib, Az\u0259rbaycan\u0131n ilk universiteti t\u0259sis olunub, t\u0259hsil millil\u0259\u015fdirilib. Konfrans i\u015fini elmi m\u0259ruz\u0259l\u0259rl\u0259 davam etdirdi.<\/p>\n","protected":false},"excerpt":{"rendered":"<p>ARANTV.AZ x\u0259b\u0259r verir ki, Milli Elml\u0259r Akademiyas\u0131nda \u201cAz\u0259rbaycan d\u00f6vl\u0259t\u00e7ilik tarixinin parlaq s\u0259hif\u0259si\u201d m\u00f6vzusunda elmi konfrans ke\u00e7irilib. T\u0259dbir Az\u0259rbaycan Xalq C\u00fcmhuriyy\u0259tinin 100 illiyin\u0259 h\u0259sr olunub. Bu il 100 illiyi qeyd olunan Xalq C\u00fcmhuriyy\u0259ti d\u00f6vl\u0259t\u00e7ilik tariximizd\u0259 silinm\u0259z izl\u0259r qoyub. \u0130ki ild\u0259n az m\u00fcdd\u0259td\u0259 f\u0259aliyy\u0259t g\u00f6st\u0259rm\u0259sin\u0259 baxmayaraq, \u00e7\u0259tin tarixi v\u0259zif\u0259ni \u015f\u0259r\u0259fl\u0259 yerin\u0259 yetirib. Bu d\u00f6vrd\u0259 Az\u0259rbaycan\u0131n ilk parlamenti v\u0259 h\u00f6kum\u0259ti, d\u00f6vl\u0259t aparat\u0131 t\u0259\u015fkil edilib. \u00d6lk\u0259nin s\u0259rh\u0259dl\u0259ri m\u00fc\u0259yy\u0259nl\u0259\u015fdirilib, bayra\u011f\u0131, himni, gerbi yarad\u0131l\u0131b. Ana dili d\u00f6vl\u0259t dili elan edilib, d\u00f6vl\u0259t quruculu\u011fu sah\u0259sind\u0259 ciddi t\u0259dbirl\u0259r h\u0259yata ke\u00e7irilib. Xalq C\u00fcmhuriyy\u0259tinin 100 illiyin\u0259 h\u0259sr olunan elmi konfransda Milli&hellip;<\/p>\n","protected":false},"author":2,"featured_media":28392,"comment_status":"closed","ping_status":"closed","sticky":false,"template":"","format":"standard","meta":{"om_disable_all_campaigns":false,"_monsterinsights_skip_tracking":false,"_monsterinsights_sitenote_active":false,"_monsterinsights_sitenote_note":"","_monsterinsights_sitenote_category":0},"categories":[1],"tags":[],"aioseo_notices":[],"gutentor_comment":0,"rttpg_featured_image_url":{"full":["https:\/\/arantv.az\/wp-content\/uploads\/2018\/12\/i2olg7hg4he7pivgc79b3cd112amea.jpg",700,465,false],"landscape":["https:\/\/arantv.az\/wp-content\/uploads\/2018\/12\/i2olg7hg4he7pivgc79b3cd112amea.jpg",700,465,false],"portraits":["https:\/\/arantv.az\/wp-content\/uploads\/2018\/12\/i2olg7hg4he7pivgc79b3cd112amea.jpg",700,465,false],"thumbnail":["https:\/\/arantv.az\/wp-content\/uploads\/2018\/12\/i2olg7hg4he7pivgc79b3cd112amea-150x150.jpg",150,150,true],"medium":["https:\/\/arantv.az\/wp-content\/uploads\/2018\/12\/i2olg7hg4he7pivgc79b3cd112amea-300x199.jpg",300,199,true],"large":["https:\/\/arantv.az\/wp-content\/uploads\/2018\/12\/i2olg7hg4he7pivgc79b3cd112amea.jpg",640,425,false],"1536x1536":["https:\/\/arantv.az\/wp-content\/uploads\/2018\/12\/i2olg7hg4he7pivgc79b3cd112amea.jpg",700,465,false],"2048x2048":["https:\/\/arantv.az\/wp-content\/uploads\/2018\/12\/i2olg7hg4he7pivgc79b3cd112amea.jpg",700,465,false],"post-thumbnail":["https:\/\/arantv.az\/wp-content\/uploads\/2018\/12\/i2olg7hg4he7pivgc79b3cd112amea-240x172.jpg",240,172,true],"advps-thumb-one":["https:\/\/arantv.az\/wp-content\/uploads\/2018\/12\/i2olg7hg4he7pivgc79b3cd112amea.jpg",700,465,false]},"rttpg_author":{"display_name":"V\u00fcsal Rafiqo\u011flu","author_link":"https:\/\/arantv.az\/?author=2"},"rttpg_comment":0,"rttpg_category":"<a href=\"https:\/\/arantv.az\/?cat=1\" rel=\"category\">C\u0259miyy\u0259t<\/a>","rttpg_excerpt":"ARANTV.AZ x\u0259b\u0259r verir ki, Milli Elml\u0259r Akademiyas\u0131nda \u201cAz\u0259rbaycan d\u00f6vl\u0259t\u00e7ilik tarixinin parlaq s\u0259hif\u0259si\u201d m\u00f6vzusunda elmi konfrans ke\u00e7irilib. T\u0259dbir Az\u0259rbaycan Xalq C\u00fcmhuriyy\u0259tinin 100 illiyin\u0259 h\u0259sr olunub. Bu il 100 illiyi qeyd olunan Xalq C\u00fcmhuriyy\u0259ti d\u00f6vl\u0259t\u00e7ilik tariximizd\u0259 silinm\u0259z izl\u0259r qoyub. \u0130ki ild\u0259n az m\u00fcdd\u0259td\u0259 f\u0259aliyy\u0259t g\u00f6st\u0259rm\u0259sin\u0259 baxmayaraq, \u00e7\u0259tin tarixi v\u0259zif\u0259ni \u015f\u0259r\u0259fl\u0259 yerin\u0259 yetirib. Bu d\u00f6vrd\u0259 Az\u0259rbaycan\u0131n ilk parlamenti&hellip;","_links":{"self":[{"href":"https:\/\/arantv.az\/index.php?rest_route=\/wp\/v2\/posts\/28391"}],"collection":[{"href":"https:\/\/arantv.az\/index.php?rest_route=\/wp\/v2\/posts"}],"about":[{"href":"https:\/\/arantv.az\/index.php?rest_route=\/wp\/v2\/types\/post"}],"author":[{"embeddable":true,"href":"https:\/\/arantv.az\/index.php?rest_route=\/wp\/v2\/users\/2"}],"replies":[{"embeddable":true,"href":"https:\/\/arantv.az\/index.php?rest_route=%2Fwp%2Fv2%2Fcomments&post=28391"}],"version-history":[{"count":0,"href":"https:\/\/arantv.az\/index.php?rest_route=\/wp\/v2\/posts\/28391\/revisions"}],"wp:featuredmedia":[{"embeddable":true,"href":"https:\/\/arantv.az\/index.php?rest_route=\/wp\/v2\/media\/28392"}],"wp:attachment":[{"href":"https:\/\/arantv.az\/index.php?rest_route=%2Fwp%2Fv2%2Fmedia&parent=28391"}],"wp:term":[{"taxonomy":"category","embeddable":true,"href":"https:\/\/arantv.az\/index.php?rest_route=%2Fwp%2Fv2%2Fcategories&post=28391"},{"taxonomy":"post_tag","embeddable":true,"href":"https:\/\/arantv.az\/index.php?rest_route=%2Fwp%2Fv2%2Ftags&post=28391"}],"curies":[{"name":"wp","href":"https:\/\/api.w.org\/{rel}","templated":true}]}}