{"id":283921,"date":"2021-02-01T15:28:55","date_gmt":"2021-02-01T12:28:55","guid":{"rendered":"http:\/\/arantv.az\/?p=283921"},"modified":"2021-02-01T15:28:55","modified_gmt":"2021-02-01T12:28:55","slug":"prezident-v%c9%99-mehriban-%c9%99liyeva-3-sayli-m%c9%99kt%c9%99b-liseyd%c9%99-yaradilan-s%c9%99raitl%c9%99-tanis-olublar-foto","status":"publish","type":"post","link":"https:\/\/arantv.az\/?p=283921","title":{"rendered":"Prezident v\u0259 Mehriban \u018fliyeva 3 sayl\u0131 m\u0259kt\u0259b-liseyd\u0259 yarad\u0131lan \u015f\u0259raitl\u0259 tan\u0131\u015f olublar &#8211; FOTO"},"content":{"rendered":"<p>Az\u0259rbaycan Respublikas\u0131n\u0131n Prezidenti \u0130lham \u018fliyev v\u0259 Birinci vitse-prezident\u00a0Mehriban \u018fliyeva fevral\u0131n 1-d\u0259 Ab\u015feron rayonunun X\u0131rdalan \u015f\u0259h\u0259rind\u0259 3 sayl\u0131 m\u0259kt\u0259b-liseyd\u0259 yarad\u0131lan \u015f\u0259raitl\u0259 tan\u0131\u015f olublar.<\/p>\n<div id=\"AdviadNativeVideo0\" class=\"AdviadNativeVideo\"><\/div>\n<p><strong>ARANTV.AZ<\/strong> x\u0259b\u0259r verir ki, d\u00f6vl\u0259timizin ba\u015f\u00e7\u0131s\u0131n\u0131n 2019-cu ilin yanvar\u0131nda imzalad\u0131\u011f\u0131 S\u0259r\u0259ncamla bu t\u0259hsil m\u00fc\u0259ssis\u0259sinin 1176 \u015fagird yerlik korpusu \u0259sasl\u0131 t\u0259mir olunub v\u0259 1200 \u015fagird yerlik yeni \u0259lav\u0259 korpus in\u015fa edilib. Yeni tikil\u0259n korpusda m\u00fcasir sinif otaqlar\u0131, informatika, h\u0259rbi haz\u0131rl\u0131q, \u0259m\u0259k t\u0259limi, m\u0259kt\u0259b\u0259q\u0259d\u0259r haz\u0131rl\u0131q kabinetl\u0259ri yarad\u0131l\u0131b v\u0259 z\u0259ruri d\u0259rs v\u0259saiti il\u0259 t\u0259chiz olunub. Burada, h\u0259m\u00e7inin STEAM \u2013 elm, texnologiya, m\u00fch\u0259ndislik, inc\u0259s\u0259n\u0259t, riyaziyyat ota\u011f\u0131, laboratoriyalar, akt zal\u0131 v\u0259 a\u00e7\u0131q idman meydan\u00e7as\u0131 yarad\u0131l\u0131b.<\/p>\n<div class=\"gallery\">\n<div class=\"gallery-i\"><img src=\"https:\/\/cdn.oxu.az\/uploads\/W1siZiIsIjIwMjEvMDIvMDEvMTYvMjUvMzMvMzBjMGUxNGYtZmE1NC00ZGI3LTllNzYtZDlhYmE1MzJhNTdkLzE2MTIxODIwNzQzMDY0MjQwMDFfMTAwMHg2NjkuanBnIl0sWyJwIiwiZW5jb2RlIiwianBnIiwiLXF1YWxpdHkgODAiXSxbInAiLCJ0aHVtYiIsIjU5MHg1OTBcdTAwM2UiXV0?sha=8d43603e7512c9d9\" alt=\"\" \/><\/p>\n<div class=\"gallery-i-caption\"><\/div>\n<\/div>\n<div class=\"gallery-i\"><img src=\"https:\/\/cdn.oxu.az\/uploads\/W1siZiIsIjIwMjEvMDIvMDEvMTYvMjUvMzMvMDdkZmM5ZGItY2RkMi00YTM3LWFhMmUtMWZiZDAzZWI4Y2I3LzE2MTIxODIwNzQ2MTgyNjIzNjkzXzEwMDB4NjY5LmpwZyJdLFsicCIsImVuY29kZSIsImpwZyIsIi1xdWFsaXR5IDgwIl0sWyJwIiwidGh1bWIiLCI1OTB4NTkwXHUwMDNlIl1d?sha=b8f4b7eb793fc55e\" alt=\"\" \/><\/p>\n<div class=\"gallery-i-caption\"><\/div>\n<\/div>\n<div class=\"gallery-i\"><img src=\"https:\/\/cdn.oxu.az\/uploads\/W1siZiIsIjIwMjEvMDIvMDEvMTYvMjUvMzMvMGQ2ZTQ2OTgtNTFmMy00N2EyLTg1OTMtYjUxMjkwNjA4MjcyLzE2MTIxODIwNzQxMTEzMDI3MTFfMTAwMHg2NjkuanBnIl0sWyJwIiwiZW5jb2RlIiwianBnIiwiLXF1YWxpdHkgODAiXSxbInAiLCJ0aHVtYiIsIjU5MHg1OTBcdTAwM2UiXV0?sha=f261d35cdbe2c161\" alt=\"\" \/><\/p>\n<div class=\"gallery-i-caption\"><\/div>\n<\/div>\n<div class=\"gallery-i\"><img src=\"https:\/\/cdn.oxu.az\/uploads\/W1siZiIsIjIwMjEvMDIvMDEvMTYvMjUvMzMvYjk4Mjg2OGQtYWIwZC00NDljLWE1ODQtOGY0MTM1ZmY3M2ZiLzE2MTIxODIwNzQzMDQyMjE5MTk0XzEwMDB4NjY5LmpwZyJdLFsicCIsImVuY29kZSIsImpwZyIsIi1xdWFsaXR5IDgwIl0sWyJwIiwidGh1bWIiLCI1OTB4NTkwXHUwMDNlIl1d?sha=285d693e0dc1667f\" alt=\"\" \/><\/p>\n<div class=\"gallery-i-caption\"><\/div>\n<\/div>\n<div class=\"gallery-i\"><img src=\"https:\/\/cdn.oxu.az\/uploads\/W1siZiIsIjIwMjEvMDIvMDEvMTYvMjUvMzQvZDI3NjRmMDItMDc5OS00OTFlLWJiMzItMWFiODY3ODkxZWYzLzE2MTIxODIwNzQ2NDE0OTU2MTU1XzEwMDB4NjY5LmpwZyJdLFsicCIsImVuY29kZSIsImpwZyIsIi1xdWFsaXR5IDgwIl0sWyJwIiwidGh1bWIiLCI1OTB4NTkwXHUwMDNlIl1d?sha=c39b1dfe53071f01\" alt=\"\" \/><\/div>\n<\/div>\n<div>AZ\u018fRTAC<\/div>\n","protected":false},"excerpt":{"rendered":"<p>Az\u0259rbaycan Respublikas\u0131n\u0131n Prezidenti \u0130lham \u018fliyev v\u0259 Birinci vitse-prezident\u00a0Mehriban \u018fliyeva fevral\u0131n 1-d\u0259 Ab\u015feron rayonunun X\u0131rdalan \u015f\u0259h\u0259rind\u0259 3 sayl\u0131 m\u0259kt\u0259b-liseyd\u0259 yarad\u0131lan \u015f\u0259raitl\u0259 tan\u0131\u015f olublar. ARANTV.AZ x\u0259b\u0259r verir ki, d\u00f6vl\u0259timizin ba\u015f\u00e7\u0131s\u0131n\u0131n 2019-cu ilin yanvar\u0131nda imzalad\u0131\u011f\u0131 S\u0259r\u0259ncamla bu t\u0259hsil m\u00fc\u0259ssis\u0259sinin 1176 \u015fagird yerlik korpusu \u0259sasl\u0131 t\u0259mir olunub v\u0259 1200 \u015fagird yerlik yeni \u0259lav\u0259 korpus in\u015fa edilib. Yeni tikil\u0259n korpusda m\u00fcasir sinif otaqlar\u0131, informatika, h\u0259rbi haz\u0131rl\u0131q, \u0259m\u0259k t\u0259limi, m\u0259kt\u0259b\u0259q\u0259d\u0259r haz\u0131rl\u0131q kabinetl\u0259ri yarad\u0131l\u0131b v\u0259 z\u0259ruri d\u0259rs v\u0259saiti il\u0259 t\u0259chiz olunub. Burada, h\u0259m\u00e7inin STEAM \u2013 elm, texnologiya, m\u00fch\u0259ndislik, inc\u0259s\u0259n\u0259t, riyaziyyat ota\u011f\u0131, laboratoriyalar, akt zal\u0131 v\u0259 a\u00e7\u0131q idman&hellip;<\/p>\n","protected":false},"author":2,"featured_media":283922,"comment_status":"closed","ping_status":"closed","sticky":false,"template":"","format":"standard","meta":{"om_disable_all_campaigns":false,"_monsterinsights_skip_tracking":false,"_monsterinsights_sitenote_active":false,"_monsterinsights_sitenote_note":"","_monsterinsights_sitenote_category":0},"categories":[4],"tags":[],"aioseo_notices":[],"gutentor_comment":0,"rttpg_featured_image_url":{"full":["https:\/\/arantv.az\/wp-content\/uploads\/2021\/02\/15686233051729437639_1000x669.jpg",585,465,false],"landscape":["https:\/\/arantv.az\/wp-content\/uploads\/2021\/02\/15686233051729437639_1000x669.jpg",585,465,false],"portraits":["https:\/\/arantv.az\/wp-content\/uploads\/2021\/02\/15686233051729437639_1000x669.jpg",585,465,false],"thumbnail":["https:\/\/arantv.az\/wp-content\/uploads\/2021\/02\/15686233051729437639_1000x669-150x150.jpg",150,150,true],"medium":["https:\/\/arantv.az\/wp-content\/uploads\/2021\/02\/15686233051729437639_1000x669-300x238.jpg",300,238,true],"large":["https:\/\/arantv.az\/wp-content\/uploads\/2021\/02\/15686233051729437639_1000x669.jpg",585,465,false],"1536x1536":["https:\/\/arantv.az\/wp-content\/uploads\/2021\/02\/15686233051729437639_1000x669.jpg",585,465,false],"2048x2048":["https:\/\/arantv.az\/wp-content\/uploads\/2021\/02\/15686233051729437639_1000x669.jpg",585,465,false],"post-thumbnail":["https:\/\/arantv.az\/wp-content\/uploads\/2021\/02\/15686233051729437639_1000x669-240x172.jpg",240,172,true],"advps-thumb-one":["https:\/\/arantv.az\/wp-content\/uploads\/2021\/02\/15686233051729437639_1000x669.jpg",585,465,false]},"rttpg_author":{"display_name":"V\u00fcsal Rafiqo\u011flu","author_link":"https:\/\/arantv.az\/?author=2"},"rttpg_comment":0,"rttpg_category":"<a href=\"https:\/\/arantv.az\/?cat=4\" rel=\"category\">Siyas\u0259t<\/a>","rttpg_excerpt":"Az\u0259rbaycan Respublikas\u0131n\u0131n Prezidenti \u0130lham \u018fliyev v\u0259 Birinci vitse-prezident\u00a0Mehriban \u018fliyeva fevral\u0131n 1-d\u0259 Ab\u015feron rayonunun X\u0131rdalan \u015f\u0259h\u0259rind\u0259 3 sayl\u0131 m\u0259kt\u0259b-liseyd\u0259 yarad\u0131lan \u015f\u0259raitl\u0259 tan\u0131\u015f olublar. ARANTV.AZ x\u0259b\u0259r verir ki, d\u00f6vl\u0259timizin ba\u015f\u00e7\u0131s\u0131n\u0131n 2019-cu ilin yanvar\u0131nda imzalad\u0131\u011f\u0131 S\u0259r\u0259ncamla bu t\u0259hsil m\u00fc\u0259ssis\u0259sinin 1176 \u015fagird yerlik korpusu \u0259sasl\u0131 t\u0259mir olunub v\u0259 1200 \u015fagird yerlik yeni \u0259lav\u0259 korpus in\u015fa edilib. Yeni tikil\u0259n korpusda&hellip;","_links":{"self":[{"href":"https:\/\/arantv.az\/index.php?rest_route=\/wp\/v2\/posts\/283921"}],"collection":[{"href":"https:\/\/arantv.az\/index.php?rest_route=\/wp\/v2\/posts"}],"about":[{"href":"https:\/\/arantv.az\/index.php?rest_route=\/wp\/v2\/types\/post"}],"author":[{"embeddable":true,"href":"https:\/\/arantv.az\/index.php?rest_route=\/wp\/v2\/users\/2"}],"replies":[{"embeddable":true,"href":"https:\/\/arantv.az\/index.php?rest_route=%2Fwp%2Fv2%2Fcomments&post=283921"}],"version-history":[{"count":0,"href":"https:\/\/arantv.az\/index.php?rest_route=\/wp\/v2\/posts\/283921\/revisions"}],"wp:featuredmedia":[{"embeddable":true,"href":"https:\/\/arantv.az\/index.php?rest_route=\/wp\/v2\/media\/283922"}],"wp:attachment":[{"href":"https:\/\/arantv.az\/index.php?rest_route=%2Fwp%2Fv2%2Fmedia&parent=283921"}],"wp:term":[{"taxonomy":"category","embeddable":true,"href":"https:\/\/arantv.az\/index.php?rest_route=%2Fwp%2Fv2%2Fcategories&post=283921"},{"taxonomy":"post_tag","embeddable":true,"href":"https:\/\/arantv.az\/index.php?rest_route=%2Fwp%2Fv2%2Ftags&post=283921"}],"curies":[{"name":"wp","href":"https:\/\/api.w.org\/{rel}","templated":true}]}}