{"id":28394,"date":"2018-12-19T15:47:24","date_gmt":"2018-12-19T12:47:24","guid":{"rendered":"http:\/\/arantv.az\/?p=28394"},"modified":"2018-12-19T15:47:24","modified_gmt":"2018-12-19T12:47:24","slug":"az%c9%99rbaycan-mudafi%c9%99-nazirinin-muavini-turkiy%c9%99-bas-q%c9%99rargahinin-r%c9%99isi-il%c9%99-gorusub","status":"publish","type":"post","link":"https:\/\/arantv.az\/?p=28394","title":{"rendered":"Az\u0259rbaycan M\u00fcdafi\u0259 nazirinin m\u00fcavini T\u00fcrkiy\u0259 Ba\u015f Q\u0259rargah\u0131n\u0131n r\u0259isi il\u0259 g\u00f6r\u00fc\u015f\u00fcb"},"content":{"rendered":"<div class=\"vi_in_desc\">\n<div class=\"vi_text\">\n<p><strong>ARANTV.AZ<\/strong> x\u0259b\u0259r verir ki, 11-ci Y\u00fcks\u0259k S\u0259viyy\u0259li H\u0259rbi Dialoq \u0130clas\u0131nda i\u015ftirak etm\u0259k \u00fc\u00e7\u00fcn T\u00fcrkiy\u0259d\u0259 s\u0259f\u0259rd\u0259 olan M\u00fcdafi\u0259 nazirinin \u015f\u0259xsi hey\u0259t \u00fczr\u0259 m\u00fcavini &#8211; \u015e\u0259xsi Hey\u0259t Ba\u015f \u0130dar\u0259sinin r\u0259isi general-leytenant K\u0259rim V\u0259liyev T\u00fcrkiy\u0259 Ba\u015f Q\u0259rargah\u0131n\u0131n r\u0259isi ordu general\u0131 Ya\u015far G\u00fcl\u0259r il\u0259 g\u00f6r\u00fc\u015f\u00fcb.<br \/>\nG\u00f6r\u00fc\u015fd\u0259 t\u0259r\u0259fl\u0259r Az\u0259rbaycan il\u0259 T\u00fcrkiy\u0259 aras\u0131nda t\u0259hl\u00fck\u0259sizlik, h\u0259rbi, h\u0259rbi-texniki, h\u0259rbi tibb, h\u0259rbi t\u0259hsil v\u0259 dig\u0259r sah\u0259l\u0259rd\u0259 \u0259m\u0259kda\u015fl\u0131\u011f\u0131n cari v\u0259ziyy\u0259ti, inki\u015faf perspektivl\u0259ri, h\u0259m\u00e7inin h\u0259r iki \u00f6lk\u0259nin ordular\u0131 aras\u0131nda dostluq \u0259laq\u0259l\u0259rinin m\u00f6hk\u0259ml\u0259ndirilm\u0259si m\u0259s\u0259l\u0259l\u0259rini m\u00fczakir\u0259 edibl\u0259r.<br \/>\nGeneral-leytenant K.V\u0259liyev Az\u0259rbaycan Respublikas\u0131n\u0131n M\u00fcdafi\u0259 naziri general-polkovnik Zakir H\u0259s\u0259novun v\u0259 M\u00fcdafi\u0259 nazirinin birinci m\u00fcavini &#8211; Silahl\u0131 Q\u00fcvv\u0259l\u0259rin Ba\u015f Q\u0259rargah r\u0259isi general-polkovnik N\u0259cm\u0259ddin Sad\u0131kovun salamlar\u0131n\u0131 T\u00fcrkiy\u0259 Ba\u015f Q\u0259rargah\u0131n\u0131n r\u0259isi ordu general\u0131 Y. G\u00fcl\u0259r\u0259 \u00e7atd\u0131r\u0131b v\u0259 s\u0259mimi q\u0259bula g\u00f6r\u0259 ona t\u0259\u015f\u0259kk\u00fcr\u00fcn\u00fc bildirib.<\/p>\n<\/div>\n<div class=\"bx-wrapper\">\n<div class=\"bx-viewport\">\n<ul class=\"bxslider\">\n<li class=\"bx-clone\"><a class=\"fancybox\" href=\"https:\/\/mod.gov.az\/\/images\/gallery\/bd08ab5fcfdc99cc3ce900d6be3afe62.jpg\" rel=\"group31682\"><img src=\"https:\/\/mod.gov.az\/\/images\/gallery\/bd08ab5fcfdc99cc3ce900d6be3afe62.jpg\" \/><\/a><\/li>\n<li><a class=\"fancybox\" href=\"https:\/\/mod.gov.az\/\/images\/gallery\/233e634280242d401c4aa939087f9c24.jpg\" rel=\"group31682\"><img src=\"https:\/\/mod.gov.az\/\/images\/gallery\/233e634280242d401c4aa939087f9c24.jpg\" \/><\/a><\/li>\n<li><a class=\"fancybox\" href=\"https:\/\/mod.gov.az\/\/images\/gallery\/8d316838844b94540e08837494eecd6f.jpg\" rel=\"group31682\"><img src=\"https:\/\/mod.gov.az\/\/images\/gallery\/8d316838844b94540e08837494eecd6f.jpg\" \/><\/a><\/li>\n<\/ul>\n<\/div>\n<\/div>\n<\/div>\n<div><\/div>\n","protected":false},"excerpt":{"rendered":"<p>ARANTV.AZ x\u0259b\u0259r verir ki, 11-ci Y\u00fcks\u0259k S\u0259viyy\u0259li H\u0259rbi Dialoq \u0130clas\u0131nda i\u015ftirak etm\u0259k \u00fc\u00e7\u00fcn T\u00fcrkiy\u0259d\u0259 s\u0259f\u0259rd\u0259 olan M\u00fcdafi\u0259 nazirinin \u015f\u0259xsi hey\u0259t \u00fczr\u0259 m\u00fcavini &#8211; \u015e\u0259xsi Hey\u0259t Ba\u015f \u0130dar\u0259sinin r\u0259isi general-leytenant K\u0259rim V\u0259liyev T\u00fcrkiy\u0259 Ba\u015f Q\u0259rargah\u0131n\u0131n r\u0259isi ordu general\u0131 Ya\u015far G\u00fcl\u0259r il\u0259 g\u00f6r\u00fc\u015f\u00fcb. G\u00f6r\u00fc\u015fd\u0259 t\u0259r\u0259fl\u0259r Az\u0259rbaycan il\u0259 T\u00fcrkiy\u0259 aras\u0131nda t\u0259hl\u00fck\u0259sizlik, h\u0259rbi, h\u0259rbi-texniki, h\u0259rbi tibb, h\u0259rbi t\u0259hsil v\u0259 dig\u0259r sah\u0259l\u0259rd\u0259 \u0259m\u0259kda\u015fl\u0131\u011f\u0131n cari v\u0259ziyy\u0259ti, inki\u015faf perspektivl\u0259ri, h\u0259m\u00e7inin h\u0259r iki \u00f6lk\u0259nin ordular\u0131 aras\u0131nda dostluq \u0259laq\u0259l\u0259rinin m\u00f6hk\u0259ml\u0259ndirilm\u0259si m\u0259s\u0259l\u0259l\u0259rini m\u00fczakir\u0259 edibl\u0259r. General-leytenant K.V\u0259liyev Az\u0259rbaycan Respublikas\u0131n\u0131n M\u00fcdafi\u0259 naziri general-polkovnik Zakir H\u0259s\u0259novun v\u0259 M\u00fcdafi\u0259 nazirinin birinci m\u00fcavini &#8211; Silahl\u0131&hellip;<\/p>\n","protected":false},"author":2,"featured_media":28395,"comment_status":"closed","ping_status":"closed","sticky":false,"template":"","format":"standard","meta":{"om_disable_all_campaigns":false,"_monsterinsights_skip_tracking":false,"_monsterinsights_sitenote_active":false,"_monsterinsights_sitenote_note":"","_monsterinsights_sitenote_category":0},"categories":[19],"tags":[],"aioseo_notices":[],"gutentor_comment":0,"rttpg_featured_image_url":{"full":["https:\/\/arantv.az\/wp-content\/uploads\/2018\/12\/233e634280242d401c4aa939087f9c24.jpg",913,667,false],"landscape":["https:\/\/arantv.az\/wp-content\/uploads\/2018\/12\/233e634280242d401c4aa939087f9c24.jpg",913,667,false],"portraits":["https:\/\/arantv.az\/wp-content\/uploads\/2018\/12\/233e634280242d401c4aa939087f9c24.jpg",913,667,false],"thumbnail":["https:\/\/arantv.az\/wp-content\/uploads\/2018\/12\/233e634280242d401c4aa939087f9c24-150x150.jpg",150,150,true],"medium":["https:\/\/arantv.az\/wp-content\/uploads\/2018\/12\/233e634280242d401c4aa939087f9c24-300x219.jpg",300,219,true],"large":["https:\/\/arantv.az\/wp-content\/uploads\/2018\/12\/233e634280242d401c4aa939087f9c24.jpg",640,468,false],"1536x1536":["https:\/\/arantv.az\/wp-content\/uploads\/2018\/12\/233e634280242d401c4aa939087f9c24.jpg",913,667,false],"2048x2048":["https:\/\/arantv.az\/wp-content\/uploads\/2018\/12\/233e634280242d401c4aa939087f9c24.jpg",913,667,false],"post-thumbnail":["https:\/\/arantv.az\/wp-content\/uploads\/2018\/12\/233e634280242d401c4aa939087f9c24-240x172.jpg",240,172,true],"advps-thumb-one":["https:\/\/arantv.az\/wp-content\/uploads\/2018\/12\/233e634280242d401c4aa939087f9c24-913x620.jpg",913,620,true]},"rttpg_author":{"display_name":"V\u00fcsal Rafiqo\u011flu","author_link":"https:\/\/arantv.az\/?author=2"},"rttpg_comment":0,"rttpg_category":"<a href=\"https:\/\/arantv.az\/?cat=19\" rel=\"category\">G\u00fcnd\u0259m<\/a>","rttpg_excerpt":"ARANTV.AZ x\u0259b\u0259r verir ki, 11-ci Y\u00fcks\u0259k S\u0259viyy\u0259li H\u0259rbi Dialoq \u0130clas\u0131nda i\u015ftirak etm\u0259k \u00fc\u00e7\u00fcn T\u00fcrkiy\u0259d\u0259 s\u0259f\u0259rd\u0259 olan M\u00fcdafi\u0259 nazirinin \u015f\u0259xsi hey\u0259t \u00fczr\u0259 m\u00fcavini &#8211; \u015e\u0259xsi Hey\u0259t Ba\u015f \u0130dar\u0259sinin r\u0259isi general-leytenant K\u0259rim V\u0259liyev T\u00fcrkiy\u0259 Ba\u015f Q\u0259rargah\u0131n\u0131n r\u0259isi ordu general\u0131 Ya\u015far G\u00fcl\u0259r il\u0259 g\u00f6r\u00fc\u015f\u00fcb. G\u00f6r\u00fc\u015fd\u0259 t\u0259r\u0259fl\u0259r Az\u0259rbaycan il\u0259 T\u00fcrkiy\u0259 aras\u0131nda t\u0259hl\u00fck\u0259sizlik, h\u0259rbi, h\u0259rbi-texniki, h\u0259rbi tibb, h\u0259rbi t\u0259hsil v\u0259&hellip;","_links":{"self":[{"href":"https:\/\/arantv.az\/index.php?rest_route=\/wp\/v2\/posts\/28394"}],"collection":[{"href":"https:\/\/arantv.az\/index.php?rest_route=\/wp\/v2\/posts"}],"about":[{"href":"https:\/\/arantv.az\/index.php?rest_route=\/wp\/v2\/types\/post"}],"author":[{"embeddable":true,"href":"https:\/\/arantv.az\/index.php?rest_route=\/wp\/v2\/users\/2"}],"replies":[{"embeddable":true,"href":"https:\/\/arantv.az\/index.php?rest_route=%2Fwp%2Fv2%2Fcomments&post=28394"}],"version-history":[{"count":0,"href":"https:\/\/arantv.az\/index.php?rest_route=\/wp\/v2\/posts\/28394\/revisions"}],"wp:featuredmedia":[{"embeddable":true,"href":"https:\/\/arantv.az\/index.php?rest_route=\/wp\/v2\/media\/28395"}],"wp:attachment":[{"href":"https:\/\/arantv.az\/index.php?rest_route=%2Fwp%2Fv2%2Fmedia&parent=28394"}],"wp:term":[{"taxonomy":"category","embeddable":true,"href":"https:\/\/arantv.az\/index.php?rest_route=%2Fwp%2Fv2%2Fcategories&post=28394"},{"taxonomy":"post_tag","embeddable":true,"href":"https:\/\/arantv.az\/index.php?rest_route=%2Fwp%2Fv2%2Ftags&post=28394"}],"curies":[{"name":"wp","href":"https:\/\/api.w.org\/{rel}","templated":true}]}}