{"id":28397,"date":"2018-12-19T15:49:06","date_gmt":"2018-12-19T12:49:06","guid":{"rendered":"http:\/\/arantv.az\/?p=28397"},"modified":"2018-12-19T15:49:06","modified_gmt":"2018-12-19T12:49:06","slug":"mudafi%c9%99-nazirliyind%c9%99-ilin-yekunlarina-v%c9%99-2019-cu-ild%c9%99-qarsida-duran-v%c9%99zif%c9%99l%c9%99r%c9%99-dair-genis-kollegiya-iclasi-kecirilib","status":"publish","type":"post","link":"https:\/\/arantv.az\/?p=28397","title":{"rendered":"M\u00fcdafi\u0259 Nazirliyind\u0259 ilin yekunlar\u0131na v\u0259 2019-cu ild\u0259 qar\u015f\u0131da duran v\u0259zif\u0259l\u0259r\u0259 dair geni\u015f kollegiya iclas\u0131 ke\u00e7irilib"},"content":{"rendered":"<div class=\"vi_in_desc\">\n<div class=\"vi_text\">\n<p><strong>ARANTV.AZ<\/strong> x\u0259b\u0259r verir ki, dekabr\u0131n 19-da M\u00fcdafi\u0259 Nazirliyind\u0259 general-polkovnik Zakir H\u0259s\u0259novun r\u0259hb\u0259rliyi v\u0259 kollegiya \u00fczvl\u0259rinin i\u015ftirak\u0131 il\u0259 2018-ci t\u0259dris ilind\u0259 qo\u015funlar\u0131n haz\u0131rl\u0131\u011f\u0131 \u00fczr\u0259 yekunlara v\u0259 2019-cu ild\u0259 qar\u015f\u0131da duran v\u0259zif\u0259l\u0259r\u0259 dair geni\u015f t\u0259rkibd\u0259 iclas ke\u00e7irilib.<br \/>\n\u0130clasda hesabat d\u00f6vr\u00fcnd\u0259 ordu quruculu\u011fu sah\u0259sind\u0259 g\u00f6r\u00fcl\u0259n i\u015fl\u0259r v\u0259 \u0259sas istiqam\u0259tl\u0259r \u00fczr\u0259 yerin\u0259 yetiril\u0259n tap\u015f\u0131r\u0131qlarla ba\u011fl\u0131 m\u0259ruz\u0259l\u0259r dinl\u0259nilib, son d\u00f6vrl\u0259rd\u0259\u00a0 h\u0259yata ke\u00e7iril\u0259n islahatlar, qo\u015funlar\u0131n d\u00f6y\u00fc\u015f haz\u0131rl\u0131\u011f\u0131n\u0131n v\u0259ziyy\u0259ti, xidm\u0259ti v\u0259 dig\u0259r m\u0259s\u0259l\u0259l\u0259r m\u00fczakir\u0259 olunub.<br \/>\nM\u00fcdafi\u0259 naziri 2018-ci ild\u0259 xidm\u0259ti d\u00f6y\u00fc\u015f haz\u0131rl\u0131\u011f\u0131n\u0131n yekunlar\u0131 v\u0259 2019-cu t\u0259dris ilind\u0259 qar\u015f\u0131da duran v\u0259zif\u0259l\u0259r haqq\u0131nda geni\u015f m\u0259ruz\u0259 il\u0259 \u00e7\u0131x\u0131\u015f edib.<br \/>\nAz\u0259rbaycan Respublikas\u0131n\u0131n Prezidenti c\u0259nab \u0130lham \u018fliyevin Az\u0259rbaycan Ordusuna verdiyi qiym\u0259ti, g\u00f6st\u0259rdiyi diqq\u0259t v\u0259 qay\u011f\u0131n\u0131 x\u00fcsusi qeyd ed\u0259n M\u00fcdafi\u0259 naziri Ali Ba\u015f Komandan\u0131n r\u0259hb\u0259rliyi il\u0259 son ill\u0259r \u0259rzind\u0259 \u0259ld\u0259 edil\u0259n nailiyy\u0259tl\u0259rd\u0259n dan\u0131\u015f\u0131b.<br \/>\nGeneral-polkovnik Z.H\u0259s\u0259nov cari ild\u0259 g\u00f6r\u00fcl\u0259n t\u0259dbirl\u0259rin t\u0259hlilini apararaq d\u00f6y\u00fc\u015f haz\u0131rl\u0131\u011f\u0131 v\u0259 m\u0259n\u0259vi-psixoloji v\u0259ziyy\u0259t, m\u00fcdafi\u0259 sistemi v\u0259 onun h\u0259rt\u0259r\u0259fli t\u0259minat\u0131 m\u0259s\u0259l\u0259l\u0259rini diqq\u0259t\u0259 \u00e7atd\u0131r\u0131b, qo\u015funlar\u0131n d\u00f6y\u00fc\u015f qabiliyy\u0259tinin art\u0131r\u0131lmas\u0131 m\u0259qs\u0259dil\u0259 2019-cu t\u0259dris ilind\u0259 qar\u015f\u0131da duran \u0259sas v\u0259zif\u0259l\u0259rin icras\u0131 il\u0259 \u0259laq\u0259dar komandir-r\u0259is hey\u0259ti qar\u015f\u0131s\u0131nda tap\u015f\u0131r\u0131qlar qoyub.<br \/>\nM\u00fcdafi\u0259 nazirinin \u0259mrin\u0259 \u0259sas\u0259n, 2018-ci t\u0259dris ilind\u0259 d\u00f6y\u00fc\u015f haz\u0131rl\u0131\u011f\u0131n\u0131n yekunlar\u0131na g\u00f6r\u0259 xidm\u0259td\u0259 f\u0259rql\u0259n\u0259n h\u0259rbi qulluq\u00e7ular t\u0259ltif edilib, qiym\u0259tli h\u0259diyy\u0259l\u0259rl\u0259 m\u00fckafatland\u0131r\u0131l\u0131b v\u0259 bir qrup zabit\u0259 n\u00f6vb\u0259ti \u201cpolkovnik\u201d h\u0259rbi r\u00fctb\u0259l\u0259ri verilib.<br \/>\nSonda kollegiya iclas\u0131n\u0131n q\u0259rar layih\u0259si m\u00fczakir\u0259 edil\u0259r\u0259k q\u0259bul olunub.<\/p>\n<\/div>\n<div class=\"bx-wrapper\">\n<div class=\"bx-viewport\">\n<ul class=\"bxslider\">\n<li class=\"bx-clone\"><a class=\"fancybox\" href=\"https:\/\/mod.gov.az\/\/images\/gallery\/48692712d8d3e807e913e78fa1aab07b.jpg\" rel=\"group31683\"><img src=\"https:\/\/mod.gov.az\/\/images\/gallery\/48692712d8d3e807e913e78fa1aab07b.jpg\" \/><\/a><\/li>\n<li><a class=\"fancybox\" href=\"https:\/\/mod.gov.az\/\/images\/gallery\/c9ce9ec7c57bf437089195b2eb65c4b5.jpg\" rel=\"group31683\"><img src=\"https:\/\/mod.gov.az\/\/images\/gallery\/c9ce9ec7c57bf437089195b2eb65c4b5.jpg\" \/><\/a><\/li>\n<li><a class=\"fancybox\" href=\"https:\/\/mod.gov.az\/\/images\/gallery\/a25987058abfe26de5c6f1360bc9e2e4.jpg\" rel=\"group31683\"><img src=\"https:\/\/mod.gov.az\/\/images\/gallery\/a25987058abfe26de5c6f1360bc9e2e4.jpg\" \/><\/a><\/li>\n<li><a class=\"fancybox\" href=\"https:\/\/mod.gov.az\/\/images\/gallery\/78c655fb1fb46b382febaadb918b4118.jpg\" rel=\"group31683\"><img src=\"https:\/\/mod.gov.az\/\/images\/gallery\/78c655fb1fb46b382febaadb918b4118.jpg\" \/><\/a><\/li>\n<li><a class=\"fancybox\" href=\"https:\/\/mod.gov.az\/\/images\/gallery\/2768066243736175bb06d924c812a3e3.jpg\" rel=\"group31683\"><img src=\"https:\/\/mod.gov.az\/\/images\/gallery\/2768066243736175bb06d924c812a3e3.jpg\" \/><\/a><\/li>\n<li><a class=\"fancybox\" href=\"https:\/\/mod.gov.az\/\/images\/gallery\/cf91174ddf467848b0ef7be0d69b7fae.jpg\" rel=\"group31683\"><img src=\"https:\/\/mod.gov.az\/\/images\/gallery\/cf91174ddf467848b0ef7be0d69b7fae.jpg\" \/><\/a><\/li>\n<li><a class=\"fancybox\" href=\"https:\/\/mod.gov.az\/\/images\/gallery\/75a25dd00babbc99956025ca84a831e5.jpg\" rel=\"group31683\"><img src=\"https:\/\/mod.gov.az\/\/images\/gallery\/75a25dd00babbc99956025ca84a831e5.jpg\" \/><\/a><\/li>\n<\/ul>\n<\/div>\n<\/div>\n<\/div>\n<div><\/div>\n","protected":false},"excerpt":{"rendered":"<p>ARANTV.AZ x\u0259b\u0259r verir ki, dekabr\u0131n 19-da M\u00fcdafi\u0259 Nazirliyind\u0259 general-polkovnik Zakir H\u0259s\u0259novun r\u0259hb\u0259rliyi v\u0259 kollegiya \u00fczvl\u0259rinin i\u015ftirak\u0131 il\u0259 2018-ci t\u0259dris ilind\u0259 qo\u015funlar\u0131n haz\u0131rl\u0131\u011f\u0131 \u00fczr\u0259 yekunlara v\u0259 2019-cu ild\u0259 qar\u015f\u0131da duran v\u0259zif\u0259l\u0259r\u0259 dair geni\u015f t\u0259rkibd\u0259 iclas ke\u00e7irilib. \u0130clasda hesabat d\u00f6vr\u00fcnd\u0259 ordu quruculu\u011fu sah\u0259sind\u0259 g\u00f6r\u00fcl\u0259n i\u015fl\u0259r v\u0259 \u0259sas istiqam\u0259tl\u0259r \u00fczr\u0259 yerin\u0259 yetiril\u0259n tap\u015f\u0131r\u0131qlarla ba\u011fl\u0131 m\u0259ruz\u0259l\u0259r dinl\u0259nilib, son d\u00f6vrl\u0259rd\u0259\u00a0 h\u0259yata ke\u00e7iril\u0259n islahatlar, qo\u015funlar\u0131n d\u00f6y\u00fc\u015f haz\u0131rl\u0131\u011f\u0131n\u0131n v\u0259ziyy\u0259ti, xidm\u0259ti v\u0259 dig\u0259r m\u0259s\u0259l\u0259l\u0259r m\u00fczakir\u0259 olunub. M\u00fcdafi\u0259 naziri 2018-ci ild\u0259 xidm\u0259ti d\u00f6y\u00fc\u015f haz\u0131rl\u0131\u011f\u0131n\u0131n yekunlar\u0131 v\u0259 2019-cu t\u0259dris ilind\u0259 qar\u015f\u0131da duran v\u0259zif\u0259l\u0259r haqq\u0131nda geni\u015f m\u0259ruz\u0259 il\u0259 \u00e7\u0131x\u0131\u015f edib. Az\u0259rbaycan&hellip;<\/p>\n","protected":false},"author":2,"featured_media":28398,"comment_status":"closed","ping_status":"closed","sticky":false,"template":"","format":"standard","meta":{"om_disable_all_campaigns":false,"_monsterinsights_skip_tracking":false,"_monsterinsights_sitenote_active":false,"_monsterinsights_sitenote_note":"","_monsterinsights_sitenote_category":0},"categories":[19],"tags":[],"aioseo_notices":[],"gutentor_comment":0,"rttpg_featured_image_url":{"full":["https:\/\/arantv.az\/wp-content\/uploads\/2018\/12\/c9ce9ec7c57bf437089195b2eb65c4b5.jpg",1000,508,false],"landscape":["https:\/\/arantv.az\/wp-content\/uploads\/2018\/12\/c9ce9ec7c57bf437089195b2eb65c4b5.jpg",1000,508,false],"portraits":["https:\/\/arantv.az\/wp-content\/uploads\/2018\/12\/c9ce9ec7c57bf437089195b2eb65c4b5.jpg",1000,508,false],"thumbnail":["https:\/\/arantv.az\/wp-content\/uploads\/2018\/12\/c9ce9ec7c57bf437089195b2eb65c4b5-150x150.jpg",150,150,true],"medium":["https:\/\/arantv.az\/wp-content\/uploads\/2018\/12\/c9ce9ec7c57bf437089195b2eb65c4b5-300x152.jpg",300,152,true],"large":["https:\/\/arantv.az\/wp-content\/uploads\/2018\/12\/c9ce9ec7c57bf437089195b2eb65c4b5.jpg",640,325,false],"1536x1536":["https:\/\/arantv.az\/wp-content\/uploads\/2018\/12\/c9ce9ec7c57bf437089195b2eb65c4b5.jpg",1000,508,false],"2048x2048":["https:\/\/arantv.az\/wp-content\/uploads\/2018\/12\/c9ce9ec7c57bf437089195b2eb65c4b5.jpg",1000,508,false],"post-thumbnail":["https:\/\/arantv.az\/wp-content\/uploads\/2018\/12\/c9ce9ec7c57bf437089195b2eb65c4b5-240x172.jpg",240,172,true],"advps-thumb-one":["https:\/\/arantv.az\/wp-content\/uploads\/2018\/12\/c9ce9ec7c57bf437089195b2eb65c4b5.jpg",1000,508,false]},"rttpg_author":{"display_name":"V\u00fcsal Rafiqo\u011flu","author_link":"https:\/\/arantv.az\/?author=2"},"rttpg_comment":0,"rttpg_category":"<a href=\"https:\/\/arantv.az\/?cat=19\" rel=\"category\">G\u00fcnd\u0259m<\/a>","rttpg_excerpt":"ARANTV.AZ x\u0259b\u0259r verir ki, dekabr\u0131n 19-da M\u00fcdafi\u0259 Nazirliyind\u0259 general-polkovnik Zakir H\u0259s\u0259novun r\u0259hb\u0259rliyi v\u0259 kollegiya \u00fczvl\u0259rinin i\u015ftirak\u0131 il\u0259 2018-ci t\u0259dris ilind\u0259 qo\u015funlar\u0131n haz\u0131rl\u0131\u011f\u0131 \u00fczr\u0259 yekunlara v\u0259 2019-cu ild\u0259 qar\u015f\u0131da duran v\u0259zif\u0259l\u0259r\u0259 dair geni\u015f t\u0259rkibd\u0259 iclas ke\u00e7irilib. \u0130clasda hesabat d\u00f6vr\u00fcnd\u0259 ordu quruculu\u011fu sah\u0259sind\u0259 g\u00f6r\u00fcl\u0259n i\u015fl\u0259r v\u0259 \u0259sas istiqam\u0259tl\u0259r \u00fczr\u0259 yerin\u0259 yetiril\u0259n tap\u015f\u0131r\u0131qlarla ba\u011fl\u0131 m\u0259ruz\u0259l\u0259r dinl\u0259nilib, son d\u00f6vrl\u0259rd\u0259\u00a0&hellip;","_links":{"self":[{"href":"https:\/\/arantv.az\/index.php?rest_route=\/wp\/v2\/posts\/28397"}],"collection":[{"href":"https:\/\/arantv.az\/index.php?rest_route=\/wp\/v2\/posts"}],"about":[{"href":"https:\/\/arantv.az\/index.php?rest_route=\/wp\/v2\/types\/post"}],"author":[{"embeddable":true,"href":"https:\/\/arantv.az\/index.php?rest_route=\/wp\/v2\/users\/2"}],"replies":[{"embeddable":true,"href":"https:\/\/arantv.az\/index.php?rest_route=%2Fwp%2Fv2%2Fcomments&post=28397"}],"version-history":[{"count":0,"href":"https:\/\/arantv.az\/index.php?rest_route=\/wp\/v2\/posts\/28397\/revisions"}],"wp:featuredmedia":[{"embeddable":true,"href":"https:\/\/arantv.az\/index.php?rest_route=\/wp\/v2\/media\/28398"}],"wp:attachment":[{"href":"https:\/\/arantv.az\/index.php?rest_route=%2Fwp%2Fv2%2Fmedia&parent=28397"}],"wp:term":[{"taxonomy":"category","embeddable":true,"href":"https:\/\/arantv.az\/index.php?rest_route=%2Fwp%2Fv2%2Fcategories&post=28397"},{"taxonomy":"post_tag","embeddable":true,"href":"https:\/\/arantv.az\/index.php?rest_route=%2Fwp%2Fv2%2Ftags&post=28397"}],"curies":[{"name":"wp","href":"https:\/\/api.w.org\/{rel}","templated":true}]}}