{"id":28415,"date":"2018-12-19T16:18:27","date_gmt":"2018-12-19T13:18:27","guid":{"rendered":"http:\/\/arantv.az\/?p=28415"},"modified":"2018-12-19T16:18:27","modified_gmt":"2018-12-19T13:18:27","slug":"turkiy%c9%99d%c9%99-yasayan-az%c9%99rbaycanlilar-bir-sira-c%c9%99tinlikl%c9%99rl%c9%99-uzl%c9%99sib-bilal-dundar","status":"publish","type":"post","link":"https:\/\/arantv.az\/?p=28415","title":{"rendered":"&#8220;T\u00fcrkiy\u0259d\u0259 ya\u015fayan az\u0259rbaycanl\u0131lar bir s\u0131ra \u00e7\u0259tinlikl\u0259rl\u0259 \u00fczl\u0259\u015fib&#8221; \u2014 Bilal D\u00fcndar"},"content":{"rendered":"<div class=\"spot\">T\u00fcrkiy\u0259-Az\u0259rbaycan D\u0259rn\u0259kl\u0259ri Federasiyas\u0131 v\u0259 Heyd\u0259r \u018fliyev M\u0259d\u0259niyy\u0259t Evinin n\u00fcmay\u0259nd\u0259l\u0259ri T\u00fcrkiy\u0259 B\u00f6y\u00fck Mill\u0259t M\u0259clisind\u0259 T\u00fcrkiy\u0259-Az\u0259rbaycan parlamentl\u0259raras\u0131 dostluq qrupunun r\u0259hb\u0259ri \u015eamil Ayr\u0131mla g\u00f6r\u00fc\u015f\u00fcbl\u0259r.<\/div>\n<p><strong>ARANTV.AZ\u00a0<\/strong> x\u0259b\u0259r verir ki, g\u00f6r\u00fc\u015fd\u0259 T\u00fcrkiy\u0259-Az\u0259rbaycan D\u0259rn\u0259kl\u0259ri Federasiyas\u0131 v\u0259 Heyd\u0259r \u018fliyev M\u0259d\u0259niyy\u0259t Evinin s\u0259dri Bilal D\u00fcndar da i\u015ftirak edib.<\/p>\n<p>O, bildirib ki, g\u00f6r\u00fc\u015fd\u0259 T\u00fcrkiy\u0259d\u0259 ya\u015fayan soyda\u015flar\u0131m\u0131z\u0131n sosial m\u0259s\u0259l\u0259l\u0259ri il\u0259 ba\u011fl\u0131 m\u00fczakir\u0259l\u0259r apar\u0131l\u0131b:<\/p>\n<p>&#8220;T\u00fcrkiy\u0259nin m\u00fcxt\u0259lif \u015f\u0259h\u0259rl\u0259rind\u0259 ya\u015fayan az\u0259rbaycanl\u0131lar federasiyaya m\u00fcv\u0259qq\u0259ti qeydiyyata d\u00fc\u015fm\u0259l\u0259ri v\u0259 u\u015faqlar\u0131n\u0131 orta \u00fcmumt\u0259hsil m\u0259kt\u0259bl\u0259rind\u0259 oxutmalar\u0131 il\u0259 ba\u011fl\u0131 m\u00fc\u0259yy\u0259n \u00e7\u0259tinlikl\u0259 \u00fczl\u0259\u015fibl\u0259r. Soyda\u015flar\u0131m\u0131z\u0131n b\u00f6y\u00fck \u0259ks\u0259riyy\u0259ti uzun m\u00fcdd\u0259tdir T\u00fcrkiy\u0259d\u0259 ya\u015fay\u0131r v\u0259 m\u00fcxt\u0259lif sektorlarda \u00e7al\u0131\u015f\u0131rlar&#8221;.<\/p>\n<p>\u015eamil Ayr\u0131m is\u0259 T\u00fcrkiy\u0259-Az\u0259rbaycan D\u0259rn\u0259kl\u0259ri Federasiyas\u0131 v\u0259 Heyd\u0259r \u018fliyev M\u0259d\u0259niyy\u0259t Evinin f\u0259aliyy\u0259tini yax\u0131ndan izl\u0259diyini bildirib.<\/p>\n<p>O, federasiyan\u0131n iki \u00f6lk\u0259 aras\u0131nda qarda\u015fl\u0131q \u0259laq\u0259l\u0259rinin daha da inki\u015faf etm\u0259sind\u0259 f\u0259aliyy\u0259tini t\u0259qdir edib.<\/p>\n<p>Dostluq qrupunun s\u0259dri T\u00fcrkiy\u0259d\u0259ki soyda\u015flar\u0131m\u0131z\u0131n \u00fczl\u0259\u015fdikl\u0259ri probleml\u0259rin aradan qald\u0131r\u0131lmas\u0131 \u00fc\u00e7\u00fcn \u00e7al\u0131\u015faca\u011f\u0131n\u0131 deyib. Deputat qeyd edib ki, bundan sonra federasiya il\u0259 s\u0131x \u0259m\u0259kda\u015fl\u0131q \u015f\u0259raitind\u0259 \u00e7al\u0131\u015facaqlar.<\/p>\n<p><em><br \/>\n\u00d6lk\u0259.Az<\/em><\/p>\n","protected":false},"excerpt":{"rendered":"<p>T\u00fcrkiy\u0259-Az\u0259rbaycan D\u0259rn\u0259kl\u0259ri Federasiyas\u0131 v\u0259 Heyd\u0259r \u018fliyev M\u0259d\u0259niyy\u0259t Evinin n\u00fcmay\u0259nd\u0259l\u0259ri T\u00fcrkiy\u0259 B\u00f6y\u00fck Mill\u0259t M\u0259clisind\u0259 T\u00fcrkiy\u0259-Az\u0259rbaycan parlamentl\u0259raras\u0131 dostluq qrupunun r\u0259hb\u0259ri \u015eamil Ayr\u0131mla g\u00f6r\u00fc\u015f\u00fcbl\u0259r. ARANTV.AZ\u00a0 x\u0259b\u0259r verir ki, g\u00f6r\u00fc\u015fd\u0259 T\u00fcrkiy\u0259-Az\u0259rbaycan D\u0259rn\u0259kl\u0259ri Federasiyas\u0131 v\u0259 Heyd\u0259r \u018fliyev M\u0259d\u0259niyy\u0259t Evinin s\u0259dri Bilal D\u00fcndar da i\u015ftirak edib. O, bildirib ki, g\u00f6r\u00fc\u015fd\u0259 T\u00fcrkiy\u0259d\u0259 ya\u015fayan soyda\u015flar\u0131m\u0131z\u0131n sosial m\u0259s\u0259l\u0259l\u0259ri il\u0259 ba\u011fl\u0131 m\u00fczakir\u0259l\u0259r apar\u0131l\u0131b: &#8220;T\u00fcrkiy\u0259nin m\u00fcxt\u0259lif \u015f\u0259h\u0259rl\u0259rind\u0259 ya\u015fayan az\u0259rbaycanl\u0131lar federasiyaya m\u00fcv\u0259qq\u0259ti qeydiyyata d\u00fc\u015fm\u0259l\u0259ri v\u0259 u\u015faqlar\u0131n\u0131 orta \u00fcmumt\u0259hsil m\u0259kt\u0259bl\u0259rind\u0259 oxutmalar\u0131 il\u0259 ba\u011fl\u0131 m\u00fc\u0259yy\u0259n \u00e7\u0259tinlikl\u0259 \u00fczl\u0259\u015fibl\u0259r. Soyda\u015flar\u0131m\u0131z\u0131n b\u00f6y\u00fck \u0259ks\u0259riyy\u0259ti uzun m\u00fcdd\u0259tdir T\u00fcrkiy\u0259d\u0259 ya\u015fay\u0131r v\u0259 m\u00fcxt\u0259lif sektorlarda \u00e7al\u0131\u015f\u0131rlar&#8221;. \u015eamil Ayr\u0131m is\u0259 T\u00fcrkiy\u0259-Az\u0259rbaycan D\u0259rn\u0259kl\u0259ri Federasiyas\u0131&hellip;<\/p>\n","protected":false},"author":2,"featured_media":28416,"comment_status":"closed","ping_status":"closed","sticky":false,"template":"","format":"standard","meta":{"om_disable_all_campaigns":false,"_monsterinsights_skip_tracking":false,"_monsterinsights_sitenote_active":false,"_monsterinsights_sitenote_note":"","_monsterinsights_sitenote_category":0},"categories":[4],"tags":[],"aioseo_notices":[],"gutentor_comment":0,"rttpg_featured_image_url":{"full":["https:\/\/arantv.az\/wp-content\/uploads\/2018\/12\/bilal.jpg",620,375,false],"landscape":["https:\/\/arantv.az\/wp-content\/uploads\/2018\/12\/bilal.jpg",620,375,false],"portraits":["https:\/\/arantv.az\/wp-content\/uploads\/2018\/12\/bilal.jpg",620,375,false],"thumbnail":["https:\/\/arantv.az\/wp-content\/uploads\/2018\/12\/bilal-150x150.jpg",150,150,true],"medium":["https:\/\/arantv.az\/wp-content\/uploads\/2018\/12\/bilal-300x181.jpg",300,181,true],"large":["https:\/\/arantv.az\/wp-content\/uploads\/2018\/12\/bilal.jpg",620,375,false],"1536x1536":["https:\/\/arantv.az\/wp-content\/uploads\/2018\/12\/bilal.jpg",620,375,false],"2048x2048":["https:\/\/arantv.az\/wp-content\/uploads\/2018\/12\/bilal.jpg",620,375,false],"post-thumbnail":["https:\/\/arantv.az\/wp-content\/uploads\/2018\/12\/bilal-240x172.jpg",240,172,true],"advps-thumb-one":["https:\/\/arantv.az\/wp-content\/uploads\/2018\/12\/bilal.jpg",620,375,false]},"rttpg_author":{"display_name":"V\u00fcsal Rafiqo\u011flu","author_link":"https:\/\/arantv.az\/?author=2"},"rttpg_comment":0,"rttpg_category":"<a href=\"https:\/\/arantv.az\/?cat=4\" rel=\"category\">Siyas\u0259t<\/a>","rttpg_excerpt":"T\u00fcrkiy\u0259-Az\u0259rbaycan D\u0259rn\u0259kl\u0259ri Federasiyas\u0131 v\u0259 Heyd\u0259r \u018fliyev M\u0259d\u0259niyy\u0259t Evinin n\u00fcmay\u0259nd\u0259l\u0259ri T\u00fcrkiy\u0259 B\u00f6y\u00fck Mill\u0259t M\u0259clisind\u0259 T\u00fcrkiy\u0259-Az\u0259rbaycan parlamentl\u0259raras\u0131 dostluq qrupunun r\u0259hb\u0259ri \u015eamil Ayr\u0131mla g\u00f6r\u00fc\u015f\u00fcbl\u0259r. ARANTV.AZ\u00a0 x\u0259b\u0259r verir ki, g\u00f6r\u00fc\u015fd\u0259 T\u00fcrkiy\u0259-Az\u0259rbaycan D\u0259rn\u0259kl\u0259ri Federasiyas\u0131 v\u0259 Heyd\u0259r \u018fliyev M\u0259d\u0259niyy\u0259t Evinin s\u0259dri Bilal D\u00fcndar da i\u015ftirak edib. O, bildirib ki, g\u00f6r\u00fc\u015fd\u0259 T\u00fcrkiy\u0259d\u0259 ya\u015fayan soyda\u015flar\u0131m\u0131z\u0131n sosial m\u0259s\u0259l\u0259l\u0259ri il\u0259 ba\u011fl\u0131 m\u00fczakir\u0259l\u0259r apar\u0131l\u0131b: &#8220;T\u00fcrkiy\u0259nin m\u00fcxt\u0259lif&hellip;","_links":{"self":[{"href":"https:\/\/arantv.az\/index.php?rest_route=\/wp\/v2\/posts\/28415"}],"collection":[{"href":"https:\/\/arantv.az\/index.php?rest_route=\/wp\/v2\/posts"}],"about":[{"href":"https:\/\/arantv.az\/index.php?rest_route=\/wp\/v2\/types\/post"}],"author":[{"embeddable":true,"href":"https:\/\/arantv.az\/index.php?rest_route=\/wp\/v2\/users\/2"}],"replies":[{"embeddable":true,"href":"https:\/\/arantv.az\/index.php?rest_route=%2Fwp%2Fv2%2Fcomments&post=28415"}],"version-history":[{"count":0,"href":"https:\/\/arantv.az\/index.php?rest_route=\/wp\/v2\/posts\/28415\/revisions"}],"wp:featuredmedia":[{"embeddable":true,"href":"https:\/\/arantv.az\/index.php?rest_route=\/wp\/v2\/media\/28416"}],"wp:attachment":[{"href":"https:\/\/arantv.az\/index.php?rest_route=%2Fwp%2Fv2%2Fmedia&parent=28415"}],"wp:term":[{"taxonomy":"category","embeddable":true,"href":"https:\/\/arantv.az\/index.php?rest_route=%2Fwp%2Fv2%2Fcategories&post=28415"},{"taxonomy":"post_tag","embeddable":true,"href":"https:\/\/arantv.az\/index.php?rest_route=%2Fwp%2Fv2%2Ftags&post=28415"}],"curies":[{"name":"wp","href":"https:\/\/api.w.org\/{rel}","templated":true}]}}