{"id":28433,"date":"2018-12-20T08:06:00","date_gmt":"2018-12-20T05:06:00","guid":{"rendered":"http:\/\/arantv.az\/?p=28433"},"modified":"2018-12-20T08:06:00","modified_gmt":"2018-12-20T05:06:00","slug":"g%c9%99nc%c9%99d%c9%99-yeni-il-s%c9%99nlikl%c9%99rin%c9%99-start-verildi-foto","status":"publish","type":"post","link":"https:\/\/arantv.az\/?p=28433","title":{"rendered":"G\u0259nc\u0259d\u0259 Yeni il \u015f\u0259nlikl\u0259rin\u0259 start verildi-Foto"},"content":{"rendered":"<p><strong>ARANTV.AZ<\/strong> x\u0259b\u0259r verir ki, Az\u0259rbaycan Respublikas\u0131n\u0131n ikinci b\u00f6y\u00fck elm, t\u0259hsil, m\u0259d\u0259niyy\u0259t v\u0259 inc\u0259s\u0259n\u0259t m\u0259rk\u0259zi olan q\u0259dim v\u0259 h\u0259mi\u015f\u0259cavan G\u0259nc\u0259d\u0259 31 Dekabr \u2013 D\u00fcnya Az\u0259rbaycanl\u0131lar\u0131n\u0131n H\u0259mr\u0259ylik g\u00fcn\u00fc v\u0259 Yeni il m\u00fcnasib\u0259ti il\u0259 \u00fcmum\u015f\u0259h\u0259r bayram t\u0259dbirl\u0259rin\u0259 start verdi.<\/p>\n<p>G\u0259nc\u0259 \u015f\u0259h\u0259r \u0130cra Hakimiyy\u0259ti r\u0259hb\u0259rliyinin t\u0259\u015f\u0259bb\u00fcs\u00fc v\u0259 d\u0259st\u0259yi il\u0259 \u015f\u0259h\u0259rin ba\u015f meydan\u0131nda \u00fcmum\u015f\u0259h\u0259r bayram t\u0259dbirl\u0259ri \u0259vv\u0259lki ill\u0259rd\u0259n f\u0259rqli olaraq daha maraql\u0131 v\u0259 yaddaqalan formada t\u0259\u015fkil olunmu\u015fdur.<\/p>\n<p>G\u0259nc\u0259 Regional M\u0259d\u0259niyy\u0259t \u0130dar\u0259sinin t\u0259\u015fkilat\u00e7\u0131l\u0131\u011f\u0131 il\u0259 F.\u018fmirov ad\u0131na G\u0259nc\u0259 D\u00f6vl\u0259t Filarmoniyas\u0131n\u0131n solistl\u0259rinin bir-birind\u0259n maraql\u0131 ifalar\u0131, G\u0259nc\u0259 D\u00f6vl\u0259t DramTeatr\u0131 aktyorlar\u0131n\u0131n ifas\u0131nda \u015eaxta baba v\u0259 Qar q\u0131z\u0131n bayram t\u0259brikl\u0259ri, el\u0259c\u0259d\u0259 D\u00f6vl\u0259t Kukla Teatr\u0131 aktyorlar\u0131n\u0131n, \u201cG\u0259ncland\u201d \u0259yl\u0259nc\u0259 v\u0259 istirah\u0259t m\u0259rk\u0259zinin \u0259m\u0259kda\u015flar\u0131n ifas\u0131nda na\u011f\u0131l q\u0259hr\u0259manlar\u0131n\u0131n \u00e7\u0131x\u0131\u015flar\u0131 meydanda topla\u015fan g\u0259nc\u0259lil\u0259rin, x\u00fcsus\u0259n d\u0259 balacalar\u0131n bayram sevincl\u0259rin\u0259 xo\u015f ovqat qatd\u0131.<\/p>\n<p>&nbsp;<\/p>\n<figure class=\"wp-block-image\"><img class=\"wp-image-2389\" src=\"https:\/\/astv.news\/wp-content\/uploads\/2018\/12\/IMG-20181218-WA0010-1024x614.jpg\" sizes=\"(max-width: 1024px) 100vw, 1024px\" srcset=\"https:\/\/astv.news\/wp-content\/uploads\/2018\/12\/IMG-20181218-WA0010-1024x614.jpg 1024w, https:\/\/astv.news\/wp-content\/uploads\/2018\/12\/IMG-20181218-WA0010-300x180.jpg 300w, https:\/\/astv.news\/wp-content\/uploads\/2018\/12\/IMG-20181218-WA0010-768x461.jpg 768w, https:\/\/astv.news\/wp-content\/uploads\/2018\/12\/IMG-20181218-WA0010.jpg 1280w\" alt=\"\" \/><\/figure>\n<figure class=\"wp-block-image\"><img class=\"wp-image-2388\" src=\"https:\/\/astv.news\/wp-content\/uploads\/2018\/12\/IMG-20181218-WA0009-614x1024.jpg\" sizes=\"(max-width: 614px) 100vw, 614px\" srcset=\"https:\/\/astv.news\/wp-content\/uploads\/2018\/12\/IMG-20181218-WA0009-614x1024.jpg 614w, https:\/\/astv.news\/wp-content\/uploads\/2018\/12\/IMG-20181218-WA0009-180x300.jpg 180w, https:\/\/astv.news\/wp-content\/uploads\/2018\/12\/IMG-20181218-WA0009.jpg 768w\" alt=\"\" \/><\/figure>\n<figure class=\"wp-block-image\"><img class=\"wp-image-2387\" src=\"https:\/\/astv.news\/wp-content\/uploads\/2018\/12\/IMG-20181218-WA0008-1024x614.jpg\" sizes=\"(max-width: 1024px) 100vw, 1024px\" srcset=\"https:\/\/astv.news\/wp-content\/uploads\/2018\/12\/IMG-20181218-WA0008-1024x614.jpg 1024w, https:\/\/astv.news\/wp-content\/uploads\/2018\/12\/IMG-20181218-WA0008-300x180.jpg 300w, https:\/\/astv.news\/wp-content\/uploads\/2018\/12\/IMG-20181218-WA0008-768x461.jpg 768w, https:\/\/astv.news\/wp-content\/uploads\/2018\/12\/IMG-20181218-WA0008.jpg 1280w\" alt=\"\" \/><\/figure>\n<figure class=\"wp-block-image\"><img class=\"wp-image-2386\" src=\"https:\/\/astv.news\/wp-content\/uploads\/2018\/12\/IMG-20181218-WA0007-1024x614.jpg\" sizes=\"(max-width: 1024px) 100vw, 1024px\" srcset=\"https:\/\/astv.news\/wp-content\/uploads\/2018\/12\/IMG-20181218-WA0007-1024x614.jpg 1024w, https:\/\/astv.news\/wp-content\/uploads\/2018\/12\/IMG-20181218-WA0007-300x180.jpg 300w, https:\/\/astv.news\/wp-content\/uploads\/2018\/12\/IMG-20181218-WA0007-768x461.jpg 768w, https:\/\/astv.news\/wp-content\/uploads\/2018\/12\/IMG-20181218-WA0007.jpg 1280w\" alt=\"\" \/><\/figure>\n<figure class=\"wp-block-image\"><img class=\"wp-image-2385\" src=\"https:\/\/astv.news\/wp-content\/uploads\/2018\/12\/IMG-20181218-WA0006-1024x614.jpg\" sizes=\"(max-width: 1024px) 100vw, 1024px\" srcset=\"https:\/\/astv.news\/wp-content\/uploads\/2018\/12\/IMG-20181218-WA0006-1024x614.jpg 1024w, https:\/\/astv.news\/wp-content\/uploads\/2018\/12\/IMG-20181218-WA0006-300x180.jpg 300w, https:\/\/astv.news\/wp-content\/uploads\/2018\/12\/IMG-20181218-WA0006-768x461.jpg 768w, https:\/\/astv.news\/wp-content\/uploads\/2018\/12\/IMG-20181218-WA0006.jpg 1280w\" alt=\"\" \/><\/figure>\n<figure class=\"wp-block-image\"><img class=\"wp-image-2383\" src=\"https:\/\/astv.news\/wp-content\/uploads\/2018\/12\/IMG-20181218-WA0004-614x1024.jpg\" sizes=\"(max-width: 614px) 100vw, 614px\" srcset=\"https:\/\/astv.news\/wp-content\/uploads\/2018\/12\/IMG-20181218-WA0004-614x1024.jpg 614w, https:\/\/astv.news\/wp-content\/uploads\/2018\/12\/IMG-20181218-WA0004-180x300.jpg 180w, https:\/\/astv.news\/wp-content\/uploads\/2018\/12\/IMG-20181218-WA0004.jpg 768w\" alt=\"\" \/><\/figure>\n<figure class=\"wp-block-image\"><img class=\"wp-image-2382\" src=\"https:\/\/astv.news\/wp-content\/uploads\/2018\/12\/IMG-20181218-WA0003-1024x614.jpg\" sizes=\"(max-width: 1024px) 100vw, 1024px\" srcset=\"https:\/\/astv.news\/wp-content\/uploads\/2018\/12\/IMG-20181218-WA0003-1024x614.jpg 1024w, https:\/\/astv.news\/wp-content\/uploads\/2018\/12\/IMG-20181218-WA0003-300x180.jpg 300w, https:\/\/astv.news\/wp-content\/uploads\/2018\/12\/IMG-20181218-WA0003-768x461.jpg 768w, https:\/\/astv.news\/wp-content\/uploads\/2018\/12\/IMG-20181218-WA0003.jpg 1280w\" alt=\"\" \/><\/figure>\n<figure class=\"wp-block-image\"><img class=\"wp-image-2381\" src=\"https:\/\/astv.news\/wp-content\/uploads\/2018\/12\/IMG-20181218-WA0002-1024x614.jpg\" sizes=\"(max-width: 1024px) 100vw, 1024px\" srcset=\"https:\/\/astv.news\/wp-content\/uploads\/2018\/12\/IMG-20181218-WA0002-1024x614.jpg 1024w, https:\/\/astv.news\/wp-content\/uploads\/2018\/12\/IMG-20181218-WA0002-300x180.jpg 300w, https:\/\/astv.news\/wp-content\/uploads\/2018\/12\/IMG-20181218-WA0002-768x461.jpg 768w, https:\/\/astv.news\/wp-content\/uploads\/2018\/12\/IMG-20181218-WA0002.jpg 1280w\" alt=\"\" \/><\/figure>\n<div class=\"post-views post-2380 entry-meta\">Astv.News<\/div>\n","protected":false},"excerpt":{"rendered":"<p>ARANTV.AZ x\u0259b\u0259r verir ki, Az\u0259rbaycan Respublikas\u0131n\u0131n ikinci b\u00f6y\u00fck elm, t\u0259hsil, m\u0259d\u0259niyy\u0259t v\u0259 inc\u0259s\u0259n\u0259t m\u0259rk\u0259zi olan q\u0259dim v\u0259 h\u0259mi\u015f\u0259cavan G\u0259nc\u0259d\u0259 31 Dekabr \u2013 D\u00fcnya Az\u0259rbaycanl\u0131lar\u0131n\u0131n H\u0259mr\u0259ylik g\u00fcn\u00fc v\u0259 Yeni il m\u00fcnasib\u0259ti il\u0259 \u00fcmum\u015f\u0259h\u0259r bayram t\u0259dbirl\u0259rin\u0259 start verdi. G\u0259nc\u0259 \u015f\u0259h\u0259r \u0130cra Hakimiyy\u0259ti r\u0259hb\u0259rliyinin t\u0259\u015f\u0259bb\u00fcs\u00fc v\u0259 d\u0259st\u0259yi il\u0259 \u015f\u0259h\u0259rin ba\u015f meydan\u0131nda \u00fcmum\u015f\u0259h\u0259r bayram t\u0259dbirl\u0259ri \u0259vv\u0259lki ill\u0259rd\u0259n f\u0259rqli olaraq daha maraql\u0131 v\u0259 yaddaqalan formada t\u0259\u015fkil olunmu\u015fdur. G\u0259nc\u0259 Regional M\u0259d\u0259niyy\u0259t \u0130dar\u0259sinin t\u0259\u015fkilat\u00e7\u0131l\u0131\u011f\u0131 il\u0259 F.\u018fmirov ad\u0131na G\u0259nc\u0259 D\u00f6vl\u0259t Filarmoniyas\u0131n\u0131n solistl\u0259rinin bir-birind\u0259n maraql\u0131 ifalar\u0131, G\u0259nc\u0259 D\u00f6vl\u0259t DramTeatr\u0131 aktyorlar\u0131n\u0131n ifas\u0131nda \u015eaxta baba v\u0259 Qar q\u0131z\u0131n bayram t\u0259brikl\u0259ri, el\u0259c\u0259d\u0259&hellip;<\/p>\n","protected":false},"author":2,"featured_media":28434,"comment_status":"closed","ping_status":"closed","sticky":false,"template":"","format":"standard","meta":{"om_disable_all_campaigns":false,"_monsterinsights_skip_tracking":false,"_monsterinsights_sitenote_active":false,"_monsterinsights_sitenote_note":"","_monsterinsights_sitenote_category":0},"categories":[1,2],"tags":[],"aioseo_notices":[],"gutentor_comment":0,"rttpg_featured_image_url":{"full":["https:\/\/arantv.az\/wp-content\/uploads\/2018\/12\/IMG-20181218-WA0005.jpg",1280,768,false],"landscape":["https:\/\/arantv.az\/wp-content\/uploads\/2018\/12\/IMG-20181218-WA0005.jpg",1280,768,false],"portraits":["https:\/\/arantv.az\/wp-content\/uploads\/2018\/12\/IMG-20181218-WA0005.jpg",1280,768,false],"thumbnail":["https:\/\/arantv.az\/wp-content\/uploads\/2018\/12\/IMG-20181218-WA0005-150x150.jpg",150,150,true],"medium":["https:\/\/arantv.az\/wp-content\/uploads\/2018\/12\/IMG-20181218-WA0005-300x180.jpg",300,180,true],"large":["https:\/\/arantv.az\/wp-content\/uploads\/2018\/12\/IMG-20181218-WA0005-1024x614.jpg",640,384,true],"1536x1536":["https:\/\/arantv.az\/wp-content\/uploads\/2018\/12\/IMG-20181218-WA0005.jpg",1280,768,false],"2048x2048":["https:\/\/arantv.az\/wp-content\/uploads\/2018\/12\/IMG-20181218-WA0005.jpg",1280,768,false],"post-thumbnail":["https:\/\/arantv.az\/wp-content\/uploads\/2018\/12\/IMG-20181218-WA0005-240x172.jpg",240,172,true],"advps-thumb-one":["https:\/\/arantv.az\/wp-content\/uploads\/2018\/12\/IMG-20181218-WA0005-1200x620.jpg",1200,620,true]},"rttpg_author":{"display_name":"V\u00fcsal Rafiqo\u011flu","author_link":"https:\/\/arantv.az\/?author=2"},"rttpg_comment":0,"rttpg_category":"<a href=\"https:\/\/arantv.az\/?cat=1\" rel=\"category\">C\u0259miyy\u0259t<\/a> <a href=\"https:\/\/arantv.az\/?cat=2\" rel=\"category\">Region X\u0259b\u0259rl\u0259ri<\/a>","rttpg_excerpt":"ARANTV.AZ x\u0259b\u0259r verir ki, Az\u0259rbaycan Respublikas\u0131n\u0131n ikinci b\u00f6y\u00fck elm, t\u0259hsil, m\u0259d\u0259niyy\u0259t v\u0259 inc\u0259s\u0259n\u0259t m\u0259rk\u0259zi olan q\u0259dim v\u0259 h\u0259mi\u015f\u0259cavan G\u0259nc\u0259d\u0259 31 Dekabr \u2013 D\u00fcnya Az\u0259rbaycanl\u0131lar\u0131n\u0131n H\u0259mr\u0259ylik g\u00fcn\u00fc v\u0259 Yeni il m\u00fcnasib\u0259ti il\u0259 \u00fcmum\u015f\u0259h\u0259r bayram t\u0259dbirl\u0259rin\u0259 start verdi. G\u0259nc\u0259 \u015f\u0259h\u0259r \u0130cra Hakimiyy\u0259ti r\u0259hb\u0259rliyinin t\u0259\u015f\u0259bb\u00fcs\u00fc v\u0259 d\u0259st\u0259yi il\u0259 \u015f\u0259h\u0259rin ba\u015f meydan\u0131nda \u00fcmum\u015f\u0259h\u0259r bayram t\u0259dbirl\u0259ri \u0259vv\u0259lki ill\u0259rd\u0259n f\u0259rqli olaraq&hellip;","_links":{"self":[{"href":"https:\/\/arantv.az\/index.php?rest_route=\/wp\/v2\/posts\/28433"}],"collection":[{"href":"https:\/\/arantv.az\/index.php?rest_route=\/wp\/v2\/posts"}],"about":[{"href":"https:\/\/arantv.az\/index.php?rest_route=\/wp\/v2\/types\/post"}],"author":[{"embeddable":true,"href":"https:\/\/arantv.az\/index.php?rest_route=\/wp\/v2\/users\/2"}],"replies":[{"embeddable":true,"href":"https:\/\/arantv.az\/index.php?rest_route=%2Fwp%2Fv2%2Fcomments&post=28433"}],"version-history":[{"count":0,"href":"https:\/\/arantv.az\/index.php?rest_route=\/wp\/v2\/posts\/28433\/revisions"}],"wp:featuredmedia":[{"embeddable":true,"href":"https:\/\/arantv.az\/index.php?rest_route=\/wp\/v2\/media\/28434"}],"wp:attachment":[{"href":"https:\/\/arantv.az\/index.php?rest_route=%2Fwp%2Fv2%2Fmedia&parent=28433"}],"wp:term":[{"taxonomy":"category","embeddable":true,"href":"https:\/\/arantv.az\/index.php?rest_route=%2Fwp%2Fv2%2Fcategories&post=28433"},{"taxonomy":"post_tag","embeddable":true,"href":"https:\/\/arantv.az\/index.php?rest_route=%2Fwp%2Fv2%2Ftags&post=28433"}],"curies":[{"name":"wp","href":"https:\/\/api.w.org\/{rel}","templated":true}]}}