{"id":28443,"date":"2018-12-20T08:48:11","date_gmt":"2018-12-20T05:48:11","guid":{"rendered":"http:\/\/arantv.az\/?p=28443"},"modified":"2018-12-20T08:48:11","modified_gmt":"2018-12-20T05:48:11","slug":"qht-region-g%c9%99ncl%c9%99ri-ucun-qis-dus%c9%99rg%c9%99si-t%c9%99skil-ed%c9%99c%c9%99k","status":"publish","type":"post","link":"https:\/\/arantv.az\/?p=28443","title":{"rendered":"QHT \u201cRegion g\u0259ncl\u0259ri \u00fc\u00e7\u00fcn Q\u0131\u015f D\u00fc\u015f\u0259rg\u0259si\u201d t\u0259\u015fkil ed\u0259c\u0259k"},"content":{"rendered":"<div>\u00a0\u201cBeyl\u0259qan G\u0259ncl\u0259rinin Maarifl\u0259ndirilm\u0259si v\u0259 Sosial \u0130nki\u015faf\u0131\u201d \u0130ctimai Birliyi \u201cRegion g\u0259ncl\u0259ri \u00fc\u00e7\u00fcn Q\u0131\u015f D\u00fc\u015f\u0259rg\u0259si\u201d layih\u0259sinin icras\u0131na ba\u015flay\u0131b.<\/div>\n<div><\/div>\n<div>qhtxeber.az-a daxil olan m\u0259lumata g\u00f6r\u0259,\u00a0Az\u0259rbaycan Respublikas\u0131n\u0131n G\u0259ncl\u0259r Fondunun d\u0259st\u0259yi il\u0259 icra olunan\u00a0layih\u0259nin \u0259sas m\u0259qs\u0259di c\u0259bh\u0259yan\u0131 b\u00f6lg\u0259l\u0259rd\u0259, m\u0259cburi k\u00f6\u00e7k\u00fcn q\u0259s\u0259b\u0259l\u0259rind\u0259, k\u0259ndl\u0259rind\u0259 ya\u015fayan u\u015faq v\u0259 yeniyetm\u0259l\u0259rin \u015f\u0259xsi inki\u015faf\u0131na, sosialla\u015fmas\u0131na stimul ver\u0259r\u0259k, h\u0259yata f\u0259rqli bax\u0131\u015f v\u0259 liderlik bacar\u0131qlar\u0131n\u0131 inki\u015faf etdirm\u0259k, ictimai f\u0259all\u0131\u011f\u0131n\u0131n v\u0259 sosiall\u0131qlar\u0131n\u0131n artmas\u0131na \u015f\u0259rait yaratmaq t\u0259\u015fkil edir.<\/div>\n<div><\/div>\n<div>Layih\u0259 \u00e7\u0259r\u00e7iv\u0259sind\u0259 c\u0259bh\u0259 b\u00f6lg\u0259sind\u0259 ya\u015fayan yeniyetm\u0259 v\u0259 g\u0259ncl\u0259rin i\u015ftirak\u0131 il\u0259 yerli, etnik icmalar\u0131n m\u0259d\u0259niyy\u0259ti, ictimai f\u0259all\u0131q, kommunikasiya v\u0259 liderlik istiqam\u0259tind\u0259 3 g\u00fcnl\u00fck Q\u0131\u015f D\u00fc\u015f\u0259rg\u0259si ke\u00e7iril\u0259c\u0259k. 20 yeniyetm\u0259 v\u0259 g\u0259ncin i\u015ftirak ed\u0259c\u0259yi Q\u0131\u015f D\u00fc\u015f\u0259rg\u0259sin\u0131n 2019-cu ilin fevral ay\u0131n\u0131n \u0259vv\u0259lind\u0259 Az\u0259rbaycan\u0131n f\u00fcsunkar gu\u015f\u0259si olan \u0130smay\u0131ll\u0131 rayonunu Olimpiya \u0130dman Kompleksind\u0259 ke\u00e7irilm\u0259si n\u0259z\u0259rd\u0259 tutulur. D\u00fc\u015f\u0259rg\u0259d\u0259 Beyl\u0259qan, F\u00fczuli v\u0259 C\u0259bray\u0131l rayonundan olan yeniyetm\u0259 v\u0259 g\u0259ncl\u0259r i\u015ftirak ed\u0259 bil\u0259rl\u0259r.<\/div>\n<div><\/div>\n<div>D\u00fc\u015f\u0259rg\u0259d\u0259 i\u015ftirak etm\u0259k ist\u0259y\u0259n g\u0259ncl\u0259r CV-l\u0259rini v\u0259 motivasiya m\u0259ktublar\u0131n\u0131 18 yanvar 2019-cu il\u0259d\u0259k bgmsiib@mail.ru \u00fcnvan\u0131na g\u00f6nd\u0259r\u0259 bil\u0259rl\u0259r. Se\u00e7ilmi\u015f namiz\u0259dl\u0259rl\u0259 \u0259laq\u0259 saxlan\u0131lacaq.<\/div>\n","protected":false},"excerpt":{"rendered":"<p>\u00a0\u201cBeyl\u0259qan G\u0259ncl\u0259rinin Maarifl\u0259ndirilm\u0259si v\u0259 Sosial \u0130nki\u015faf\u0131\u201d \u0130ctimai Birliyi \u201cRegion g\u0259ncl\u0259ri \u00fc\u00e7\u00fcn Q\u0131\u015f D\u00fc\u015f\u0259rg\u0259si\u201d layih\u0259sinin icras\u0131na ba\u015flay\u0131b. qhtxeber.az-a daxil olan m\u0259lumata g\u00f6r\u0259,\u00a0Az\u0259rbaycan Respublikas\u0131n\u0131n G\u0259ncl\u0259r Fondunun d\u0259st\u0259yi il\u0259 icra olunan\u00a0layih\u0259nin \u0259sas m\u0259qs\u0259di c\u0259bh\u0259yan\u0131 b\u00f6lg\u0259l\u0259rd\u0259, m\u0259cburi k\u00f6\u00e7k\u00fcn q\u0259s\u0259b\u0259l\u0259rind\u0259, k\u0259ndl\u0259rind\u0259 ya\u015fayan u\u015faq v\u0259 yeniyetm\u0259l\u0259rin \u015f\u0259xsi inki\u015faf\u0131na, sosialla\u015fmas\u0131na stimul ver\u0259r\u0259k, h\u0259yata f\u0259rqli bax\u0131\u015f v\u0259 liderlik bacar\u0131qlar\u0131n\u0131 inki\u015faf etdirm\u0259k, ictimai f\u0259all\u0131\u011f\u0131n\u0131n v\u0259 sosiall\u0131qlar\u0131n\u0131n artmas\u0131na \u015f\u0259rait yaratmaq t\u0259\u015fkil edir. Layih\u0259 \u00e7\u0259r\u00e7iv\u0259sind\u0259 c\u0259bh\u0259 b\u00f6lg\u0259sind\u0259 ya\u015fayan yeniyetm\u0259 v\u0259 g\u0259ncl\u0259rin i\u015ftirak\u0131 il\u0259 yerli, etnik icmalar\u0131n m\u0259d\u0259niyy\u0259ti, ictimai f\u0259all\u0131q, kommunikasiya v\u0259 liderlik istiqam\u0259tind\u0259 3 g\u00fcnl\u00fck Q\u0131\u015f D\u00fc\u015f\u0259rg\u0259si ke\u00e7iril\u0259c\u0259k. 20 yeniyetm\u0259 v\u0259&hellip;<\/p>\n","protected":false},"author":2,"featured_media":28444,"comment_status":"closed","ping_status":"closed","sticky":false,"template":"","format":"standard","meta":{"om_disable_all_campaigns":false,"_monsterinsights_skip_tracking":false,"_monsterinsights_sitenote_active":false,"_monsterinsights_sitenote_note":"","_monsterinsights_sitenote_category":0},"categories":[1,2],"tags":[],"aioseo_notices":[],"gutentor_comment":0,"rttpg_featured_image_url":{"full":["https:\/\/arantv.az\/wp-content\/uploads\/2018\/12\/esmi-qqis-duss.jpg",650,402,false],"landscape":["https:\/\/arantv.az\/wp-content\/uploads\/2018\/12\/esmi-qqis-duss.jpg",650,402,false],"portraits":["https:\/\/arantv.az\/wp-content\/uploads\/2018\/12\/esmi-qqis-duss.jpg",650,402,false],"thumbnail":["https:\/\/arantv.az\/wp-content\/uploads\/2018\/12\/esmi-qqis-duss-150x150.jpg",150,150,true],"medium":["https:\/\/arantv.az\/wp-content\/uploads\/2018\/12\/esmi-qqis-duss-300x186.jpg",300,186,true],"large":["https:\/\/arantv.az\/wp-content\/uploads\/2018\/12\/esmi-qqis-duss.jpg",640,396,false],"1536x1536":["https:\/\/arantv.az\/wp-content\/uploads\/2018\/12\/esmi-qqis-duss.jpg",650,402,false],"2048x2048":["https:\/\/arantv.az\/wp-content\/uploads\/2018\/12\/esmi-qqis-duss.jpg",650,402,false],"post-thumbnail":["https:\/\/arantv.az\/wp-content\/uploads\/2018\/12\/esmi-qqis-duss-240x172.jpg",240,172,true],"advps-thumb-one":["https:\/\/arantv.az\/wp-content\/uploads\/2018\/12\/esmi-qqis-duss.jpg",650,402,false]},"rttpg_author":{"display_name":"V\u00fcsal Rafiqo\u011flu","author_link":"https:\/\/arantv.az\/?author=2"},"rttpg_comment":0,"rttpg_category":"<a href=\"https:\/\/arantv.az\/?cat=1\" rel=\"category\">C\u0259miyy\u0259t<\/a> <a href=\"https:\/\/arantv.az\/?cat=2\" rel=\"category\">Region X\u0259b\u0259rl\u0259ri<\/a>","rttpg_excerpt":"\u00a0\u201cBeyl\u0259qan G\u0259ncl\u0259rinin Maarifl\u0259ndirilm\u0259si v\u0259 Sosial \u0130nki\u015faf\u0131\u201d \u0130ctimai Birliyi \u201cRegion g\u0259ncl\u0259ri \u00fc\u00e7\u00fcn Q\u0131\u015f D\u00fc\u015f\u0259rg\u0259si\u201d layih\u0259sinin icras\u0131na ba\u015flay\u0131b. qhtxeber.az-a daxil olan m\u0259lumata g\u00f6r\u0259,\u00a0Az\u0259rbaycan Respublikas\u0131n\u0131n G\u0259ncl\u0259r Fondunun d\u0259st\u0259yi il\u0259 icra olunan\u00a0layih\u0259nin \u0259sas m\u0259qs\u0259di c\u0259bh\u0259yan\u0131 b\u00f6lg\u0259l\u0259rd\u0259, m\u0259cburi k\u00f6\u00e7k\u00fcn q\u0259s\u0259b\u0259l\u0259rind\u0259, k\u0259ndl\u0259rind\u0259 ya\u015fayan u\u015faq v\u0259 yeniyetm\u0259l\u0259rin \u015f\u0259xsi inki\u015faf\u0131na, sosialla\u015fmas\u0131na stimul ver\u0259r\u0259k, h\u0259yata f\u0259rqli bax\u0131\u015f v\u0259 liderlik bacar\u0131qlar\u0131n\u0131 inki\u015faf etdirm\u0259k, ictimai f\u0259all\u0131\u011f\u0131n\u0131n&hellip;","_links":{"self":[{"href":"https:\/\/arantv.az\/index.php?rest_route=\/wp\/v2\/posts\/28443"}],"collection":[{"href":"https:\/\/arantv.az\/index.php?rest_route=\/wp\/v2\/posts"}],"about":[{"href":"https:\/\/arantv.az\/index.php?rest_route=\/wp\/v2\/types\/post"}],"author":[{"embeddable":true,"href":"https:\/\/arantv.az\/index.php?rest_route=\/wp\/v2\/users\/2"}],"replies":[{"embeddable":true,"href":"https:\/\/arantv.az\/index.php?rest_route=%2Fwp%2Fv2%2Fcomments&post=28443"}],"version-history":[{"count":0,"href":"https:\/\/arantv.az\/index.php?rest_route=\/wp\/v2\/posts\/28443\/revisions"}],"wp:featuredmedia":[{"embeddable":true,"href":"https:\/\/arantv.az\/index.php?rest_route=\/wp\/v2\/media\/28444"}],"wp:attachment":[{"href":"https:\/\/arantv.az\/index.php?rest_route=%2Fwp%2Fv2%2Fmedia&parent=28443"}],"wp:term":[{"taxonomy":"category","embeddable":true,"href":"https:\/\/arantv.az\/index.php?rest_route=%2Fwp%2Fv2%2Fcategories&post=28443"},{"taxonomy":"post_tag","embeddable":true,"href":"https:\/\/arantv.az\/index.php?rest_route=%2Fwp%2Fv2%2Ftags&post=28443"}],"curies":[{"name":"wp","href":"https:\/\/api.w.org\/{rel}","templated":true}]}}