{"id":28487,"date":"2018-12-20T09:50:58","date_gmt":"2018-12-20T06:50:58","guid":{"rendered":"http:\/\/arantv.az\/?p=28487"},"modified":"2018-12-20T09:50:58","modified_gmt":"2018-12-20T06:50:58","slug":"az%c9%99rbaycanda-d%c9%99hs%c9%99tli-hadis%c9%99-v%c9%99hsi-heyvanlar-ev%c9%99-soxulub-kisini-parca-parca-etdi","status":"publish","type":"post","link":"https:\/\/arantv.az\/?p=28487","title":{"rendered":"Az\u0259rbaycanda d\u0259h\u015f\u0259tli HAD\u0130S\u018f: v\u0259h\u015fi heyvanlar ev\u0259 soxulub K\u0130\u015e\u0130N\u0130 PAR\u00c7A-PAR\u00c7A ETD\u0130"},"content":{"rendered":"<p>Dekabr\u0131n 19-da Da\u015fk\u0259s\u0259n rayonunun Almal\u0131 k\u0259ndind\u0259 evd\u0259n ki\u015fi meyiti tap\u0131l\u0131b.<\/p>\n<div id=\"AdributorNativeVideo0\" class=\"AdributorNativeVideo\"><\/div>\n<p><b>ARANTV.AZ\u00a0<\/b>\u00a0bildirir ki, Publika.az-\u0131n \u0259ld\u0259 etdiyi m\u0259lumata g\u00f6r\u0259, k\u0259ndin k\u0259nar\u0131nda, me\u015f\u0259lik \u0259razid\u0259 yerl\u0259\u015f\u0259n v\u0259 \u0259n yax\u0131n qon\u015fusu il\u0259 200 metr m\u0259saf\u0259si olan evd\u0259n 1959-cu il t\u0259v\u0259ll\u00fcdl\u00fc Quliyev B\u0259nd\u0259r \u018fl\u0259kb\u0259r o\u011flunun meyiti a\u015fkarlan\u0131b. D\u0259rhal polis v\u0259 prokurorluq orqanlar\u0131n\u0131n \u0259m\u0259kda\u015flar\u0131 hadis\u0259 yerin\u0259 yollan\u0131b. M\u0259lum olub ki, \u00e7arpay\u0131da uzan\u0131ql\u0131 v\u0259ziyy\u0259td\u0259 olan \u015f\u0259xsin ba\u015f nahiy\u0259si d\u00f6\u015f\u0259m\u0259y\u0259 t\u0259r\u0259f sallanm\u0131\u015f v\u0259ziyy\u0259td\u0259 qal\u0131b v\u0259 v\u0259h\u015fi heyvanlar onun b\u0259d\u0259nini, x\u00fcsusi il\u0259 ba\u015f v\u0259 boyun nahiy\u0259sini par\u00e7alay\u0131blar. Evd\u0259n v\u0259h\u015fi heyvanlar\u0131n izl\u0259ri d\u0259 a\u015fkarlan\u0131b.<br \/>\n<ins><\/ins><\/p>\n<div>\n<p>&nbsp;<\/p>\n<\/div>\n<div id=\"beacon_f1ce30051d\"><img loading=\"lazy\" src=\"https:\/\/ads2.newmedia.az\/www\/delivery\/lg.php?bannerid=9709&amp;campaignid=1501&amp;zoneid=975&amp;loc=https%3A%2F%2Fbig.az%2F338182-azerbaycanda_gorunmemis_hadise_vehsi_heyvanlar_eve_soxulub_kisini_parca-parca_etdi.html&amp;referer=https%3A%2F%2Fbig.az%2F&amp;cb=f1ce30051d\" alt=\"\" width=\"0\" height=\"0\" \/>K\u0259nd sakinl\u0259ri bildiribl\u0259r ki, meyiti tap\u0131lan \u015f\u0259xs uzun m\u00fcdd\u0259tdir ki, t\u0259nha ya\u015fay\u0131rm\u0131\u015f v\u0259 m\u0259nzil \u015f\u0259raiti \u00e7ox a\u011f\u0131r olub. Evin qap\u0131-p\u0259nc\u0259r\u0259si, elektriki v\u0259 sair olmay\u0131b. H\u0259m\u00e7inin \u00f6l\u0259n \u015f\u0259xs 2-ci qrup \u0259lil, el\u0259c\u0259 d\u0259 epilepsiya x\u0259st\u0259si olub. Onun meyitinin \u00f6ld\u00fckd\u0259n sonra heyvanlar t\u0259r\u0259find\u0259n par\u00e7aland\u0131\u011f\u0131 ehtimal edilir.<\/p>\n<p>Faktla ba\u011fl\u0131 ara\u015fd\u0131rmalar davam etdirilir.<\/p><\/div>\n<p>&nbsp;<\/p>\n","protected":false},"excerpt":{"rendered":"<p>Dekabr\u0131n 19-da Da\u015fk\u0259s\u0259n rayonunun Almal\u0131 k\u0259ndind\u0259 evd\u0259n ki\u015fi meyiti tap\u0131l\u0131b. ARANTV.AZ\u00a0\u00a0bildirir ki, Publika.az-\u0131n \u0259ld\u0259 etdiyi m\u0259lumata g\u00f6r\u0259, k\u0259ndin k\u0259nar\u0131nda, me\u015f\u0259lik \u0259razid\u0259 yerl\u0259\u015f\u0259n v\u0259 \u0259n yax\u0131n qon\u015fusu il\u0259 200 metr m\u0259saf\u0259si olan evd\u0259n 1959-cu il t\u0259v\u0259ll\u00fcdl\u00fc Quliyev B\u0259nd\u0259r \u018fl\u0259kb\u0259r o\u011flunun meyiti a\u015fkarlan\u0131b. D\u0259rhal polis v\u0259 prokurorluq orqanlar\u0131n\u0131n \u0259m\u0259kda\u015flar\u0131 hadis\u0259 yerin\u0259 yollan\u0131b. M\u0259lum olub ki, \u00e7arpay\u0131da uzan\u0131ql\u0131 v\u0259ziyy\u0259td\u0259 olan \u015f\u0259xsin ba\u015f nahiy\u0259si d\u00f6\u015f\u0259m\u0259y\u0259 t\u0259r\u0259f sallanm\u0131\u015f v\u0259ziyy\u0259td\u0259 qal\u0131b v\u0259 v\u0259h\u015fi heyvanlar onun b\u0259d\u0259nini, x\u00fcsusi il\u0259 ba\u015f v\u0259 boyun nahiy\u0259sini par\u00e7alay\u0131blar. Evd\u0259n v\u0259h\u015fi heyvanlar\u0131n izl\u0259ri d\u0259 a\u015fkarlan\u0131b. &nbsp; K\u0259nd sakinl\u0259ri bildiribl\u0259r ki, meyiti tap\u0131lan&hellip;<\/p>\n","protected":false},"author":2,"featured_media":28488,"comment_status":"closed","ping_status":"closed","sticky":false,"template":"","format":"standard","meta":{"om_disable_all_campaigns":false,"_monsterinsights_skip_tracking":false,"_monsterinsights_sitenote_active":false,"_monsterinsights_sitenote_note":"","_monsterinsights_sitenote_category":0},"categories":[5],"tags":[],"aioseo_notices":[],"gutentor_comment":0,"rttpg_featured_image_url":{"full":["https:\/\/arantv.az\/wp-content\/uploads\/2018\/12\/1545288159meyittt.jpg",549,309,false],"landscape":["https:\/\/arantv.az\/wp-content\/uploads\/2018\/12\/1545288159meyittt.jpg",549,309,false],"portraits":["https:\/\/arantv.az\/wp-content\/uploads\/2018\/12\/1545288159meyittt.jpg",549,309,false],"thumbnail":["https:\/\/arantv.az\/wp-content\/uploads\/2018\/12\/1545288159meyittt-150x150.jpg",150,150,true],"medium":["https:\/\/arantv.az\/wp-content\/uploads\/2018\/12\/1545288159meyittt-300x169.jpg",300,169,true],"large":["https:\/\/arantv.az\/wp-content\/uploads\/2018\/12\/1545288159meyittt.jpg",549,309,false],"1536x1536":["https:\/\/arantv.az\/wp-content\/uploads\/2018\/12\/1545288159meyittt.jpg",549,309,false],"2048x2048":["https:\/\/arantv.az\/wp-content\/uploads\/2018\/12\/1545288159meyittt.jpg",549,309,false],"post-thumbnail":["https:\/\/arantv.az\/wp-content\/uploads\/2018\/12\/1545288159meyittt-240x172.jpg",240,172,true],"advps-thumb-one":["https:\/\/arantv.az\/wp-content\/uploads\/2018\/12\/1545288159meyittt.jpg",549,309,false]},"rttpg_author":{"display_name":"V\u00fcsal Rafiqo\u011flu","author_link":"https:\/\/arantv.az\/?author=2"},"rttpg_comment":0,"rttpg_category":"<a href=\"https:\/\/arantv.az\/?cat=5\" rel=\"category\">Hadis\u0259<\/a>","rttpg_excerpt":"Dekabr\u0131n 19-da Da\u015fk\u0259s\u0259n rayonunun Almal\u0131 k\u0259ndind\u0259 evd\u0259n ki\u015fi meyiti tap\u0131l\u0131b. ARANTV.AZ\u00a0\u00a0bildirir ki, Publika.az-\u0131n \u0259ld\u0259 etdiyi m\u0259lumata g\u00f6r\u0259, k\u0259ndin k\u0259nar\u0131nda, me\u015f\u0259lik \u0259razid\u0259 yerl\u0259\u015f\u0259n v\u0259 \u0259n yax\u0131n qon\u015fusu il\u0259 200 metr m\u0259saf\u0259si olan evd\u0259n 1959-cu il t\u0259v\u0259ll\u00fcdl\u00fc Quliyev B\u0259nd\u0259r \u018fl\u0259kb\u0259r o\u011flunun meyiti a\u015fkarlan\u0131b. D\u0259rhal polis v\u0259 prokurorluq orqanlar\u0131n\u0131n \u0259m\u0259kda\u015flar\u0131 hadis\u0259 yerin\u0259 yollan\u0131b. M\u0259lum olub ki, \u00e7arpay\u0131da uzan\u0131ql\u0131&hellip;","_links":{"self":[{"href":"https:\/\/arantv.az\/index.php?rest_route=\/wp\/v2\/posts\/28487"}],"collection":[{"href":"https:\/\/arantv.az\/index.php?rest_route=\/wp\/v2\/posts"}],"about":[{"href":"https:\/\/arantv.az\/index.php?rest_route=\/wp\/v2\/types\/post"}],"author":[{"embeddable":true,"href":"https:\/\/arantv.az\/index.php?rest_route=\/wp\/v2\/users\/2"}],"replies":[{"embeddable":true,"href":"https:\/\/arantv.az\/index.php?rest_route=%2Fwp%2Fv2%2Fcomments&post=28487"}],"version-history":[{"count":0,"href":"https:\/\/arantv.az\/index.php?rest_route=\/wp\/v2\/posts\/28487\/revisions"}],"wp:featuredmedia":[{"embeddable":true,"href":"https:\/\/arantv.az\/index.php?rest_route=\/wp\/v2\/media\/28488"}],"wp:attachment":[{"href":"https:\/\/arantv.az\/index.php?rest_route=%2Fwp%2Fv2%2Fmedia&parent=28487"}],"wp:term":[{"taxonomy":"category","embeddable":true,"href":"https:\/\/arantv.az\/index.php?rest_route=%2Fwp%2Fv2%2Fcategories&post=28487"},{"taxonomy":"post_tag","embeddable":true,"href":"https:\/\/arantv.az\/index.php?rest_route=%2Fwp%2Fv2%2Ftags&post=28487"}],"curies":[{"name":"wp","href":"https:\/\/api.w.org\/{rel}","templated":true}]}}