{"id":284887,"date":"2021-02-02T19:31:44","date_gmt":"2021-02-02T16:31:44","guid":{"rendered":"http:\/\/arantv.az\/?p=284887"},"modified":"2021-02-02T19:31:44","modified_gmt":"2021-02-02T16:31:44","slug":"az%c9%99riqaz-saygaclarin-s%c9%99rfiyyati-uygun-hesablamadigi-il%c9%99-bagli-aciqlamaya-aydinliq-g%c9%99tirib","status":"publish","type":"post","link":"https:\/\/arantv.az\/?p=284887","title":{"rendered":"\u201cAz\u0259riqaz\u201d say\u011faclar\u0131n s\u0259rfiyyat\u0131 uy\u011fun hesablamad\u0131\u011f\u0131 il\u0259 ba\u011fl\u0131 a\u00e7\u0131qlamaya ayd\u0131nl\u0131q g\u0259tirib"},"content":{"rendered":"<p>\u201cA\u00e7\u0131qlamada qeyd olundu\u011fu kimi, s\u00f6hb\u0259t istismar m\u00fcdd\u0259ti bitmi\u015f qaz say\u011faclar\u0131ndan deyil, d\u00f6vr\u00fc d\u00f6vl\u0259t yoxlan\u0131\u015f\u0131 \u00fc\u00e7\u00fcn a\u00e7\u0131l\u0131b g\u00f6t\u00fcr\u00fcl\u0259n say\u011faclardan gedir\u201d.<\/p>\n<p>Bunu Oxu.Az-a a\u00e7\u0131qlamas\u0131nda \u201cAz\u0259riqaz\u201d\u0131n m\u0259tbuat xidm\u0259tinin r\u0259hb\u0259ri Ceyhun S\u0259f\u0259rov deyib.<\/p>\n<p>O bildirib ki, m\u00f6vcud qaydalara g\u00f6r\u0259, be\u015f ild\u0259n bir \u0259hali &#8211; abonent qrupunda m\u0259i\u015f\u0259t qaz say\u011faclar\u0131 d\u00f6vl\u0259t yoxlan\u0131\u015f\u0131 \u00fc\u00e7\u00fcn a\u00e7\u0131laraq g\u00f6t\u00fcr\u00fcl\u00fcr v\u0259 yerin\u0259 yenisi qura\u015fd\u0131r\u0131l\u0131r.<\/p>\n<p>Qurumun m\u0259tbuat katibi ikinci m\u0259s\u0259l\u0259y\u0259 d\u0259 ayd\u0131nl\u0131q g\u0259tirib. Onun s\u00f6zl\u0259rin\u0259 g\u00f6r\u0259, say\u011faclar\u0131n \u00fcmumiyy\u0259tl\u0259 istifad\u0259si m\u00fcdd\u0259tind\u0259 onlar\u0131n i\u015f prinsipl\u0259rind\u0259 q\u00fcsurlar\u0131n yaranmas\u0131 m\u00fcmk\u00fcnd\u00fcr:<\/p>\n<p>\u201cD\u00f6vl\u0259t yoxlan\u0131\u015f\u0131 zaman\u0131 he\u00e7 d\u0259 say\u011faclar\u0131n ham\u0131s\u0131 saz v\u0259ziyy\u0259td\u0259 \u00e7\u0131xm\u0131r. Onlar\u0131n i\u015f prinsipl\u0259rind\u0259 q\u00fcsurlar\u0131n olmas\u0131 t\u0259cr\u00fcb\u0259d\u0259 d\u0259 \u00f6z\u00fcn\u00fc g\u00f6st\u0259rir. Lakin bu he\u00e7 d\u0259 say\u011faclar\u0131n s\u0259rfiyyat\u0131 art\u0131q qeyd\u0259 almas\u0131 m\u0259nas\u0131n\u0131 vermir. Y\u0259ni, a\u00e7\u0131qlamada qeyd olunan q\u00fcsur say\u011fac\u0131n art\u0131q s\u0259rfiyyat qeyd\u0259 almas\u0131 anlam\u0131na g\u0259lmir\u201d.<\/p>\n","protected":false},"excerpt":{"rendered":"<p>\u201cA\u00e7\u0131qlamada qeyd olundu\u011fu kimi, s\u00f6hb\u0259t istismar m\u00fcdd\u0259ti bitmi\u015f qaz say\u011faclar\u0131ndan deyil, d\u00f6vr\u00fc d\u00f6vl\u0259t yoxlan\u0131\u015f\u0131 \u00fc\u00e7\u00fcn a\u00e7\u0131l\u0131b g\u00f6t\u00fcr\u00fcl\u0259n say\u011faclardan gedir\u201d. Bunu Oxu.Az-a a\u00e7\u0131qlamas\u0131nda \u201cAz\u0259riqaz\u201d\u0131n m\u0259tbuat xidm\u0259tinin r\u0259hb\u0259ri Ceyhun S\u0259f\u0259rov deyib. O bildirib ki, m\u00f6vcud qaydalara g\u00f6r\u0259, be\u015f ild\u0259n bir \u0259hali &#8211; abonent qrupunda m\u0259i\u015f\u0259t qaz say\u011faclar\u0131 d\u00f6vl\u0259t yoxlan\u0131\u015f\u0131 \u00fc\u00e7\u00fcn a\u00e7\u0131laraq g\u00f6t\u00fcr\u00fcl\u00fcr v\u0259 yerin\u0259 yenisi qura\u015fd\u0131r\u0131l\u0131r. Qurumun m\u0259tbuat katibi ikinci m\u0259s\u0259l\u0259y\u0259 d\u0259 ayd\u0131nl\u0131q g\u0259tirib. Onun s\u00f6zl\u0259rin\u0259 g\u00f6r\u0259, say\u011faclar\u0131n \u00fcmumiyy\u0259tl\u0259 istifad\u0259si m\u00fcdd\u0259tind\u0259 onlar\u0131n i\u015f prinsipl\u0259rind\u0259 q\u00fcsurlar\u0131n yaranmas\u0131 m\u00fcmk\u00fcnd\u00fcr: \u201cD\u00f6vl\u0259t yoxlan\u0131\u015f\u0131 zaman\u0131 he\u00e7 d\u0259 say\u011faclar\u0131n ham\u0131s\u0131 saz v\u0259ziyy\u0259td\u0259 \u00e7\u0131xm\u0131r. Onlar\u0131n i\u015f prinsipl\u0259rind\u0259 q\u00fcsurlar\u0131n olmas\u0131&hellip;<\/p>\n","protected":false},"author":2,"featured_media":284888,"comment_status":"closed","ping_status":"closed","sticky":false,"template":"","format":"standard","meta":{"om_disable_all_campaigns":false,"_monsterinsights_skip_tracking":false,"_monsterinsights_sitenote_active":false,"_monsterinsights_sitenote_note":"","_monsterinsights_sitenote_category":0},"categories":[26],"tags":[],"aioseo_notices":[],"gutentor_comment":0,"rttpg_featured_image_url":{"full":["https:\/\/arantv.az\/wp-content\/uploads\/2021\/02\/img_5ff5b5083fd2b.jpg",620,413,false],"landscape":["https:\/\/arantv.az\/wp-content\/uploads\/2021\/02\/img_5ff5b5083fd2b.jpg",620,413,false],"portraits":["https:\/\/arantv.az\/wp-content\/uploads\/2021\/02\/img_5ff5b5083fd2b.jpg",620,413,false],"thumbnail":["https:\/\/arantv.az\/wp-content\/uploads\/2021\/02\/img_5ff5b5083fd2b-150x150.jpg",150,150,true],"medium":["https:\/\/arantv.az\/wp-content\/uploads\/2021\/02\/img_5ff5b5083fd2b-300x200.jpg",300,200,true],"large":["https:\/\/arantv.az\/wp-content\/uploads\/2021\/02\/img_5ff5b5083fd2b.jpg",620,413,false],"1536x1536":["https:\/\/arantv.az\/wp-content\/uploads\/2021\/02\/img_5ff5b5083fd2b.jpg",620,413,false],"2048x2048":["https:\/\/arantv.az\/wp-content\/uploads\/2021\/02\/img_5ff5b5083fd2b.jpg",620,413,false],"post-thumbnail":["https:\/\/arantv.az\/wp-content\/uploads\/2021\/02\/img_5ff5b5083fd2b-240x172.jpg",240,172,true],"advps-thumb-one":["https:\/\/arantv.az\/wp-content\/uploads\/2021\/02\/img_5ff5b5083fd2b.jpg",620,413,false]},"rttpg_author":{"display_name":"V\u00fcsal Rafiqo\u011flu","author_link":"https:\/\/arantv.az\/?author=2"},"rttpg_comment":0,"rttpg_category":"<a href=\"https:\/\/arantv.az\/?cat=26\" rel=\"category\">Sosial<\/a>","rttpg_excerpt":"\u201cA\u00e7\u0131qlamada qeyd olundu\u011fu kimi, s\u00f6hb\u0259t istismar m\u00fcdd\u0259ti bitmi\u015f qaz say\u011faclar\u0131ndan deyil, d\u00f6vr\u00fc d\u00f6vl\u0259t yoxlan\u0131\u015f\u0131 \u00fc\u00e7\u00fcn a\u00e7\u0131l\u0131b g\u00f6t\u00fcr\u00fcl\u0259n say\u011faclardan gedir\u201d. Bunu Oxu.Az-a a\u00e7\u0131qlamas\u0131nda \u201cAz\u0259riqaz\u201d\u0131n m\u0259tbuat xidm\u0259tinin r\u0259hb\u0259ri Ceyhun S\u0259f\u0259rov deyib. O bildirib ki, m\u00f6vcud qaydalara g\u00f6r\u0259, be\u015f ild\u0259n bir \u0259hali &#8211; abonent qrupunda m\u0259i\u015f\u0259t qaz say\u011faclar\u0131 d\u00f6vl\u0259t yoxlan\u0131\u015f\u0131 \u00fc\u00e7\u00fcn a\u00e7\u0131laraq g\u00f6t\u00fcr\u00fcl\u00fcr v\u0259 yerin\u0259 yenisi qura\u015fd\u0131r\u0131l\u0131r. Qurumun&hellip;","_links":{"self":[{"href":"https:\/\/arantv.az\/index.php?rest_route=\/wp\/v2\/posts\/284887"}],"collection":[{"href":"https:\/\/arantv.az\/index.php?rest_route=\/wp\/v2\/posts"}],"about":[{"href":"https:\/\/arantv.az\/index.php?rest_route=\/wp\/v2\/types\/post"}],"author":[{"embeddable":true,"href":"https:\/\/arantv.az\/index.php?rest_route=\/wp\/v2\/users\/2"}],"replies":[{"embeddable":true,"href":"https:\/\/arantv.az\/index.php?rest_route=%2Fwp%2Fv2%2Fcomments&post=284887"}],"version-history":[{"count":0,"href":"https:\/\/arantv.az\/index.php?rest_route=\/wp\/v2\/posts\/284887\/revisions"}],"wp:featuredmedia":[{"embeddable":true,"href":"https:\/\/arantv.az\/index.php?rest_route=\/wp\/v2\/media\/284888"}],"wp:attachment":[{"href":"https:\/\/arantv.az\/index.php?rest_route=%2Fwp%2Fv2%2Fmedia&parent=284887"}],"wp:term":[{"taxonomy":"category","embeddable":true,"href":"https:\/\/arantv.az\/index.php?rest_route=%2Fwp%2Fv2%2Fcategories&post=284887"},{"taxonomy":"post_tag","embeddable":true,"href":"https:\/\/arantv.az\/index.php?rest_route=%2Fwp%2Fv2%2Ftags&post=284887"}],"curies":[{"name":"wp","href":"https:\/\/api.w.org\/{rel}","templated":true}]}}