{"id":284897,"date":"2021-02-02T19:33:10","date_gmt":"2021-02-02T16:33:10","guid":{"rendered":"http:\/\/arantv.az\/?p=284897"},"modified":"2021-02-02T19:33:10","modified_gmt":"2021-02-02T16:33:10","slug":"dovl%c9%99t-xidm%c9%99tinin-sumqayit-s%c9%99h%c9%99r-bas-idar%c9%99sin%c9%99-r%c9%99is-t%c9%99yin-edilib","status":"publish","type":"post","link":"https:\/\/arantv.az\/?p=284897","title":{"rendered":"D\u00f6vl\u0259t Xidm\u0259tinin Sumqay\u0131t \u015f\u0259h\u0259r ba\u015f idar\u0259sin\u0259 r\u0259is t\u0259yin edilib"},"content":{"rendered":"<p>Az\u0259rbaycan Respublikas\u0131 S\u0259f\u0259rb\u0259rlik v\u0259 H\u0259rbi Xidm\u0259t\u0259 \u00c7a\u011f\u0131r\u0131\u015f \u00fczr\u0259 D\u00f6vl\u0259t Xidm\u0259tinin (SHX\u00c7DX) Sumqay\u0131t \u015f\u0259h\u0259r ba\u015f idar\u0259sin\u0259 r\u0259is t\u0259yin edilib.<\/p>\n<p>Bununla ba\u011fl\u0131 Prezident \u0130lham \u018fliyev s\u0259r\u0259ncam imzalay\u0131b.<\/p>\n<div id=\"AdviadNativeVideo0\" class=\"AdviadNativeVideo\"><\/div>\n<p>S\u0259r\u0259ncama \u0259sas\u0259n, Natiq Sahib o\u011flu Qarayev Az\u0259rbaycan Respublikas\u0131 S\u0259f\u0259rb\u0259rlik v\u0259 H\u0259rbi Xidm\u0259t\u0259 \u00c7a\u011f\u0131r\u0131\u015f \u00fczr\u0259 D\u00f6vl\u0259t Xidm\u0259tinin Sumqay\u0131t \u015f\u0259h\u0259r ba\u015f idar\u0259sinin r\u0259isi t\u0259yin olunub.<\/p>\n<p>D\u00f6vl\u0259t ba\u015f\u00e7\u0131s\u0131n\u0131n dig\u0259r s\u0259r\u0259ncam\u0131 il\u0259 polkovnik Natiq Sahib o\u011flu Qarayev\u0259\u00a0general-mayor ali h\u0259rbi r\u00fctb\u0259si\u00a0verilib.<\/p>\n","protected":false},"excerpt":{"rendered":"<p>Az\u0259rbaycan Respublikas\u0131 S\u0259f\u0259rb\u0259rlik v\u0259 H\u0259rbi Xidm\u0259t\u0259 \u00c7a\u011f\u0131r\u0131\u015f \u00fczr\u0259 D\u00f6vl\u0259t Xidm\u0259tinin (SHX\u00c7DX) Sumqay\u0131t \u015f\u0259h\u0259r ba\u015f idar\u0259sin\u0259 r\u0259is t\u0259yin edilib. Bununla ba\u011fl\u0131 Prezident \u0130lham \u018fliyev s\u0259r\u0259ncam imzalay\u0131b. S\u0259r\u0259ncama \u0259sas\u0259n, Natiq Sahib o\u011flu Qarayev Az\u0259rbaycan Respublikas\u0131 S\u0259f\u0259rb\u0259rlik v\u0259 H\u0259rbi Xidm\u0259t\u0259 \u00c7a\u011f\u0131r\u0131\u015f \u00fczr\u0259 D\u00f6vl\u0259t Xidm\u0259tinin Sumqay\u0131t \u015f\u0259h\u0259r ba\u015f idar\u0259sinin r\u0259isi t\u0259yin olunub. D\u00f6vl\u0259t ba\u015f\u00e7\u0131s\u0131n\u0131n dig\u0259r s\u0259r\u0259ncam\u0131 il\u0259 polkovnik Natiq Sahib o\u011flu Qarayev\u0259\u00a0general-mayor ali h\u0259rbi r\u00fctb\u0259si\u00a0verilib.<\/p>\n","protected":false},"author":2,"featured_media":284898,"comment_status":"closed","ping_status":"closed","sticky":false,"template":"","format":"standard","meta":{"om_disable_all_campaigns":false,"_monsterinsights_skip_tracking":false,"_monsterinsights_sitenote_active":false,"_monsterinsights_sitenote_note":"","_monsterinsights_sitenote_category":0},"categories":[4],"tags":[],"aioseo_notices":[],"gutentor_comment":0,"rttpg_featured_image_url":{"full":["https:\/\/arantv.az\/wp-content\/uploads\/2021\/02\/3c7ed3cb-d7e9-3945-855d-a9327315c6a5_850-2.jpg",620,387,false],"landscape":["https:\/\/arantv.az\/wp-content\/uploads\/2021\/02\/3c7ed3cb-d7e9-3945-855d-a9327315c6a5_850-2.jpg",620,387,false],"portraits":["https:\/\/arantv.az\/wp-content\/uploads\/2021\/02\/3c7ed3cb-d7e9-3945-855d-a9327315c6a5_850-2.jpg",620,387,false],"thumbnail":["https:\/\/arantv.az\/wp-content\/uploads\/2021\/02\/3c7ed3cb-d7e9-3945-855d-a9327315c6a5_850-2-150x150.jpg",150,150,true],"medium":["https:\/\/arantv.az\/wp-content\/uploads\/2021\/02\/3c7ed3cb-d7e9-3945-855d-a9327315c6a5_850-2-300x187.jpg",300,187,true],"large":["https:\/\/arantv.az\/wp-content\/uploads\/2021\/02\/3c7ed3cb-d7e9-3945-855d-a9327315c6a5_850-2.jpg",620,387,false],"1536x1536":["https:\/\/arantv.az\/wp-content\/uploads\/2021\/02\/3c7ed3cb-d7e9-3945-855d-a9327315c6a5_850-2.jpg",620,387,false],"2048x2048":["https:\/\/arantv.az\/wp-content\/uploads\/2021\/02\/3c7ed3cb-d7e9-3945-855d-a9327315c6a5_850-2.jpg",620,387,false],"post-thumbnail":["https:\/\/arantv.az\/wp-content\/uploads\/2021\/02\/3c7ed3cb-d7e9-3945-855d-a9327315c6a5_850-2-240x172.jpg",240,172,true],"advps-thumb-one":["https:\/\/arantv.az\/wp-content\/uploads\/2021\/02\/3c7ed3cb-d7e9-3945-855d-a9327315c6a5_850-2.jpg",620,387,false]},"rttpg_author":{"display_name":"V\u00fcsal Rafiqo\u011flu","author_link":"https:\/\/arantv.az\/?author=2"},"rttpg_comment":0,"rttpg_category":"<a href=\"https:\/\/arantv.az\/?cat=4\" rel=\"category\">Siyas\u0259t<\/a>","rttpg_excerpt":"Az\u0259rbaycan Respublikas\u0131 S\u0259f\u0259rb\u0259rlik v\u0259 H\u0259rbi Xidm\u0259t\u0259 \u00c7a\u011f\u0131r\u0131\u015f \u00fczr\u0259 D\u00f6vl\u0259t Xidm\u0259tinin (SHX\u00c7DX) Sumqay\u0131t \u015f\u0259h\u0259r ba\u015f idar\u0259sin\u0259 r\u0259is t\u0259yin edilib. Bununla ba\u011fl\u0131 Prezident \u0130lham \u018fliyev s\u0259r\u0259ncam imzalay\u0131b. S\u0259r\u0259ncama \u0259sas\u0259n, Natiq Sahib o\u011flu Qarayev Az\u0259rbaycan Respublikas\u0131 S\u0259f\u0259rb\u0259rlik v\u0259 H\u0259rbi Xidm\u0259t\u0259 \u00c7a\u011f\u0131r\u0131\u015f \u00fczr\u0259 D\u00f6vl\u0259t Xidm\u0259tinin Sumqay\u0131t \u015f\u0259h\u0259r ba\u015f idar\u0259sinin r\u0259isi t\u0259yin olunub. D\u00f6vl\u0259t ba\u015f\u00e7\u0131s\u0131n\u0131n dig\u0259r s\u0259r\u0259ncam\u0131 il\u0259 polkovnik Natiq&hellip;","_links":{"self":[{"href":"https:\/\/arantv.az\/index.php?rest_route=\/wp\/v2\/posts\/284897"}],"collection":[{"href":"https:\/\/arantv.az\/index.php?rest_route=\/wp\/v2\/posts"}],"about":[{"href":"https:\/\/arantv.az\/index.php?rest_route=\/wp\/v2\/types\/post"}],"author":[{"embeddable":true,"href":"https:\/\/arantv.az\/index.php?rest_route=\/wp\/v2\/users\/2"}],"replies":[{"embeddable":true,"href":"https:\/\/arantv.az\/index.php?rest_route=%2Fwp%2Fv2%2Fcomments&post=284897"}],"version-history":[{"count":0,"href":"https:\/\/arantv.az\/index.php?rest_route=\/wp\/v2\/posts\/284897\/revisions"}],"wp:featuredmedia":[{"embeddable":true,"href":"https:\/\/arantv.az\/index.php?rest_route=\/wp\/v2\/media\/284898"}],"wp:attachment":[{"href":"https:\/\/arantv.az\/index.php?rest_route=%2Fwp%2Fv2%2Fmedia&parent=284897"}],"wp:term":[{"taxonomy":"category","embeddable":true,"href":"https:\/\/arantv.az\/index.php?rest_route=%2Fwp%2Fv2%2Fcategories&post=284897"},{"taxonomy":"post_tag","embeddable":true,"href":"https:\/\/arantv.az\/index.php?rest_route=%2Fwp%2Fv2%2Ftags&post=284897"}],"curies":[{"name":"wp","href":"https:\/\/api.w.org\/{rel}","templated":true}]}}