{"id":284905,"date":"2021-02-02T19:35:19","date_gmt":"2021-02-02T16:35:19","guid":{"rendered":"http:\/\/arantv.az\/?p=284905"},"modified":"2021-02-02T19:35:19","modified_gmt":"2021-02-02T16:35:19","slug":"caliberin-erm%c9%99nistanin-qorxulari-bar%c9%99d%c9%99-t%c9%99hlili-video","status":"publish","type":"post","link":"https:\/\/arantv.az\/?p=284905","title":{"rendered":"\u201cCaliber\u201din Erm\u0259nistan\u0131n qorxular\u0131 bar\u0259d\u0259 t\u0259hlili &#8211; V\u0130DEO"},"content":{"rendered":"<p>G\u00f6r\u00fcn\u0259n odur ki, h\u0259l\u0259 ki, ancaq Erm\u0259nistan\u0131n sabiq prezidenti Serj Sarkisyan\u0131n k\u00fcr\u0259k\u0259ni Mikael Minasyan ba\u015fa d\u00fc\u015f\u00fcb ki, Erm\u0259nistan ordusu\u00a0art\u0131q yoxdur.<\/p>\n<p>Bu bar\u0259d\u0259 \u201cCaliber\u201d layih\u0259sinin \u201cYoutube\u201d kanal\u0131nda yerl\u0259\u015fdiril\u0259n videoda qeyd olunur.<\/p>\n<div id=\"AdviadNativeVideo0\" class=\"AdviadNativeVideo\"><\/div>\n<p>T\u0259hlild\u0259 bildirilir ki, dig\u0259r terror\u00e7u \u201celita\u201d is\u0259 darmada\u011f\u0131n edilmi\u015f ordu \u0259traf\u0131nda yall\u0131 gedir.<\/p>\n<p>\u201cCaliber\u201d layih\u0259sinin haz\u0131rlad\u0131\u011f\u0131 n\u00f6vb\u0259ti s\u00fcjet N.Pa\u015finyan\u0131n \u201cErablur\u201d xiyaban\u0131na ziyar\u0259ti, onun erm\u0259ni K\u0130V n\u00fcmay\u0259nd\u0259l\u0259ri il\u0259 qalmaqal\u0131, Erm\u0259nistan prezidentinin \u0130ngilt\u0259r\u0259d\u0259 bitm\u0259k bilm\u0259y\u0259n t\u0259tili, erm\u0259ni terror\u00e7ular\u0131 m\u0259s\u0259l\u0259si\u00a0v\u0259 dig\u0259r m\u00f6vzulara h\u0259sr edilib.<\/p>\n<div><iframe loading=\"lazy\" src=\"https:\/\/www.youtube.com\/embed\/gob0JiZqrKo\" width=\"560\" height=\"315\" frameborder=\"0\" allowfullscreen=\"allowfullscreen\" data-mce-fragment=\"1\"><\/iframe><\/div>\n<p>&nbsp;<\/p>\n","protected":false},"excerpt":{"rendered":"<p>G\u00f6r\u00fcn\u0259n odur ki, h\u0259l\u0259 ki, ancaq Erm\u0259nistan\u0131n sabiq prezidenti Serj Sarkisyan\u0131n k\u00fcr\u0259k\u0259ni Mikael Minasyan ba\u015fa d\u00fc\u015f\u00fcb ki, Erm\u0259nistan ordusu\u00a0art\u0131q yoxdur. Bu bar\u0259d\u0259 \u201cCaliber\u201d layih\u0259sinin \u201cYoutube\u201d kanal\u0131nda yerl\u0259\u015fdiril\u0259n videoda qeyd olunur. T\u0259hlild\u0259 bildirilir ki, dig\u0259r terror\u00e7u \u201celita\u201d is\u0259 darmada\u011f\u0131n edilmi\u015f ordu \u0259traf\u0131nda yall\u0131 gedir. \u201cCaliber\u201d layih\u0259sinin haz\u0131rlad\u0131\u011f\u0131 n\u00f6vb\u0259ti s\u00fcjet N.Pa\u015finyan\u0131n \u201cErablur\u201d xiyaban\u0131na ziyar\u0259ti, onun erm\u0259ni K\u0130V n\u00fcmay\u0259nd\u0259l\u0259ri il\u0259 qalmaqal\u0131, Erm\u0259nistan prezidentinin \u0130ngilt\u0259r\u0259d\u0259 bitm\u0259k bilm\u0259y\u0259n t\u0259tili, erm\u0259ni terror\u00e7ular\u0131 m\u0259s\u0259l\u0259si\u00a0v\u0259 dig\u0259r m\u00f6vzulara h\u0259sr edilib. &nbsp;<\/p>\n","protected":false},"author":2,"featured_media":284906,"comment_status":"closed","ping_status":"closed","sticky":false,"template":"","format":"standard","meta":{"om_disable_all_campaigns":false,"_monsterinsights_skip_tracking":false,"_monsterinsights_sitenote_active":false,"_monsterinsights_sitenote_note":"","_monsterinsights_sitenote_category":0},"categories":[10],"tags":[],"aioseo_notices":[],"gutentor_comment":0,"rttpg_featured_image_url":{"full":["https:\/\/arantv.az\/wp-content\/uploads\/2021\/02\/145699305_729608091076580_4218341183884570170_n.jpg",620,350,false],"landscape":["https:\/\/arantv.az\/wp-content\/uploads\/2021\/02\/145699305_729608091076580_4218341183884570170_n.jpg",620,350,false],"portraits":["https:\/\/arantv.az\/wp-content\/uploads\/2021\/02\/145699305_729608091076580_4218341183884570170_n.jpg",620,350,false],"thumbnail":["https:\/\/arantv.az\/wp-content\/uploads\/2021\/02\/145699305_729608091076580_4218341183884570170_n-150x150.jpg",150,150,true],"medium":["https:\/\/arantv.az\/wp-content\/uploads\/2021\/02\/145699305_729608091076580_4218341183884570170_n-300x169.jpg",300,169,true],"large":["https:\/\/arantv.az\/wp-content\/uploads\/2021\/02\/145699305_729608091076580_4218341183884570170_n.jpg",620,350,false],"1536x1536":["https:\/\/arantv.az\/wp-content\/uploads\/2021\/02\/145699305_729608091076580_4218341183884570170_n.jpg",620,350,false],"2048x2048":["https:\/\/arantv.az\/wp-content\/uploads\/2021\/02\/145699305_729608091076580_4218341183884570170_n.jpg",620,350,false],"post-thumbnail":["https:\/\/arantv.az\/wp-content\/uploads\/2021\/02\/145699305_729608091076580_4218341183884570170_n-240x172.jpg",240,172,true],"advps-thumb-one":["https:\/\/arantv.az\/wp-content\/uploads\/2021\/02\/145699305_729608091076580_4218341183884570170_n.jpg",620,350,false]},"rttpg_author":{"display_name":"V\u00fcsal Rafiqo\u011flu","author_link":"https:\/\/arantv.az\/?author=2"},"rttpg_comment":0,"rttpg_category":"<a href=\"https:\/\/arantv.az\/?cat=10\" rel=\"category\">C\u0259bh\u0259d\u0259n X\u0259b\u0259r<\/a>","rttpg_excerpt":"G\u00f6r\u00fcn\u0259n odur ki, h\u0259l\u0259 ki, ancaq Erm\u0259nistan\u0131n sabiq prezidenti Serj Sarkisyan\u0131n k\u00fcr\u0259k\u0259ni Mikael Minasyan ba\u015fa d\u00fc\u015f\u00fcb ki, Erm\u0259nistan ordusu\u00a0art\u0131q yoxdur. Bu bar\u0259d\u0259 \u201cCaliber\u201d layih\u0259sinin \u201cYoutube\u201d kanal\u0131nda yerl\u0259\u015fdiril\u0259n videoda qeyd olunur. T\u0259hlild\u0259 bildirilir ki, dig\u0259r terror\u00e7u \u201celita\u201d is\u0259 darmada\u011f\u0131n edilmi\u015f ordu \u0259traf\u0131nda yall\u0131 gedir. \u201cCaliber\u201d layih\u0259sinin haz\u0131rlad\u0131\u011f\u0131 n\u00f6vb\u0259ti s\u00fcjet N.Pa\u015finyan\u0131n \u201cErablur\u201d xiyaban\u0131na ziyar\u0259ti, onun erm\u0259ni K\u0130V&hellip;","_links":{"self":[{"href":"https:\/\/arantv.az\/index.php?rest_route=\/wp\/v2\/posts\/284905"}],"collection":[{"href":"https:\/\/arantv.az\/index.php?rest_route=\/wp\/v2\/posts"}],"about":[{"href":"https:\/\/arantv.az\/index.php?rest_route=\/wp\/v2\/types\/post"}],"author":[{"embeddable":true,"href":"https:\/\/arantv.az\/index.php?rest_route=\/wp\/v2\/users\/2"}],"replies":[{"embeddable":true,"href":"https:\/\/arantv.az\/index.php?rest_route=%2Fwp%2Fv2%2Fcomments&post=284905"}],"version-history":[{"count":0,"href":"https:\/\/arantv.az\/index.php?rest_route=\/wp\/v2\/posts\/284905\/revisions"}],"wp:featuredmedia":[{"embeddable":true,"href":"https:\/\/arantv.az\/index.php?rest_route=\/wp\/v2\/media\/284906"}],"wp:attachment":[{"href":"https:\/\/arantv.az\/index.php?rest_route=%2Fwp%2Fv2%2Fmedia&parent=284905"}],"wp:term":[{"taxonomy":"category","embeddable":true,"href":"https:\/\/arantv.az\/index.php?rest_route=%2Fwp%2Fv2%2Fcategories&post=284905"},{"taxonomy":"post_tag","embeddable":true,"href":"https:\/\/arantv.az\/index.php?rest_route=%2Fwp%2Fv2%2Ftags&post=284905"}],"curies":[{"name":"wp","href":"https:\/\/api.w.org\/{rel}","templated":true}]}}