{"id":28496,"date":"2018-12-20T09:56:23","date_gmt":"2018-12-20T06:56:23","guid":{"rendered":"http:\/\/arantv.az\/?p=28496"},"modified":"2018-12-20T09:56:23","modified_gmt":"2018-12-20T06:56:23","slug":"az%c9%99rbaycan-v%c9%99-turkiy%c9%99-arasinda-h%c9%99rbi-%c9%99m%c9%99kdasliga-dair-s%c9%99n%c9%99d-imzalanib","status":"publish","type":"post","link":"https:\/\/arantv.az\/?p=28496","title":{"rendered":"Az\u0259rbaycan v\u0259 T\u00fcrkiy\u0259 aras\u0131nda h\u0259rbi \u0259m\u0259kda\u015fl\u0131\u011fa dair s\u0259n\u0259d imzalan\u0131b"},"content":{"rendered":"<p>Ankarada Az\u0259rbaycan-T\u00fcrkiy\u0259 11-ci Y\u00fcks\u0259k S\u0259viyy\u0259li H\u0259rbi Dialoq iclas\u0131 ba\u015fa \u00e7at\u0131b.<\/p>\n<p><strong>ARANTV.AZ<\/strong> x\u0259b\u0259r verir ki, toplant\u0131da Az\u0259rbaycanla T\u00fcrkiy\u0259 aras\u0131nda t\u0259hl\u00fck\u0259sizlik, h\u0259rbi, h\u0259rbi-texniki, h\u0259rbi tibb, h\u0259rbi t\u0259hsil v\u0259 dig\u0259r sah\u0259l\u0259rd\u0259 \u0259m\u0259kda\u015fl\u0131\u011f\u0131n v\u0259ziyy\u0259ti, inki\u015faf perspektivl\u0259ri, o c\u00fcml\u0259d\u0259n iki \u00f6lk\u0259nin ordular\u0131 aras\u0131nda m\u00f6vcud olan dostluq \u0259laq\u0259l\u0259rinin daha da m\u00f6hk\u0259ml\u0259ndirilm\u0259si m\u0259s\u0259l\u0259l\u0259ri m\u00fczakir\u0259 edilib, el\u0259c\u0259 d\u0259, 2019-cu ild\u0259 qar\u015f\u0131da duran v\u0259zif\u0259l\u0259rin yerin\u0259 yetirilm\u0259si \u00fc\u00e7\u00fcn \u0259sas istiqam\u0259tl\u0259r m\u00fc\u0259yy\u0259nl\u0259\u015fdirilib v\u0259 f\u0259aliyy\u0259t plan\u0131 raz\u0131la\u015fd\u0131r\u0131l\u0131b.<\/p>\n<p><img src=\"https:\/\/assets.oxu.az\/uploads\/W1siZiIsIjIwMTgvMTIvMjAvMTAvMjgvMzYvNzAxNDdjNDEtNjNkNS00YjE0LWFmMGMtODYyOGQyODY3NzNkLzQwNjc3ZDM1MDJmMDAxYzkyY2M4NWQ2ZmFhODhiMTZhLmpwZyJdLFsicCIsImVuY29kZSIsImpwZyIsIi1xdWFsaXR5IDgwIl0sWyJwIiwidGh1bWIiLCI1OTB4NTkwXHUwMDNlIl1d?sha=cf00f16f923022b1\" alt=\"\" \/><\/p>\n<div id=\"AdributorNativeVideo0\" class=\"AdributorNativeVideo\"><\/div>\n<p>G\u00f6r\u00fc\u015f\u00fcn sonunda 11-ci Y\u00fcks\u0259k S\u0259viyy\u0259li H\u0259rbi Dialoq \u0130clas\u0131n\u0131n yekunlar\u0131na dair, el\u0259c\u0259 d\u0259, \u201cAz\u0259rbaycan Respublikas\u0131 h\u00f6kum\u0259ti il\u0259 T\u00fcrkiy\u0259 Respublikas\u0131 h\u00f6kum\u0259ti aras\u0131nda h\u0259rbi-tibb sah\u0259sind\u0259 t\u0259hsil v\u0259 \u0259m\u0259kda\u015fl\u0131q haqq\u0131nda\u201d protokollar imzalan\u0131b.<\/p>\n<p>Qeyd ed\u0259k ki, iclas\u0131n Az\u0259rbaycan t\u0259r\u0259find\u0259n h\u0259ms\u0259dri m\u00fcdafi\u0259 nazirinin \u015f\u0259xsi hey\u0259t \u00fczr\u0259 m\u00fcavini, \u015e\u0259xsi Hey\u0259t Ba\u015f \u0130dar\u0259sinin r\u0259isi, general-leytenant\u00a0<strong>K\u0259rim V\u0259liyev<\/strong>, T\u00fcrkiy\u0259 t\u0259r\u0259find\u0259n is\u0259 Ba\u015f Q\u0259rargah\u0131n ikinci r\u0259isi korpus general\u0131\u00a0<strong>M\u0259tin G\u00fcrak<\/strong>d\u0131r.<\/p>\n<p>Bu formatda n\u00f6vb\u0259ti 12-ci Y\u00fcks\u0259k S\u0259viyy\u0259li H\u0259rbi Dialoq \u0130clas\u0131n\u0131n 2019-cu ilin sonunda Az\u0259rbaycanda ke\u00e7irilm\u0259si planla\u015fd\u0131r\u0131l\u0131r.oxu.az<\/p>\n","protected":false},"excerpt":{"rendered":"<p>Ankarada Az\u0259rbaycan-T\u00fcrkiy\u0259 11-ci Y\u00fcks\u0259k S\u0259viyy\u0259li H\u0259rbi Dialoq iclas\u0131 ba\u015fa \u00e7at\u0131b. ARANTV.AZ x\u0259b\u0259r verir ki, toplant\u0131da Az\u0259rbaycanla T\u00fcrkiy\u0259 aras\u0131nda t\u0259hl\u00fck\u0259sizlik, h\u0259rbi, h\u0259rbi-texniki, h\u0259rbi tibb, h\u0259rbi t\u0259hsil v\u0259 dig\u0259r sah\u0259l\u0259rd\u0259 \u0259m\u0259kda\u015fl\u0131\u011f\u0131n v\u0259ziyy\u0259ti, inki\u015faf perspektivl\u0259ri, o c\u00fcml\u0259d\u0259n iki \u00f6lk\u0259nin ordular\u0131 aras\u0131nda m\u00f6vcud olan dostluq \u0259laq\u0259l\u0259rinin daha da m\u00f6hk\u0259ml\u0259ndirilm\u0259si m\u0259s\u0259l\u0259l\u0259ri m\u00fczakir\u0259 edilib, el\u0259c\u0259 d\u0259, 2019-cu ild\u0259 qar\u015f\u0131da duran v\u0259zif\u0259l\u0259rin yerin\u0259 yetirilm\u0259si \u00fc\u00e7\u00fcn \u0259sas istiqam\u0259tl\u0259r m\u00fc\u0259yy\u0259nl\u0259\u015fdirilib v\u0259 f\u0259aliyy\u0259t plan\u0131 raz\u0131la\u015fd\u0131r\u0131l\u0131b. G\u00f6r\u00fc\u015f\u00fcn sonunda 11-ci Y\u00fcks\u0259k S\u0259viyy\u0259li H\u0259rbi Dialoq \u0130clas\u0131n\u0131n yekunlar\u0131na dair, el\u0259c\u0259 d\u0259, \u201cAz\u0259rbaycan Respublikas\u0131 h\u00f6kum\u0259ti il\u0259 T\u00fcrkiy\u0259 Respublikas\u0131 h\u00f6kum\u0259ti aras\u0131nda h\u0259rbi-tibb sah\u0259sind\u0259 t\u0259hsil v\u0259 \u0259m\u0259kda\u015fl\u0131q&hellip;<\/p>\n","protected":false},"author":2,"featured_media":28497,"comment_status":"closed","ping_status":"closed","sticky":false,"template":"","format":"standard","meta":{"om_disable_all_campaigns":false,"_monsterinsights_skip_tracking":false,"_monsterinsights_sitenote_active":false,"_monsterinsights_sitenote_note":"","_monsterinsights_sitenote_category":0},"categories":[19],"tags":[],"aioseo_notices":[],"gutentor_comment":0,"rttpg_featured_image_url":{"full":["https:\/\/arantv.az\/wp-content\/uploads\/2018\/12\/53bd242bf2c6204f0862dff38b6ca1c7.jpg",577,465,false],"landscape":["https:\/\/arantv.az\/wp-content\/uploads\/2018\/12\/53bd242bf2c6204f0862dff38b6ca1c7.jpg",577,465,false],"portraits":["https:\/\/arantv.az\/wp-content\/uploads\/2018\/12\/53bd242bf2c6204f0862dff38b6ca1c7.jpg",577,465,false],"thumbnail":["https:\/\/arantv.az\/wp-content\/uploads\/2018\/12\/53bd242bf2c6204f0862dff38b6ca1c7-150x150.jpg",150,150,true],"medium":["https:\/\/arantv.az\/wp-content\/uploads\/2018\/12\/53bd242bf2c6204f0862dff38b6ca1c7-300x242.jpg",300,242,true],"large":["https:\/\/arantv.az\/wp-content\/uploads\/2018\/12\/53bd242bf2c6204f0862dff38b6ca1c7.jpg",577,465,false],"1536x1536":["https:\/\/arantv.az\/wp-content\/uploads\/2018\/12\/53bd242bf2c6204f0862dff38b6ca1c7.jpg",577,465,false],"2048x2048":["https:\/\/arantv.az\/wp-content\/uploads\/2018\/12\/53bd242bf2c6204f0862dff38b6ca1c7.jpg",577,465,false],"post-thumbnail":["https:\/\/arantv.az\/wp-content\/uploads\/2018\/12\/53bd242bf2c6204f0862dff38b6ca1c7-240x172.jpg",240,172,true],"advps-thumb-one":["https:\/\/arantv.az\/wp-content\/uploads\/2018\/12\/53bd242bf2c6204f0862dff38b6ca1c7.jpg",577,465,false]},"rttpg_author":{"display_name":"V\u00fcsal Rafiqo\u011flu","author_link":"https:\/\/arantv.az\/?author=2"},"rttpg_comment":0,"rttpg_category":"<a href=\"https:\/\/arantv.az\/?cat=19\" rel=\"category\">G\u00fcnd\u0259m<\/a>","rttpg_excerpt":"Ankarada Az\u0259rbaycan-T\u00fcrkiy\u0259 11-ci Y\u00fcks\u0259k S\u0259viyy\u0259li H\u0259rbi Dialoq iclas\u0131 ba\u015fa \u00e7at\u0131b. ARANTV.AZ x\u0259b\u0259r verir ki, toplant\u0131da Az\u0259rbaycanla T\u00fcrkiy\u0259 aras\u0131nda t\u0259hl\u00fck\u0259sizlik, h\u0259rbi, h\u0259rbi-texniki, h\u0259rbi tibb, h\u0259rbi t\u0259hsil v\u0259 dig\u0259r sah\u0259l\u0259rd\u0259 \u0259m\u0259kda\u015fl\u0131\u011f\u0131n v\u0259ziyy\u0259ti, inki\u015faf perspektivl\u0259ri, o c\u00fcml\u0259d\u0259n iki \u00f6lk\u0259nin ordular\u0131 aras\u0131nda m\u00f6vcud olan dostluq \u0259laq\u0259l\u0259rinin daha da m\u00f6hk\u0259ml\u0259ndirilm\u0259si m\u0259s\u0259l\u0259l\u0259ri m\u00fczakir\u0259 edilib, el\u0259c\u0259 d\u0259, 2019-cu ild\u0259 qar\u015f\u0131da duran v\u0259zif\u0259l\u0259rin&hellip;","_links":{"self":[{"href":"https:\/\/arantv.az\/index.php?rest_route=\/wp\/v2\/posts\/28496"}],"collection":[{"href":"https:\/\/arantv.az\/index.php?rest_route=\/wp\/v2\/posts"}],"about":[{"href":"https:\/\/arantv.az\/index.php?rest_route=\/wp\/v2\/types\/post"}],"author":[{"embeddable":true,"href":"https:\/\/arantv.az\/index.php?rest_route=\/wp\/v2\/users\/2"}],"replies":[{"embeddable":true,"href":"https:\/\/arantv.az\/index.php?rest_route=%2Fwp%2Fv2%2Fcomments&post=28496"}],"version-history":[{"count":0,"href":"https:\/\/arantv.az\/index.php?rest_route=\/wp\/v2\/posts\/28496\/revisions"}],"wp:featuredmedia":[{"embeddable":true,"href":"https:\/\/arantv.az\/index.php?rest_route=\/wp\/v2\/media\/28497"}],"wp:attachment":[{"href":"https:\/\/arantv.az\/index.php?rest_route=%2Fwp%2Fv2%2Fmedia&parent=28496"}],"wp:term":[{"taxonomy":"category","embeddable":true,"href":"https:\/\/arantv.az\/index.php?rest_route=%2Fwp%2Fv2%2Fcategories&post=28496"},{"taxonomy":"post_tag","embeddable":true,"href":"https:\/\/arantv.az\/index.php?rest_route=%2Fwp%2Fv2%2Ftags&post=28496"}],"curies":[{"name":"wp","href":"https:\/\/api.w.org\/{rel}","templated":true}]}}