{"id":285150,"date":"2021-02-03T09:38:10","date_gmt":"2021-02-03T06:38:10","guid":{"rendered":"http:\/\/arantv.az\/?p=285150"},"modified":"2021-02-03T09:38:10","modified_gmt":"2021-02-03T06:38:10","slug":"susa-n%c9%99inki-az%c9%99rbaycanin-umumilikd%c9%99-qafqazin-m%c9%99d%c9%99niyy%c9%99t-m%c9%99rk%c9%99zin%c9%99-cevril%c9%99c%c9%99k-alim","status":"publish","type":"post","link":"https:\/\/arantv.az\/?p=285150","title":{"rendered":"&#8220;\u015eu\u015fa n\u0259inki Az\u0259rbaycan\u0131n, \u00fcmumilikd\u0259 Qafqaz\u0131n m\u0259d\u0259niyy\u0259t m\u0259rk\u0259zin\u0259 \u00e7evril\u0259c\u0259k&#8221; &#8211; Alim"},"content":{"rendered":"<blockquote><p><em><strong>Az\u0259rbaycan Erm\u0259nistan t\u0259r\u0259find\u0259n vaxtil\u0259 i\u015f\u011fal olunmu\u015f \u0259razil\u0259ri, o c\u00fcml\u0259d\u0259n \u015eu\u015fan\u0131 azad etm\u0259kl\u0259 t\u0259kc\u0259 tarixi v\u0259 h\u00fcquqi \u0259dal\u0259ti b\u0259rpa etm\u0259yib, h\u0259m d\u0259 b\u00f6lg\u0259y\u0259 m\u0259d\u0259niyy\u0259ti, inki\u015faf\u0131 v\u0259 t\u0259r\u0259qqini yenid\u0259n qaytarma\u011f\u0131 h\u0259d\u0259fl\u0259yib.<\/strong><\/em><\/p><\/blockquote>\n<p><strong>ARANTV.AZ<\/strong> bildirir ki, bunu\u00a0<a href=\"https:\/\/az.trend.az\/\" target=\"_blank\" rel=\"noopener\">Trend<\/a>-\u0259\u00a0AMEA Qafqaz\u015f\u00fcnasl\u0131q \u0130nstitutunun Qafqaz siyas\u0259ti \u015f\u00f6b\u0259sinin m\u00fcdiri Tarix \u00fczr\u0259 f\u0259ls\u0259f\u0259 doktoru Elnur K\u0259lbizad\u0259 deyib.<\/p>\n<p>Onun s\u00f6zl\u0259rin\u0259 g\u00f6r\u0259, g\u00f6r\u00fcl\u0259c\u0259k i\u015fl\u0259r, h\u0259yata ke\u00e7iril\u0259c\u0259k layih\u0259l\u0259rl\u0259 ba\u011fl\u0131 Az\u0259rbaycan Prezidenti \u0130lham \u018fliyevin fikirl\u0259rini t\u0259hlil etdikd\u0259 \u0259minlikl\u0259 s\u00f6yl\u0259m\u0259k olar ki, \u015eu\u015fa n\u0259inki Az\u0259rbaycan\u0131n, \u00fcmumilikd\u0259 Qafqaz\u0131n m\u0259d\u0259niyy\u0259t m\u0259rk\u0259zin\u0259 \u00e7evril\u0259c\u0259kdir. \u015eu\u015fa \u015f\u0259h\u0259rinin XIX \u0259srin ikinci yar\u0131s\u0131 &#8211; XX \u0259srd\u0259 m\u00f6vcud olmu\u015f Qafqaz\u0131n m\u0259d\u0259niyy\u0259t be\u015fiyi, konservatoriyas\u0131 kimi m\u0259n\u0259vi statuslar\u0131 \u00f6z\u00fcn\u0259 qaytar\u0131lacaqd\u0131r.<\/p>\n<p>E.K\u0259lbizad\u0259 hesab edir ki, 2022-ci ild\u0259 qala \u015f\u0259h\u0259r kimi 270 illik yubileyini qeyd ed\u0259c\u0259yimiz \u015eu\u015fan\u0131n h\u0259m d\u0259 T\u00fcrk d\u00fcnyas\u0131n\u0131n m\u0259d\u0259niyy\u0259t paytaxt\u0131, \u0130slam m\u0259d\u0259niyy\u0259tinin paytaxt\u0131 elan edilm\u0259si d\u0259 arzuolunand\u0131r:<\/p>\n<p>&#8220;Tarix\u0259 n\u0259z\u0259r salsaq, g\u00f6r\u0259rik ki, XIX \u0259srd\u0259 \u015eu\u015fa \u015f\u0259h\u0259ri Qafqaz\u0131n v\u0259 Yax\u0131n \u015e\u0259rqin m\u00fch\u00fcm ticar\u0259t m\u0259rk\u0259zl\u0259rind\u0259n biri olmaqla m\u00fcxt\u0259lif m\u0259d\u0259niyy\u0259tl\u0259rin \u00fcnsiyy\u0259t &#8211; dialoq m\u0259kan\u0131na \u00e7evrilmi\u015fdi. \u015eu\u015fan\u0131 Yax\u0131n \u015e\u0259rq \u00f6lk\u0259l\u0259ri il\u0259 birl\u0259\u015fdir\u0259n, Xudaf\u0259rin k\u00f6rp\u00fcs\u00fcn\u0259 do\u011fru uzanan &#8220;Molla N\u0259sr\u0259ddin yolu&#8221;, \u015f\u0259h\u0259ri \u015fimal v\u0259 q\u0259rb \u00f6lk\u0259l\u0259ri il\u0259 birl\u0259\u015fdir\u0259n G\u0259nc\u0259 \u015f\u0259h\u0259rin\u0259 do\u011fru uzanan Kuhrad v\u0259 ya Da\u011f yolu m\u00fcxt\u0259lif \u00f6lk\u0259l\u0259rd\u0259n g\u0259l\u0259n tacirl\u0259rin, s\u0259yyahlar\u0131n istifad\u0259 etdikl\u0259ri \u0259sas mar\u015frutlar olmu\u015fdur. XIX \u0259srd\u0259 \u015f\u0259h\u0259rd\u0259 10-dan art\u0131q karvansaran\u0131n (&#8220;Hac\u0131 Abbas&#8221;, &#8220;Qat\u0131r\u00e7\u0131 Murad&#8221;, &#8220;Mirsiyab o\u011flu&#8221;, &#8220;Bazar&#8221;, &#8220;Xanl\u0131q&#8221; v\u0259 s. ) f\u0259aliyy\u0259t g\u00f6st\u0259rm\u0259si \u015f\u0259h\u0259rin bu bax\u0131mdan \u0259h\u0259miyy\u0259tini g\u00f6st\u0259rir. O d\u00f6vrd\u0259 \u015eu\u015fan\u0131n T\u0259briz, Tehran, \u0130sfahan, Leypsiq, Marsel, Moskva kimi \u015f\u0259h\u0259rl\u0259rl\u0259 ticar\u0259t \u0259laq\u0259l\u0259ri haqq\u0131nda m\u0259nb\u0259l\u0259rd\u0259 m\u0259lumatlar \u0259ksini tapm\u0131\u015fd\u0131r. \u015eu\u015fa tacirl\u0259rinin Nijeqorod, \u0130stanbul, Leypsiq yarmarkalar\u0131nda i\u015ftiraklar\u0131 bar\u0259d\u0259 m\u0259lumatlar vard\u0131r. \u015eu\u015fa h\u0259m d\u0259 xal\u00e7a\u00e7\u0131l\u0131q v\u0259 ip\u0259k\u00e7ilik m\u0259rk\u0259zi kimi \u015f\u00f6hr\u0259t tapm\u0131\u015fd\u0131. Rus m\u00fc\u0259llifl\u0259rind\u0259n biri &#8220;Qafqaz&#8221; q\u0259zetinin 1857-ci ilin iyulunda \u00e7\u0131xan n\u00f6mr\u0259l\u0259rind\u0259n birind\u0259 \u015eu\u015fa xal\u00e7a ticar\u0259ti bar\u0259d\u0259 maraql\u0131 m\u0259lumatlar vermi\u015fdi. XIX \u0259srin II yar\u0131s\u0131nda \u015eu\u015fada 10-a yax\u0131n m\u0259kt\u0259b f\u0259aliyy\u0259t g\u00f6st\u0259rirdi. H\u0259l\u0259 XIX \u0259srin 30-cu ill\u0259rind\u0259n etibar\u0259n burada \u00fc\u00e7sinifli q\u0259za m\u0259kt\u0259bi f\u0259aliyy\u0259t g\u00f6st\u0259rm\u0259y\u0259 ba\u015flam\u0131\u015fd\u0131.<\/p>\n<div>\n<div id=\"AdviadNativeVideo0\" class=\"AdviadNativeVideo\"><\/div>\n<\/div>\n<p>XIX \u0259srd\u0259 \u015eu\u015fada tikinti quruculuq i\u015fl\u0259ri geni\u015f v\u00fcs\u0259t alm\u0131\u015f, t\u00fcrk-m\u00fcs\u0259lman ruhunu da\u015f\u0131yan \u015f\u0259h\u0259rd\u0259 h\u0259m d\u0259 \u015e\u0259rq memarl\u0131q m\u0259kt\u0259bl\u0259ri il\u0259 yana\u015f\u0131 Avropa memarl\u0131\u011f\u0131n\u0131n b\u0259zi x\u00fcsusiyy\u0259tl\u0259rini \u00f6z\u00fcnd\u0259 \u0259ks etdir\u0259n tikilil\u0259r in\u015fa edilmi\u015fdi. M\u0259hz bunun n\u0259tic\u0259si idi ki, \u015eu\u015fan\u0131 b\u0259z\u0259n &#8220;Ki\u00e7ik Paris&#8221;, &#8220;\u015e\u0259rqin Parisi&#8221; d\u0259 adland\u0131r\u0131rd\u0131lar&#8221;.<\/p>\n","protected":false},"excerpt":{"rendered":"<p>Az\u0259rbaycan Erm\u0259nistan t\u0259r\u0259find\u0259n vaxtil\u0259 i\u015f\u011fal olunmu\u015f \u0259razil\u0259ri, o c\u00fcml\u0259d\u0259n \u015eu\u015fan\u0131 azad etm\u0259kl\u0259 t\u0259kc\u0259 tarixi v\u0259 h\u00fcquqi \u0259dal\u0259ti b\u0259rpa etm\u0259yib, h\u0259m d\u0259 b\u00f6lg\u0259y\u0259 m\u0259d\u0259niyy\u0259ti, inki\u015faf\u0131 v\u0259 t\u0259r\u0259qqini yenid\u0259n qaytarma\u011f\u0131 h\u0259d\u0259fl\u0259yib. ARANTV.AZ bildirir ki, bunu\u00a0Trend-\u0259\u00a0AMEA Qafqaz\u015f\u00fcnasl\u0131q \u0130nstitutunun Qafqaz siyas\u0259ti \u015f\u00f6b\u0259sinin m\u00fcdiri Tarix \u00fczr\u0259 f\u0259ls\u0259f\u0259 doktoru Elnur K\u0259lbizad\u0259 deyib. Onun s\u00f6zl\u0259rin\u0259 g\u00f6r\u0259, g\u00f6r\u00fcl\u0259c\u0259k i\u015fl\u0259r, h\u0259yata ke\u00e7iril\u0259c\u0259k layih\u0259l\u0259rl\u0259 ba\u011fl\u0131 Az\u0259rbaycan Prezidenti \u0130lham \u018fliyevin fikirl\u0259rini t\u0259hlil etdikd\u0259 \u0259minlikl\u0259 s\u00f6yl\u0259m\u0259k olar ki, \u015eu\u015fa n\u0259inki Az\u0259rbaycan\u0131n, \u00fcmumilikd\u0259 Qafqaz\u0131n m\u0259d\u0259niyy\u0259t m\u0259rk\u0259zin\u0259 \u00e7evril\u0259c\u0259kdir. \u015eu\u015fa \u015f\u0259h\u0259rinin XIX \u0259srin ikinci yar\u0131s\u0131 &#8211; XX \u0259srd\u0259 m\u00f6vcud olmu\u015f Qafqaz\u0131n m\u0259d\u0259niyy\u0259t be\u015fiyi, konservatoriyas\u0131 kimi&hellip;<\/p>\n","protected":false},"author":2,"featured_media":285151,"comment_status":"closed","ping_status":"closed","sticky":false,"template":"","format":"standard","meta":{"om_disable_all_campaigns":false,"_monsterinsights_skip_tracking":false,"_monsterinsights_sitenote_active":false,"_monsterinsights_sitenote_note":"","_monsterinsights_sitenote_category":0},"categories":[26],"tags":[],"aioseo_notices":[],"gutentor_comment":0,"rttpg_featured_image_url":{"full":["https:\/\/arantv.az\/wp-content\/uploads\/2021\/02\/919128.jpg",800,600,false],"landscape":["https:\/\/arantv.az\/wp-content\/uploads\/2021\/02\/919128.jpg",800,600,false],"portraits":["https:\/\/arantv.az\/wp-content\/uploads\/2021\/02\/919128.jpg",800,600,false],"thumbnail":["https:\/\/arantv.az\/wp-content\/uploads\/2021\/02\/919128-150x150.jpg",150,150,true],"medium":["https:\/\/arantv.az\/wp-content\/uploads\/2021\/02\/919128-300x225.jpg",300,225,true],"large":["https:\/\/arantv.az\/wp-content\/uploads\/2021\/02\/919128.jpg",640,480,false],"1536x1536":["https:\/\/arantv.az\/wp-content\/uploads\/2021\/02\/919128.jpg",800,600,false],"2048x2048":["https:\/\/arantv.az\/wp-content\/uploads\/2021\/02\/919128.jpg",800,600,false],"post-thumbnail":["https:\/\/arantv.az\/wp-content\/uploads\/2021\/02\/919128-240x172.jpg",240,172,true],"advps-thumb-one":["https:\/\/arantv.az\/wp-content\/uploads\/2021\/02\/919128.jpg",800,600,false]},"rttpg_author":{"display_name":"V\u00fcsal Rafiqo\u011flu","author_link":"https:\/\/arantv.az\/?author=2"},"rttpg_comment":0,"rttpg_category":"<a href=\"https:\/\/arantv.az\/?cat=26\" rel=\"category\">Sosial<\/a>","rttpg_excerpt":"Az\u0259rbaycan Erm\u0259nistan t\u0259r\u0259find\u0259n vaxtil\u0259 i\u015f\u011fal olunmu\u015f \u0259razil\u0259ri, o c\u00fcml\u0259d\u0259n \u015eu\u015fan\u0131 azad etm\u0259kl\u0259 t\u0259kc\u0259 tarixi v\u0259 h\u00fcquqi \u0259dal\u0259ti b\u0259rpa etm\u0259yib, h\u0259m d\u0259 b\u00f6lg\u0259y\u0259 m\u0259d\u0259niyy\u0259ti, inki\u015faf\u0131 v\u0259 t\u0259r\u0259qqini yenid\u0259n qaytarma\u011f\u0131 h\u0259d\u0259fl\u0259yib. ARANTV.AZ bildirir ki, bunu\u00a0Trend-\u0259\u00a0AMEA Qafqaz\u015f\u00fcnasl\u0131q \u0130nstitutunun Qafqaz siyas\u0259ti \u015f\u00f6b\u0259sinin m\u00fcdiri Tarix \u00fczr\u0259 f\u0259ls\u0259f\u0259 doktoru Elnur K\u0259lbizad\u0259 deyib. Onun s\u00f6zl\u0259rin\u0259 g\u00f6r\u0259, g\u00f6r\u00fcl\u0259c\u0259k i\u015fl\u0259r, h\u0259yata ke\u00e7iril\u0259c\u0259k layih\u0259l\u0259rl\u0259 ba\u011fl\u0131&hellip;","_links":{"self":[{"href":"https:\/\/arantv.az\/index.php?rest_route=\/wp\/v2\/posts\/285150"}],"collection":[{"href":"https:\/\/arantv.az\/index.php?rest_route=\/wp\/v2\/posts"}],"about":[{"href":"https:\/\/arantv.az\/index.php?rest_route=\/wp\/v2\/types\/post"}],"author":[{"embeddable":true,"href":"https:\/\/arantv.az\/index.php?rest_route=\/wp\/v2\/users\/2"}],"replies":[{"embeddable":true,"href":"https:\/\/arantv.az\/index.php?rest_route=%2Fwp%2Fv2%2Fcomments&post=285150"}],"version-history":[{"count":0,"href":"https:\/\/arantv.az\/index.php?rest_route=\/wp\/v2\/posts\/285150\/revisions"}],"wp:featuredmedia":[{"embeddable":true,"href":"https:\/\/arantv.az\/index.php?rest_route=\/wp\/v2\/media\/285151"}],"wp:attachment":[{"href":"https:\/\/arantv.az\/index.php?rest_route=%2Fwp%2Fv2%2Fmedia&parent=285150"}],"wp:term":[{"taxonomy":"category","embeddable":true,"href":"https:\/\/arantv.az\/index.php?rest_route=%2Fwp%2Fv2%2Fcategories&post=285150"},{"taxonomy":"post_tag","embeddable":true,"href":"https:\/\/arantv.az\/index.php?rest_route=%2Fwp%2Fv2%2Ftags&post=285150"}],"curies":[{"name":"wp","href":"https:\/\/api.w.org\/{rel}","templated":true}]}}