{"id":28516,"date":"2018-12-20T10:45:29","date_gmt":"2018-12-20T07:45:29","guid":{"rendered":"http:\/\/arantv.az\/?p=28516"},"modified":"2018-12-20T10:45:29","modified_gmt":"2018-12-20T07:45:29","slug":"az%c9%99rbaycan-hokum%c9%99ti-il%c9%99-bmt-nin-inkisaf-proqrami-arasinda-layih%c9%99-imzalanib","status":"publish","type":"post","link":"https:\/\/arantv.az\/?p=28516","title":{"rendered":"Az\u0259rbaycan H\u00f6kum\u0259ti il\u0259 BMT-nin \u0130nki\u015faf Proqram\u0131 aras\u0131nda layih\u0259 imzalan\u0131b"},"content":{"rendered":"<p><strong>ARANTV.AZ<\/strong> x\u0259b\u0259r verir ki, beyn\u0259lxalq t\u0259\u015fkilatlarla \u0259m\u0259kda\u015fl\u0131q \u00e7\u0259r\u00e7iv\u0259sind\u0259 g\u0259l\u0259n il daha 500\u00a0 n\u0259f\u0259r sa\u011flaml\u0131q imkanlar\u0131 m\u0259hdud \u015f\u0259xs \u00f6z\u00fcn\u0259m\u0259\u015f\u011fulluq proqram\u0131na c\u0259lb edil\u0259c\u0259k. Bununla ba\u011fl\u0131 Az\u0259rbaycan H\u00f6kum\u0259ti il\u0259 Birl\u0259\u015fmi\u015f Mill\u0259tl\u0259r T\u0259\u015fkilat\u0131n\u0131n \u0130nki\u015faf Proqram\u0131 aras\u0131nda \u201c\u018fhalinin sosial c\u0259h\u0259td\u0259n h\u0259ssas qruplar\u0131 \u00fc\u00e7\u00fcn inkl\u00fcziv v\u0259 layiqli i\u015f yerl\u0259rinin yarad\u0131lmas\u0131\u201d texniki yard\u0131m layih\u0259si imzalan\u0131b.<\/p>\n<p>Yola sald\u0131\u011fm\u0131z il \u0259rzind\u0259 7 min 500 n\u0259f\u0259r \u00f6z\u00fcn\u0259m\u0259\u015f\u011fulluq proqram\u0131na c\u0259lb edilib. Bu proqram \u00e7\u0259r\u00e7iv\u0259sind\u0259 h\u0259yata ke\u00e7iril\u0131\u0259n layih\u0259l\u0259r\u0259 d\u00f6vl\u0259t b\u00fcdc\u0259sind\u0259n 35 milyon manat v\u0259sait\u00a0 x\u0259rcl\u0259nib.\u00a0 El\u0259c\u0259d\u0259, 100- d\u0259n \u00e7ox sa\u011flaml\u0131q imkanlar\u0131 m\u0259hdud olan \u015f\u0259xs \u018fm\u0259k v\u0259 \u018fhalinin Sosial M\u00fcdafi\u0259si Nazirl\u0131iyi il\u0259 Heyd\u0259r \u018fliyev Fondunun \u0259m\u0259kda\u015fl\u0131q layih\u0259l\u0259ri \u00e7\u0259r\u00e7iv\u0259sind\u0259 i\u015fl\u0259 tmin edilib. Layih\u0259\u00a0 n\u00f6vb\u0259ti ild\u0259 d\u0259 d\u00f6vl\u0259tin diqq\u0259t m\u0259rk\u0259zind\u0259 olacaq, \u00f6z\u00fcn\u0259m\u0259\u015f\u011fulluq proqram\u0131 inki\u015faf etdiril\u0259c\u0259k. Bununla ba\u011fl\u0131 Az\u0259rbaycan H\u00f6kum\u0259ti ad\u0131ndan \u018fm\u0259k v\u0259 \u018fhalinin Sosial M\u00fcdafi\u0259si Nazirliyi il\u0259 Birl\u0259\u015fmi\u015f Mill\u0259tl\u0259r T\u0259\u015fkilat\u0131n\u0131n \u0130nki\u015faf Proqram\u0131 \u0259sas\u0131nda \u201c\u018fhalinin sosial c\u0259h\u0259td\u0259n h\u0259ssas qruplar\u0131 \u00fc\u00e7\u00fcn inkl\u00fcziv v\u0259 layiqli i\u015f yerl\u0259rinin yarad\u0131lmas\u0131\u201d texniki yard\u0131m layih\u0259si imzaland\u0131.<\/p>\n<p>\u018fm\u0259k v\u0259 \u0259halinin sosial m\u00fcdafi\u0259si naziri Sahil Babayev \u00f6lk\u0259d\u0259 h\u0259ssas qruplar\u0131n \u0259m\u0259k bazar\u0131na inteqrasiyas\u0131n\u0131n d\u0259st\u0259kl\u0259nm\u0259sinin Prezident \u0130lham \u018fliyevin u\u011furlu sosial-iqtisadi siyas\u0259tinin prioritetl\u0259rind\u0259n biri oldu\u011funu vur\u011fulad\u0131. Qeyd etdi ki, layih\u0259 \u00e7\u0259r\u00e7iv\u0259sind\u0259 500 n\u0259f\u0259r \u0259lilliyi olan \u015f\u0259xsin \u00f6z\u00fcn\u00fcm\u0259\u015f\u011fullu\u011funa d\u0259st\u0259k g\u00f6st\u0259ril\u0259c\u0259k. Bu layih\u0259y\u0259 Az\u0259rbaycan H\u00f6kum\u0259ti t\u0259r\u0259find\u0259n 5 milyon, BMT-nin \u0130nki\u015faf Proqram\u0131 t\u0259r\u0259find\u0259n is\u0259 350 min manat v\u0259sait ayr\u0131lacaq. Nazir \u201cAz\u0259rbaycanda \u0130nnovasiya v\u0259 M\u0259\u015f\u011fullu\u011fun \u0130nki\u015faf\u0131\u201d layih\u0259sinin m\u00fcdd\u0259tinin daha bir il uzad\u0131ld\u0131\u011f\u0131n\u0131 dedi.<\/p>\n<p>BMT-nin \u0130nki\u015faf Proqram\u0131n\u0131n Az\u0259rbaycandak\u0131 Rezident n\u00fcmay\u0259nd\u0259sinin v\u0259zif\u0259sini icra ed\u0259n Alessandro Frakassetti is\u0259 qeyd etdi ki, BMT \u0130nki\u015faf Proqram\u0131 \u0259lilliyi olan insanlar\u0131n m\u0259\u015f\u011fulluq imkanlar\u0131n\u0131n art\u0131r\u0131lmas\u0131 sah\u0259sind\u0259 Az\u0259rbaycan h\u00f6kum\u0259ti il\u0259 s\u0131x \u0259m\u0259kda\u015fl\u0131q etm\u0259kd\u0259 maraql\u0131d\u0131r. Be\u015f illik d\u00f6vr\u00fc \u0259hat\u0259 ed\u0259n yeni layih\u0259 ilk n\u00f6vb\u0259d\u0259 \u0259lilliyi olan \u015f\u0259xsl\u0259r \u00fc\u00e7\u00fcn \u00f6z\u00fcn\u00fcm\u0259\u015f\u011fulluq f\u0259aliyy\u0259tl\u0259rini pilot qaydada h\u0259yata ke\u00e7ir\u0259r\u0259k, bu t\u0259b\u0259q\u0259d\u0259n olan \u015f\u0259xsl\u0259rin dayan\u0131ql\u0131 biznes qurmas\u0131na d\u0259st\u0259k g\u00f6st\u0259r\u0259c\u0259k. \u0130\u015ftirak\u00e7\u0131lar\u0131n sahibkarl\u0131q v\u0259rdi\u015fl\u0259rinin g\u00fccl\u0259ndirilm\u0259si il\u0259 yana\u015f\u0131, layih\u0259 onlar\u0131n \u0259m\u0259k bazar\u0131na \u00e7\u0131x\u0131\u015fla ba\u011fl\u0131 \u00fczl\u0259\u015fdikl\u0259ri probleml\u0259ri v\u0259 mane\u0259l\u0259ri n\u0259z\u0259r\u0259 alaraq sosial v\u0259 pe\u015f\u0259-\u0259m\u0259k reabilitasiyas\u0131n\u0131 t\u0259min ed\u0259c\u0259k.<\/p>\n","protected":false},"excerpt":{"rendered":"<p>ARANTV.AZ x\u0259b\u0259r verir ki, beyn\u0259lxalq t\u0259\u015fkilatlarla \u0259m\u0259kda\u015fl\u0131q \u00e7\u0259r\u00e7iv\u0259sind\u0259 g\u0259l\u0259n il daha 500\u00a0 n\u0259f\u0259r sa\u011flaml\u0131q imkanlar\u0131 m\u0259hdud \u015f\u0259xs \u00f6z\u00fcn\u0259m\u0259\u015f\u011fulluq proqram\u0131na c\u0259lb edil\u0259c\u0259k. Bununla ba\u011fl\u0131 Az\u0259rbaycan H\u00f6kum\u0259ti il\u0259 Birl\u0259\u015fmi\u015f Mill\u0259tl\u0259r T\u0259\u015fkilat\u0131n\u0131n \u0130nki\u015faf Proqram\u0131 aras\u0131nda \u201c\u018fhalinin sosial c\u0259h\u0259td\u0259n h\u0259ssas qruplar\u0131 \u00fc\u00e7\u00fcn inkl\u00fcziv v\u0259 layiqli i\u015f yerl\u0259rinin yarad\u0131lmas\u0131\u201d texniki yard\u0131m layih\u0259si imzalan\u0131b. Yola sald\u0131\u011fm\u0131z il \u0259rzind\u0259 7 min 500 n\u0259f\u0259r \u00f6z\u00fcn\u0259m\u0259\u015f\u011fulluq proqram\u0131na c\u0259lb edilib. Bu proqram \u00e7\u0259r\u00e7iv\u0259sind\u0259 h\u0259yata ke\u00e7iril\u0131\u0259n layih\u0259l\u0259r\u0259 d\u00f6vl\u0259t b\u00fcdc\u0259sind\u0259n 35 milyon manat v\u0259sait\u00a0 x\u0259rcl\u0259nib.\u00a0 El\u0259c\u0259d\u0259, 100- d\u0259n \u00e7ox sa\u011flaml\u0131q imkanlar\u0131 m\u0259hdud olan \u015f\u0259xs \u018fm\u0259k v\u0259 \u018fhalinin Sosial M\u00fcdafi\u0259si Nazirl\u0131iyi il\u0259 Heyd\u0259r&hellip;<\/p>\n","protected":false},"author":2,"featured_media":28517,"comment_status":"closed","ping_status":"closed","sticky":false,"template":"","format":"standard","meta":{"om_disable_all_campaigns":false,"_monsterinsights_skip_tracking":false,"_monsterinsights_sitenote_active":false,"_monsterinsights_sitenote_note":"","_monsterinsights_sitenote_category":0},"categories":[1],"tags":[],"aioseo_notices":[],"gutentor_comment":0,"rttpg_featured_image_url":{"full":["https:\/\/arantv.az\/wp-content\/uploads\/2018\/12\/69oa87cp7q8d3jpd9hg3saju76bmt.jpg",1000,666,false],"landscape":["https:\/\/arantv.az\/wp-content\/uploads\/2018\/12\/69oa87cp7q8d3jpd9hg3saju76bmt.jpg",1000,666,false],"portraits":["https:\/\/arantv.az\/wp-content\/uploads\/2018\/12\/69oa87cp7q8d3jpd9hg3saju76bmt.jpg",1000,666,false],"thumbnail":["https:\/\/arantv.az\/wp-content\/uploads\/2018\/12\/69oa87cp7q8d3jpd9hg3saju76bmt-150x150.jpg",150,150,true],"medium":["https:\/\/arantv.az\/wp-content\/uploads\/2018\/12\/69oa87cp7q8d3jpd9hg3saju76bmt-300x200.jpg",300,200,true],"large":["https:\/\/arantv.az\/wp-content\/uploads\/2018\/12\/69oa87cp7q8d3jpd9hg3saju76bmt.jpg",640,426,false],"1536x1536":["https:\/\/arantv.az\/wp-content\/uploads\/2018\/12\/69oa87cp7q8d3jpd9hg3saju76bmt.jpg",1000,666,false],"2048x2048":["https:\/\/arantv.az\/wp-content\/uploads\/2018\/12\/69oa87cp7q8d3jpd9hg3saju76bmt.jpg",1000,666,false],"post-thumbnail":["https:\/\/arantv.az\/wp-content\/uploads\/2018\/12\/69oa87cp7q8d3jpd9hg3saju76bmt-240x172.jpg",240,172,true],"advps-thumb-one":["https:\/\/arantv.az\/wp-content\/uploads\/2018\/12\/69oa87cp7q8d3jpd9hg3saju76bmt-1000x620.jpg",1000,620,true]},"rttpg_author":{"display_name":"V\u00fcsal Rafiqo\u011flu","author_link":"https:\/\/arantv.az\/?author=2"},"rttpg_comment":0,"rttpg_category":"<a href=\"https:\/\/arantv.az\/?cat=1\" rel=\"category\">C\u0259miyy\u0259t<\/a>","rttpg_excerpt":"ARANTV.AZ x\u0259b\u0259r verir ki, beyn\u0259lxalq t\u0259\u015fkilatlarla \u0259m\u0259kda\u015fl\u0131q \u00e7\u0259r\u00e7iv\u0259sind\u0259 g\u0259l\u0259n il daha 500\u00a0 n\u0259f\u0259r sa\u011flaml\u0131q imkanlar\u0131 m\u0259hdud \u015f\u0259xs \u00f6z\u00fcn\u0259m\u0259\u015f\u011fulluq proqram\u0131na c\u0259lb edil\u0259c\u0259k. Bununla ba\u011fl\u0131 Az\u0259rbaycan H\u00f6kum\u0259ti il\u0259 Birl\u0259\u015fmi\u015f Mill\u0259tl\u0259r T\u0259\u015fkilat\u0131n\u0131n \u0130nki\u015faf Proqram\u0131 aras\u0131nda \u201c\u018fhalinin sosial c\u0259h\u0259td\u0259n h\u0259ssas qruplar\u0131 \u00fc\u00e7\u00fcn inkl\u00fcziv v\u0259 layiqli i\u015f yerl\u0259rinin yarad\u0131lmas\u0131\u201d texniki yard\u0131m layih\u0259si imzalan\u0131b. Yola sald\u0131\u011fm\u0131z il \u0259rzind\u0259 7 min 500&hellip;","_links":{"self":[{"href":"https:\/\/arantv.az\/index.php?rest_route=\/wp\/v2\/posts\/28516"}],"collection":[{"href":"https:\/\/arantv.az\/index.php?rest_route=\/wp\/v2\/posts"}],"about":[{"href":"https:\/\/arantv.az\/index.php?rest_route=\/wp\/v2\/types\/post"}],"author":[{"embeddable":true,"href":"https:\/\/arantv.az\/index.php?rest_route=\/wp\/v2\/users\/2"}],"replies":[{"embeddable":true,"href":"https:\/\/arantv.az\/index.php?rest_route=%2Fwp%2Fv2%2Fcomments&post=28516"}],"version-history":[{"count":0,"href":"https:\/\/arantv.az\/index.php?rest_route=\/wp\/v2\/posts\/28516\/revisions"}],"wp:featuredmedia":[{"embeddable":true,"href":"https:\/\/arantv.az\/index.php?rest_route=\/wp\/v2\/media\/28517"}],"wp:attachment":[{"href":"https:\/\/arantv.az\/index.php?rest_route=%2Fwp%2Fv2%2Fmedia&parent=28516"}],"wp:term":[{"taxonomy":"category","embeddable":true,"href":"https:\/\/arantv.az\/index.php?rest_route=%2Fwp%2Fv2%2Fcategories&post=28516"},{"taxonomy":"post_tag","embeddable":true,"href":"https:\/\/arantv.az\/index.php?rest_route=%2Fwp%2Fv2%2Ftags&post=28516"}],"curies":[{"name":"wp","href":"https:\/\/api.w.org\/{rel}","templated":true}]}}