{"id":285162,"date":"2021-02-03T09:56:06","date_gmt":"2021-02-03T06:56:06","guid":{"rendered":"http:\/\/arantv.az\/?p=285162"},"modified":"2021-02-03T09:56:06","modified_gmt":"2021-02-03T06:56:06","slug":"m%c9%99h%c9%99bb%c9%99t-v%c9%99liyeva-hicab-taxdigina-gor%c9%99-v%c9%99zif%c9%99sind%c9%99n-gedib","status":"publish","type":"post","link":"https:\/\/arantv.az\/?p=285162","title":{"rendered":"M\u0259h\u0259bb\u0259t V\u0259liyeva hicab taxd\u0131\u011f\u0131na g\u00f6r\u0259 v\u0259zif\u0259sind\u0259n gedib?"},"content":{"rendered":"<p><strong>T\u0259hsil nazirinin m\u00fcavini v\u0259zif\u0259sind\u0259n azad edilmi\u015f M\u0259h\u0259bb\u0259t V\u0259liyeva bar\u0259sind\u0259 maraql\u0131 iddialar s\u0259sl\u0259nm\u0259kd\u0259dir. T\u0259hsil Nazirliyi xan\u0131m nazir m\u00fcavininin s\u0259hh\u0259tind\u0259 problem oldu\u011funu v\u0259 \u00f6z \u0259riz\u0259si il\u0259 i\u015fd\u0259n getdiyini a\u00e7\u0131qlasa da, sosial \u015f\u0259b\u0259k\u0259d\u0259 ba\u015fqa versiyalar v\u0259 m\u00fclahiz\u0259l\u0259r ir\u0259li s\u00fcr\u00fclm\u0259kd\u0259dir.<\/strong><\/p>\n<p><strong>ARANTV.AZ<\/strong>\u00a0 &#8220;Yeni M\u00fcsavat&#8221;a istinad\u0259n x\u0259b\u0259r verir ki, M.V\u0259liyevan\u0131n hicab taxd\u0131\u011f\u0131 \u00fc\u00e7\u00fcn nazirlikd\u0259n getm\u0259li oldu\u011fu iddia edilir. Sosial media istifad\u0259\u00e7il\u0259ri yaz\u0131rlar ki, i\u015f\u0259 hicab taxaraq gedib-g\u0259lm\u0259si birm\u0259nal\u0131 qar\u015f\u0131lanmay\u0131b, nazirlikl\u0259 yollar\u0131n\u0131 ay\u0131rmal\u0131 olub.<\/p>\n<p>Nazirlikd\u0259n bildirilib ki, M.V\u0259liyeva 2020-ci ilin dekabr\u0131n 25-d\u0259 \u00f6z \u0259riz\u0259sin\u0259 \u0259sas\u0259n, s\u0259hh\u0259ti il\u0259 ba\u011fl\u0131 tutdu\u011fu v\u0259zif\u0259d\u0259n azad edilib.<\/p>\n<p>M. V\u0259liyevan\u0131n \u00f6z\u00fc is\u0259 modern.az-a a\u00e7\u0131qlamas\u0131nda s\u0259hh\u0259tind\u0259 problem oldu\u011funa dair he\u00e7 n\u0259 dem\u0259yib: &#8220;M\u0259nim v\u0259zif\u0259d\u0259n getm\u0259yiml\u0259 ba\u011fl\u0131 nazirlik t\u0259r\u0259find\u0259n n\u0259 a\u00e7\u0131qlama verilibs\u0259, m\u0259tbuatda n\u0259 yaz\u0131l\u0131bsa, bu\u00a0kifay\u0259tdir. H\u0259min a\u00e7\u0131qlaman\u0131 ver\u0259rk\u0259n m\u0259nd\u0259n soru\u015fub haz\u0131rlay\u0131blar. Buna hans\u0131sa \u0259lav\u0259m yoxdur&#8221;.<\/p>\n<p>Bundan sonra hans\u0131 sah\u0259d\u0259 f\u0259aliyy\u0259t g\u00f6st\u0259r\u0259c\u0259yin\u0259 g\u0259linc\u0259, M.V\u0259liyeva h\u0259r \u015feyi zaman\u0131n ixtiyar\u0131na buraxd\u0131\u011f\u0131n\u0131 deyib. Sabiq m\u00fcavin sosial \u015f\u0259b\u0259k\u0259l\u0259rd\u0259 hicaba ke\u00e7m\u0259si il\u0259 ba\u011fl\u0131 yay\u0131lan m\u0259lumat\u0131 \u015f\u0259rh etm\u0259yib.<\/p>\n<p>T\u0259hsil eksperti Kamran \u018fs\u0259dov onun i\u015fd\u0259n \u00e7\u0131xmas\u0131 haqda m\u0259tbuatda v\u0259 sosial mediada yay\u0131lan m\u00fcxt\u0259lif, ziddiyy\u0259tli m\u0259lumatlardan x\u0259b\u0259rdar oldu\u011funu bildirib:<\/p>\n<div>\n<div id=\"AdviadNativeVideo0\" class=\"AdviadNativeVideo\"><\/div>\n<\/div>\n<p>&#8220;Diqq\u0259t\u00e7\u0259k\u0259n m\u0259qam onun hicab ba\u011flamas\u0131 haqda iddialard\u0131r. Qanunvericilik bu m\u0259s\u0259l\u0259d\u0259 m\u0259hdudiyy\u0259t n\u0259z\u0259rd\u0259 tutmur, sad\u0259c\u0259, Az\u0259rbaycan d\u00fcny\u0259vi d\u00f6vl\u0259tdir, t\u00f6vsiy\u0259 olunmaya bil\u0259r. Amma d\u00fc\u015f\u00fcnm\u00fcr\u0259m ki, onun i\u015fd\u0259n \u00e7\u0131xmas\u0131, yaxud \u00e7\u0131xar\u0131lmas\u0131 hicab ba\u011flamas\u0131na g\u00f6r\u0259dir. Bildiyim q\u0259d\u0259r v\u0259zif\u0259sind\u0259n getm\u0259si s\u0259hh\u0259ti il\u0259 \u0259laq\u0259dar olub. H\u0259r k\u0259sin vicdan azadl\u0131\u011f\u0131 var. Yen\u0259 yax\u0131nlar\u0131 daha yax\u015f\u0131 bil\u0259r, bildiyim q\u0259d\u0259r ciddi bir x\u0259st\u0259likd\u0259n \u0259ziyy\u0259t \u00e7\u0259kir&#8221;.<\/p>\n<p>Qeyd ed\u0259k ki, M.V\u0259liyeva 2018-ci ilin iyununda t\u0259hsil nazirinin m\u00fcavini t\u0259yin edilmi\u015fdi. 28 dekabr 2015-ci il tarixd\u0259n h\u0259min t\u0259yinatad\u0259k is\u0259 Bak\u0131 \u015e\u0259h\u0259ri \u00fczr\u0259 T\u0259hsil \u0130dar\u0259sinin m\u00fcdiri v\u0259zif\u0259sind\u0259 \u00e7al\u0131\u015fm\u0131\u015fd\u0131.<\/p>\n","protected":false},"excerpt":{"rendered":"<p>T\u0259hsil nazirinin m\u00fcavini v\u0259zif\u0259sind\u0259n azad edilmi\u015f M\u0259h\u0259bb\u0259t V\u0259liyeva bar\u0259sind\u0259 maraql\u0131 iddialar s\u0259sl\u0259nm\u0259kd\u0259dir. T\u0259hsil Nazirliyi xan\u0131m nazir m\u00fcavininin s\u0259hh\u0259tind\u0259 problem oldu\u011funu v\u0259 \u00f6z \u0259riz\u0259si il\u0259 i\u015fd\u0259n getdiyini a\u00e7\u0131qlasa da, sosial \u015f\u0259b\u0259k\u0259d\u0259 ba\u015fqa versiyalar v\u0259 m\u00fclahiz\u0259l\u0259r ir\u0259li s\u00fcr\u00fclm\u0259kd\u0259dir. ARANTV.AZ\u00a0 &#8220;Yeni M\u00fcsavat&#8221;a istinad\u0259n x\u0259b\u0259r verir ki, M.V\u0259liyevan\u0131n hicab taxd\u0131\u011f\u0131 \u00fc\u00e7\u00fcn nazirlikd\u0259n getm\u0259li oldu\u011fu iddia edilir. Sosial media istifad\u0259\u00e7il\u0259ri yaz\u0131rlar ki, i\u015f\u0259 hicab taxaraq gedib-g\u0259lm\u0259si birm\u0259nal\u0131 qar\u015f\u0131lanmay\u0131b, nazirlikl\u0259 yollar\u0131n\u0131 ay\u0131rmal\u0131 olub. Nazirlikd\u0259n bildirilib ki, M.V\u0259liyeva 2020-ci ilin dekabr\u0131n 25-d\u0259 \u00f6z \u0259riz\u0259sin\u0259 \u0259sas\u0259n, s\u0259hh\u0259ti il\u0259 ba\u011fl\u0131 tutdu\u011fu v\u0259zif\u0259d\u0259n azad edilib. M. V\u0259liyevan\u0131n \u00f6z\u00fc is\u0259 modern.az-a&hellip;<\/p>\n","protected":false},"author":2,"featured_media":285163,"comment_status":"closed","ping_status":"closed","sticky":false,"template":"","format":"standard","meta":{"om_disable_all_campaigns":false,"_monsterinsights_skip_tracking":false,"_monsterinsights_sitenote_active":false,"_monsterinsights_sitenote_note":"","_monsterinsights_sitenote_category":0},"categories":[26],"tags":[],"aioseo_notices":[],"gutentor_comment":0,"rttpg_featured_image_url":{"full":["https:\/\/arantv.az\/wp-content\/uploads\/2021\/02\/919149.jpg",800,600,false],"landscape":["https:\/\/arantv.az\/wp-content\/uploads\/2021\/02\/919149.jpg",800,600,false],"portraits":["https:\/\/arantv.az\/wp-content\/uploads\/2021\/02\/919149.jpg",800,600,false],"thumbnail":["https:\/\/arantv.az\/wp-content\/uploads\/2021\/02\/919149-150x150.jpg",150,150,true],"medium":["https:\/\/arantv.az\/wp-content\/uploads\/2021\/02\/919149-300x225.jpg",300,225,true],"large":["https:\/\/arantv.az\/wp-content\/uploads\/2021\/02\/919149.jpg",640,480,false],"1536x1536":["https:\/\/arantv.az\/wp-content\/uploads\/2021\/02\/919149.jpg",800,600,false],"2048x2048":["https:\/\/arantv.az\/wp-content\/uploads\/2021\/02\/919149.jpg",800,600,false],"post-thumbnail":["https:\/\/arantv.az\/wp-content\/uploads\/2021\/02\/919149-240x172.jpg",240,172,true],"advps-thumb-one":["https:\/\/arantv.az\/wp-content\/uploads\/2021\/02\/919149.jpg",800,600,false]},"rttpg_author":{"display_name":"V\u00fcsal Rafiqo\u011flu","author_link":"https:\/\/arantv.az\/?author=2"},"rttpg_comment":0,"rttpg_category":"<a href=\"https:\/\/arantv.az\/?cat=26\" rel=\"category\">Sosial<\/a>","rttpg_excerpt":"T\u0259hsil nazirinin m\u00fcavini v\u0259zif\u0259sind\u0259n azad edilmi\u015f M\u0259h\u0259bb\u0259t V\u0259liyeva bar\u0259sind\u0259 maraql\u0131 iddialar s\u0259sl\u0259nm\u0259kd\u0259dir. T\u0259hsil Nazirliyi xan\u0131m nazir m\u00fcavininin s\u0259hh\u0259tind\u0259 problem oldu\u011funu v\u0259 \u00f6z \u0259riz\u0259si il\u0259 i\u015fd\u0259n getdiyini a\u00e7\u0131qlasa da, sosial \u015f\u0259b\u0259k\u0259d\u0259 ba\u015fqa versiyalar v\u0259 m\u00fclahiz\u0259l\u0259r ir\u0259li s\u00fcr\u00fclm\u0259kd\u0259dir. ARANTV.AZ\u00a0 &#8220;Yeni M\u00fcsavat&#8221;a istinad\u0259n x\u0259b\u0259r verir ki, M.V\u0259liyevan\u0131n hicab taxd\u0131\u011f\u0131 \u00fc\u00e7\u00fcn nazirlikd\u0259n getm\u0259li oldu\u011fu iddia edilir. Sosial media istifad\u0259\u00e7il\u0259ri&hellip;","_links":{"self":[{"href":"https:\/\/arantv.az\/index.php?rest_route=\/wp\/v2\/posts\/285162"}],"collection":[{"href":"https:\/\/arantv.az\/index.php?rest_route=\/wp\/v2\/posts"}],"about":[{"href":"https:\/\/arantv.az\/index.php?rest_route=\/wp\/v2\/types\/post"}],"author":[{"embeddable":true,"href":"https:\/\/arantv.az\/index.php?rest_route=\/wp\/v2\/users\/2"}],"replies":[{"embeddable":true,"href":"https:\/\/arantv.az\/index.php?rest_route=%2Fwp%2Fv2%2Fcomments&post=285162"}],"version-history":[{"count":0,"href":"https:\/\/arantv.az\/index.php?rest_route=\/wp\/v2\/posts\/285162\/revisions"}],"wp:featuredmedia":[{"embeddable":true,"href":"https:\/\/arantv.az\/index.php?rest_route=\/wp\/v2\/media\/285163"}],"wp:attachment":[{"href":"https:\/\/arantv.az\/index.php?rest_route=%2Fwp%2Fv2%2Fmedia&parent=285162"}],"wp:term":[{"taxonomy":"category","embeddable":true,"href":"https:\/\/arantv.az\/index.php?rest_route=%2Fwp%2Fv2%2Fcategories&post=285162"},{"taxonomy":"post_tag","embeddable":true,"href":"https:\/\/arantv.az\/index.php?rest_route=%2Fwp%2Fv2%2Ftags&post=285162"}],"curies":[{"name":"wp","href":"https:\/\/api.w.org\/{rel}","templated":true}]}}