{"id":285170,"date":"2021-02-03T09:57:26","date_gmt":"2021-02-03T06:57:26","guid":{"rendered":"http:\/\/arantv.az\/?p=285170"},"modified":"2021-02-03T09:57:26","modified_gmt":"2021-02-03T06:57:26","slug":"los-ancelesd%c9%99-njde-v%c9%99-erm%c9%99nistanda-fasizm-haqqinda-film-c%c9%99kildi-video","status":"publish","type":"post","link":"https:\/\/arantv.az\/?p=285170","title":{"rendered":"Los Ancelesd\u0259 Njde v\u0259 Erm\u0259nistanda fa\u015fizm haqq\u0131nda film \u00e7\u0259kildi &#8211; V\u0130DEO"},"content":{"rendered":"<article class=\"news\">\n<div class=\"news-inner\">\n<p>\u0130kinci D\u00fcnya m\u00fcharib\u0259si ill\u0259rind\u0259 Hitler Almaniyas\u0131 il\u0259 \u0259m\u0259kda\u015fl\u0131q etmi\u015f erm\u0259ni \u0259silli fa\u015fist Qaregin Njde v\u0259 bu g\u00fcn Erm\u0259nistanda fa\u015fizmin q\u0259hr\u0259manla\u015fd\u0131r\u0131lmas\u0131 siyas\u0259ti haqda Az\u0259rbaycan\u0131n Los Ancelesd\u0259ki Ba\u015f Konsullu\u011fu t\u0259r\u0259find\u0259n ingilis dilind\u0259 q\u0131sa film haz\u0131rlan\u0131b.<\/p>\n<p>Bu bar\u0259d\u0259 Az\u0259rbaycan Respublikas\u0131n\u0131n Los Ancelesd\u0259ki Ba\u015f Konsullu\u011fu x\u0259b\u0259r yay\u0131b.<\/p>\n<p>Filmd\u0259\u00a0bu yax\u0131nlarda AB\u015e-\u0131n n\u00fcfuzlu y\u0259hudi q\u0259zeti olan \u201cForward\u201d t\u0259r\u0259find\u0259n d\u00fcnyan\u0131n m\u00fcxt\u0259lif yerl\u0259rind\u0259 h\u0259l\u0259 d\u0259 m\u00f6vcud olan, vaxtil\u0259 fa\u015fist Almaniyas\u0131 il\u0259 \u0259m\u0259kda\u015fl\u0131q etmi\u015f, Holokost zaman\u0131 y\u0259hudil\u0259ri\u00a0\u00f6ld\u00fcr\u0259n v\u0259 ya buna k\u00f6m\u0259k etmi\u015f \u015f\u0259xsl\u0259r\u0259 qoyulan abid\u0259l\u0259r il\u0259 ba\u011fl\u0131 ilk d\u0259f\u0259 geni\u015f ara\u015fd\u0131rma apar\u0131ld\u0131\u011f\u0131 qeyd olunur. Bildirilir ki, m\u0259hz \u201cForward\u201d q\u0259zetinin ara\u015fd\u0131rmas\u0131na g\u00f6r\u0259 h\u0259min fa\u015fist abid\u0259l\u0259rind\u0259n 22-si haz\u0131rda Erm\u0259nistandad\u0131r v\u0259 onlar\u0131n ham\u0131s\u0131 Qaregin Njdey\u0259 h\u0259sr olunub.<\/p>\n<div id=\"AdviadNativeVideo0\" class=\"AdviadNativeVideo\"><\/div>\n<p>Haz\u0131rda Erm\u0259nistan\u0131n fa\u015fist abid\u0259l\u0259rinin say\u0131na g\u00f6r\u0259 d\u00fcnyada \u0259n \u00f6nd\u0259 ged\u0259n d\u00f6vl\u0259tl\u0259rd\u0259n oldu\u011fu v\u0259 bu g\u00fcn Erm\u0259nistanda Qaregin Njdey\u0259 h\u0259sr olunmu\u015f memorial abid\u0259l\u0259rin, heyk\u0259ll\u0259rin, k\u00fc\u00e7\u0259l\u0259rin, k\u0259nd v\u0259 meydanlar\u0131n m\u00f6vcudlu\u011fu diqq\u0259t\u0259 \u00e7atd\u0131r\u0131l\u0131r. Vur\u011fulan\u0131r ki, 1942-ci ild\u0259 fa\u015fist Almaniyas\u0131 t\u0259r\u0259find\u0259n yarad\u0131lm\u0131\u015f Vermaxt\u0131n Erm\u0259ni Legionuna r\u0259hb\u0259rlik etmi\u015f Qaregin Njde h\u0259l\u0259 d\u0259 Erm\u0259nistan v\u0259 onun diasporu t\u0259r\u0259find\u0259n milli q\u0259hr\u0259man hesab olunur. H\u0259min Erm\u0259ni Legionunun Kr\u0131m, Pol\u015fa, Fransa v\u0259 Qafqazda Almaniya \u00fc\u00e7\u00fcn d\u00f6y\u00fc\u015fd\u00fcy\u00fc v\u0259 h\u0259min \u0259razil\u0259rd\u0259n fa\u015fistl\u0259rin y\u0259hudil\u0259ri toplayaraq \u00f6l\u00fcm d\u00fc\u015f\u0259rg\u0259l\u0259rin\u0259 g\u00f6nd\u0259rdiyi bildirilir.<\/p>\n<p>Fa\u015fist Almaniyas\u0131 il\u0259 \u0259m\u0259kda\u015fl\u0131\u011f\u0131na g\u00f6r\u0259 25 il h\u0259bs c\u0259zas\u0131na m\u0259hkum edilmi\u015f Qaregin Njdey\u0259 2016-c\u0131 ild\u0259 \u0130r\u0259van \u015f\u0259h\u0259rind\u0259 Serj Sarqsyan v\u0259 dig\u0259r Erm\u0259nistan r\u0259smil\u0259rinin i\u015ftirak\u0131 il\u0259 heyk\u0259l ucald\u0131ld\u0131\u011f\u0131 diqq\u0259t\u0259 \u00e7atd\u0131r\u0131l\u0131r. H\u0259m\u00e7inin vur\u011fulan\u0131r ki, \u0130r\u0259vanda Njdenin ad\u0131n\u0131 da\u015f\u0131yan meydan v\u0259 metro stransiyas\u0131 m\u00f6vcuddur v\u0259 d\u00f6vl\u0259t sifari\u015fi il\u0259 bu fa\u015fist c\u0259llad\u0131n\u0131 q\u0259hr\u0259manla\u015fd\u0131ran filml\u0259r \u00e7\u0259kilir.\u00a0 Anti-Difamasiya Liqas\u0131n\u0131n sor\u011fusuna istinad edil\u0259r\u0259k, Erm\u0259nistan\u0131n antisemitizm s\u0259viyy\u0259sin\u0259 g\u00f6r\u0259 Avropada ikinci yer tutdu\u011fu filmd\u0259 qeyd olunur.<\/p>\n<p>Qaregin Njdenin radikal Erm\u0259ni \u0130nqilab\u00e7\u0131 Federasiyas\u0131n\u0131n (Da\u015fnaktsutyun) r\u0259hb\u0259rl\u0259rind\u0259n oldu\u011fu v\u0259 1933-c\u00fc ild\u0259 AB\u015e-\u0131n Boston \u015f\u0259h\u0259rind\u0259 irq\u00e7i da\u015fnak h\u0259r\u0259kat\u0131 olan Tse\u011fakronizm h\u0259r\u0259kat\u0131n\u0131 t\u0259sis etdiyi bildiril\u0259r\u0259k, bu h\u0259r\u0259kat\u0131n nasistl\u0259rin ari irqinin \u00fcst\u00fcnl\u00fcy\u00fc n\u0259z\u0259riyy\u0259l\u0259rini \u0259ks etdirdiyi vur\u011fulan\u0131r.<\/p>\n<p>Qeyd olunur ki, o zaman Hitler v\u0259 Holokostu d\u0259st\u0259kl\u0259y\u0259n da\u015fnaklar bu g\u00fcn d\u0259 AB\u015e-da f\u0259ald\u0131rlar. Da\u015fnaklar\u0131n lobbi\u00e7i qanad\u0131 olan ANCA t\u0259\u015fkilat\u0131 AB\u015e Konqresind\u0259 haz\u0131rda \u0259sas erm\u0259ni lobbi t\u0259\u015fkilat\u0131d\u0131r.<\/p>\n<div><iframe loading=\"lazy\" src=\"https:\/\/www.youtube.com\/embed\/sa6cW31gZs4\" width=\"560\" height=\"315\" frameborder=\"0\" allowfullscreen=\"allowfullscreen\" data-mce-fragment=\"1\"><\/iframe><\/div>\n<\/div>\n<\/article>\n<h2 class=\"news-share-title\"><\/h2>\n","protected":false},"excerpt":{"rendered":"<p>\u0130kinci D\u00fcnya m\u00fcharib\u0259si ill\u0259rind\u0259 Hitler Almaniyas\u0131 il\u0259 \u0259m\u0259kda\u015fl\u0131q etmi\u015f erm\u0259ni \u0259silli fa\u015fist Qaregin Njde v\u0259 bu g\u00fcn Erm\u0259nistanda fa\u015fizmin q\u0259hr\u0259manla\u015fd\u0131r\u0131lmas\u0131 siyas\u0259ti haqda Az\u0259rbaycan\u0131n Los Ancelesd\u0259ki Ba\u015f Konsullu\u011fu t\u0259r\u0259find\u0259n ingilis dilind\u0259 q\u0131sa film haz\u0131rlan\u0131b. Bu bar\u0259d\u0259 Az\u0259rbaycan Respublikas\u0131n\u0131n Los Ancelesd\u0259ki Ba\u015f Konsullu\u011fu x\u0259b\u0259r yay\u0131b. Filmd\u0259\u00a0bu yax\u0131nlarda AB\u015e-\u0131n n\u00fcfuzlu y\u0259hudi q\u0259zeti olan \u201cForward\u201d t\u0259r\u0259find\u0259n d\u00fcnyan\u0131n m\u00fcxt\u0259lif yerl\u0259rind\u0259 h\u0259l\u0259 d\u0259 m\u00f6vcud olan, vaxtil\u0259 fa\u015fist Almaniyas\u0131 il\u0259 \u0259m\u0259kda\u015fl\u0131q etmi\u015f, Holokost zaman\u0131 y\u0259hudil\u0259ri\u00a0\u00f6ld\u00fcr\u0259n v\u0259 ya buna k\u00f6m\u0259k etmi\u015f \u015f\u0259xsl\u0259r\u0259 qoyulan abid\u0259l\u0259r il\u0259 ba\u011fl\u0131 ilk d\u0259f\u0259 geni\u015f ara\u015fd\u0131rma apar\u0131ld\u0131\u011f\u0131 qeyd olunur. Bildirilir ki, m\u0259hz \u201cForward\u201d q\u0259zetinin&hellip;<\/p>\n","protected":false},"author":2,"featured_media":285171,"comment_status":"closed","ping_status":"closed","sticky":false,"template":"","format":"standard","meta":{"om_disable_all_campaigns":false,"_monsterinsights_skip_tracking":false,"_monsterinsights_sitenote_active":false,"_monsterinsights_sitenote_note":"","_monsterinsights_sitenote_category":0},"categories":[7],"tags":[],"aioseo_notices":[],"gutentor_comment":0,"rttpg_featured_image_url":{"full":["https:\/\/arantv.az\/wp-content\/uploads\/2021\/02\/FotoJet-1-2.jpg",620,362,false],"landscape":["https:\/\/arantv.az\/wp-content\/uploads\/2021\/02\/FotoJet-1-2.jpg",620,362,false],"portraits":["https:\/\/arantv.az\/wp-content\/uploads\/2021\/02\/FotoJet-1-2.jpg",620,362,false],"thumbnail":["https:\/\/arantv.az\/wp-content\/uploads\/2021\/02\/FotoJet-1-2-150x150.jpg",150,150,true],"medium":["https:\/\/arantv.az\/wp-content\/uploads\/2021\/02\/FotoJet-1-2-300x175.jpg",300,175,true],"large":["https:\/\/arantv.az\/wp-content\/uploads\/2021\/02\/FotoJet-1-2.jpg",620,362,false],"1536x1536":["https:\/\/arantv.az\/wp-content\/uploads\/2021\/02\/FotoJet-1-2.jpg",620,362,false],"2048x2048":["https:\/\/arantv.az\/wp-content\/uploads\/2021\/02\/FotoJet-1-2.jpg",620,362,false],"post-thumbnail":["https:\/\/arantv.az\/wp-content\/uploads\/2021\/02\/FotoJet-1-2-240x172.jpg",240,172,true],"advps-thumb-one":["https:\/\/arantv.az\/wp-content\/uploads\/2021\/02\/FotoJet-1-2.jpg",620,362,false]},"rttpg_author":{"display_name":"V\u00fcsal Rafiqo\u011flu","author_link":"https:\/\/arantv.az\/?author=2"},"rttpg_comment":0,"rttpg_category":"<a href=\"https:\/\/arantv.az\/?cat=7\" rel=\"category\">D\u00fcnya<\/a>","rttpg_excerpt":"\u0130kinci D\u00fcnya m\u00fcharib\u0259si ill\u0259rind\u0259 Hitler Almaniyas\u0131 il\u0259 \u0259m\u0259kda\u015fl\u0131q etmi\u015f erm\u0259ni \u0259silli fa\u015fist Qaregin Njde v\u0259 bu g\u00fcn Erm\u0259nistanda fa\u015fizmin q\u0259hr\u0259manla\u015fd\u0131r\u0131lmas\u0131 siyas\u0259ti haqda Az\u0259rbaycan\u0131n Los Ancelesd\u0259ki Ba\u015f Konsullu\u011fu t\u0259r\u0259find\u0259n ingilis dilind\u0259 q\u0131sa film haz\u0131rlan\u0131b. Bu bar\u0259d\u0259 Az\u0259rbaycan Respublikas\u0131n\u0131n Los Ancelesd\u0259ki Ba\u015f Konsullu\u011fu x\u0259b\u0259r yay\u0131b. Filmd\u0259\u00a0bu yax\u0131nlarda AB\u015e-\u0131n n\u00fcfuzlu y\u0259hudi q\u0259zeti olan \u201cForward\u201d t\u0259r\u0259find\u0259n d\u00fcnyan\u0131n m\u00fcxt\u0259lif yerl\u0259rind\u0259&hellip;","_links":{"self":[{"href":"https:\/\/arantv.az\/index.php?rest_route=\/wp\/v2\/posts\/285170"}],"collection":[{"href":"https:\/\/arantv.az\/index.php?rest_route=\/wp\/v2\/posts"}],"about":[{"href":"https:\/\/arantv.az\/index.php?rest_route=\/wp\/v2\/types\/post"}],"author":[{"embeddable":true,"href":"https:\/\/arantv.az\/index.php?rest_route=\/wp\/v2\/users\/2"}],"replies":[{"embeddable":true,"href":"https:\/\/arantv.az\/index.php?rest_route=%2Fwp%2Fv2%2Fcomments&post=285170"}],"version-history":[{"count":0,"href":"https:\/\/arantv.az\/index.php?rest_route=\/wp\/v2\/posts\/285170\/revisions"}],"wp:featuredmedia":[{"embeddable":true,"href":"https:\/\/arantv.az\/index.php?rest_route=\/wp\/v2\/media\/285171"}],"wp:attachment":[{"href":"https:\/\/arantv.az\/index.php?rest_route=%2Fwp%2Fv2%2Fmedia&parent=285170"}],"wp:term":[{"taxonomy":"category","embeddable":true,"href":"https:\/\/arantv.az\/index.php?rest_route=%2Fwp%2Fv2%2Fcategories&post=285170"},{"taxonomy":"post_tag","embeddable":true,"href":"https:\/\/arantv.az\/index.php?rest_route=%2Fwp%2Fv2%2Ftags&post=285170"}],"curies":[{"name":"wp","href":"https:\/\/api.w.org\/{rel}","templated":true}]}}