{"id":285182,"date":"2021-02-03T10:51:03","date_gmt":"2021-02-03T07:51:03","guid":{"rendered":"http:\/\/arantv.az\/?p=285182"},"modified":"2021-02-03T10:51:03","modified_gmt":"2021-02-03T07:51:03","slug":"dusm%c9%99nin-qoruxulu-kabusuna-cevril%c9%99n-v%c9%99t%c9%99n-muharib%c9%99si-q%c9%99hr%c9%99mani-video","status":"publish","type":"post","link":"https:\/\/arantv.az\/?p=285182","title":{"rendered":"D\u00fc\u015fm\u0259nin qoruxulu kabusuna \u00e7evril\u0259n V\u0259t\u0259n m\u00fcharib\u0259si q\u0259hr\u0259man\u0131 &#8211; V\u0130DEO"},"content":{"rendered":"<article class=\"news\">\n<div class=\"news-inner\">\n<p>44 g\u00fcn davam ed\u0259n V\u0259t\u0259n m\u00fcharib\u0259sind\u0259 q\u0259hr\u0259manl\u0131q g\u00f6st\u0259r\u0259r\u0259k, tariximiz\u0259 h\u0259kk olunan igidl\u0259rd\u0259n biri d\u0259 polkovnik-leytenant Orxan \u018fkb\u0259rovdur.<\/p>\n<p>\u201cReport\u201d \u015f\u0259hidin ya\u015fad\u0131\u011f\u0131 evd\u0259 olub, onun h\u0259yat yoluna n\u0259z\u0259r sal\u0131b.<\/p>\n<p>Ail\u0259si onun h\u0259l\u0259 u\u015faql\u0131qdan h\u0259rbiy\u0259 mara\u011f\u0131 oldu\u011funu bildirib. U\u015faql\u0131q, yeniyetm\u0259 v\u0259 g\u0259nclik d\u00f6vr\u00fcnd\u0259 z\u0259hm\u0259tke\u015fliyi v\u0259 h\u0259rbiy\u0259 olan sevgisi onun sonradan pe\u015f\u0259kar v\u0259 d\u00fc\u015fm\u0259nin qorxulu kabusuna \u00e7evril\u0259n h\u0259rb\u00e7i kimi yeti\u015fm\u0259sin\u0259 s\u0259b\u0259b olub.<\/p>\n<div id=\"AdviadNativeVideo0\" class=\"AdviadNativeVideo\"><\/div>\n<p>El\u0259 bu sevgi onu \u0259vv\u0259lc\u0259 Heyd\u0259r \u018fliyev ad\u0131na Az\u0259rbaycan Ali H\u0259rbi M\u0259kt\u0259bin\u0259 v\u0259 daha sonra pe\u015f\u0259kar h\u0259rb\u00e7i kimi xidm\u0259t\u0259 apar\u0131b.<\/p>\n<p>Onun anas\u0131 Sevil Abdullazad\u0259 deyib ki, Aprel d\u00f6y\u00fc\u015fl\u0259rinin tez bitm\u0259sind\u0259n gileyl\u0259n\u0259n Orxan tezlikl\u0259 m\u00fcharib\u0259nin ba\u015flamas\u0131n\u0131 v\u0259 torpaqlar\u0131m\u0131z\u0131n azad olunmas\u0131n\u0131 s\u0259birsizlikl\u0259 g\u00f6zl\u0259yib.<\/p>\n<p>\u018fkb\u0259rov Orxan Nadir o\u011flu 12 dekabr 1982-ci ild\u0259 Saatl\u0131 rayonunda anadan olub. 1989-1997-ci ill\u0259rd\u0259 Saatl\u0131 rayonu 3 sayl\u0131 orta m\u0259kt\u0259bd\u0259, 1997-1999-cu ill\u0259rd\u0259 is\u0259 Bil\u0259suvar rayonu 1 sayl\u0131 tam orta m\u0259kt\u0259bd\u0259 t\u0259hsil al\u0131b.<\/p>\n<p>O, orta m\u0259kt\u0259bi bitirdikd\u0259n sonra 2000-2004-c\u00fc ill\u0259rd\u0259 Heyd\u0259r \u018fliyev ad\u0131na Az\u0259rbaycan Ali H\u0259rbi M\u0259kt\u0259bind\u0259 t\u0259hsil al\u0131b v\u0259 2004-2005-ci ill\u0259rd\u0259 T\u0259lim T\u0259dris M\u0259rk\u0259zind\u0259 ixtisas\u0131 \u00fczr\u0259 bilik v\u0259 bacar\u0131qlar\u0131n\u0131 daha da t\u0259kmill\u0259\u015fdirib.<\/p>\n<p>2005-ci ild\u0259n Az\u0259rbaycan Ordusunda k\u0259\u015ffiyyat ta\u011f\u0131m\u0131n komandiri v\u0259zif\u0259sind\u0259, 2007-ci ild\u0259n k\u0259\u015ffiyyat b\u00f6l\u00fcy\u00fcn\u00fcn komandiri v\u0259zif\u0259sind\u0259, 2012-ci ild\u0259n b\u0259ri is\u0259 N sayl\u0131 h\u0259rbi k\u0259\u015ffiyyat b\u00f6lm\u0259sinin r\u0259isi v\u0259zif\u0259sind\u0259 i\u015fl\u0259yib.<\/p>\n<p>O, i\u015fl\u0259diyi m\u00fcdd\u0259td\u0259 xidm\u0259tl\u0259rin\u0259 g\u00f6r\u0259, \u201cQ\u00fcsursuz xidm\u0259t\u0259 g\u00f6r\u0259\u201d 3-c\u00fc d\u0259r\u0259c\u0259li medalla t\u0259ltif edilib. Q\u0259hr\u0259man zabitimiz V\u0259t\u0259n m\u00fcharib\u0259sinin ilk g\u00fcnl\u0259rind\u0259n d\u00f6y\u00fc\u015fl\u0259r\u0259 qat\u0131l\u0131b v\u0259 bir s\u0131ra u\u011furlu h\u0259rbi \u0259m\u0259liyyatlarda i\u015ftirak edib. Sonuncu d\u0259f\u0259 F\u00fczuli rayonu istiqam\u0259tind\u0259 ged\u0259n d\u00f6y\u00fc\u015fl\u0259rd\u0259 q\u0259hr\u0259manl\u0131qla vuru\u015fan Orxan \u015f\u0259hid olub v\u0259 bununla da Az\u0259rbaycan\u0131n uzun ill\u0259r i\u015f\u011fal alt\u0131nda olan torpaqlar\u0131n\u0131n azad olunmas\u0131 u\u011frunda m\u00fcq\u0259dd\u0259s missiyas\u0131n\u0131 tamamlay\u0131b.<\/p>\n<p>\u015e\u0259hid zabitimiz oktyabr\u0131n 6-da Bil\u0259suvar \u015f\u0259h\u0259r q\u0259biristanl\u0131\u011f\u0131nda d\u0259fn edilib.<\/p>\n<p>Orxan \u018fkb\u0259rov g\u00f6st\u0259rdiyi \u015f\u00fcca\u0259tl\u0259rin\u0259 g\u00f6r\u0259\u00a0Ali Ba\u015f Komandan t\u0259r\u0259find\u0259n \u00f6l\u00fcm\u00fcnd\u0259n sonra \u201cV\u0259t\u0259n M\u00fcharib\u0259si Q\u0259hr\u0259man\u0131\u201d ordeni, \u201cV\u0259t\u0259n u\u011frunda\u201d v\u0259 \u201cF\u00fczulinin azad olunmas\u0131na g\u00f6r\u0259\u201d medallar\u0131 il\u0259 t\u0259ltif edilib.<\/p>\n<p>Onun iki \u00f6vlad\u0131 yadigar qal\u0131b.<\/p>\n<div><iframe loading=\"lazy\" src=\"https:\/\/player.baku.tv\/embed\/33102\" width=\"560\" height=\"315\" frameborder=\"0\" allowfullscreen=\"allowfullscreen\" data-mce-fragment=\"1\"><\/iframe><\/div>\n<\/div>\n<\/article>\n<h2 class=\"news-share-title\"><\/h2>\n","protected":false},"excerpt":{"rendered":"<p>44 g\u00fcn davam ed\u0259n V\u0259t\u0259n m\u00fcharib\u0259sind\u0259 q\u0259hr\u0259manl\u0131q g\u00f6st\u0259r\u0259r\u0259k, tariximiz\u0259 h\u0259kk olunan igidl\u0259rd\u0259n biri d\u0259 polkovnik-leytenant Orxan \u018fkb\u0259rovdur. \u201cReport\u201d \u015f\u0259hidin ya\u015fad\u0131\u011f\u0131 evd\u0259 olub, onun h\u0259yat yoluna n\u0259z\u0259r sal\u0131b. Ail\u0259si onun h\u0259l\u0259 u\u015faql\u0131qdan h\u0259rbiy\u0259 mara\u011f\u0131 oldu\u011funu bildirib. U\u015faql\u0131q, yeniyetm\u0259 v\u0259 g\u0259nclik d\u00f6vr\u00fcnd\u0259 z\u0259hm\u0259tke\u015fliyi v\u0259 h\u0259rbiy\u0259 olan sevgisi onun sonradan pe\u015f\u0259kar v\u0259 d\u00fc\u015fm\u0259nin qorxulu kabusuna \u00e7evril\u0259n h\u0259rb\u00e7i kimi yeti\u015fm\u0259sin\u0259 s\u0259b\u0259b olub. El\u0259 bu sevgi onu \u0259vv\u0259lc\u0259 Heyd\u0259r \u018fliyev ad\u0131na Az\u0259rbaycan Ali H\u0259rbi M\u0259kt\u0259bin\u0259 v\u0259 daha sonra pe\u015f\u0259kar h\u0259rb\u00e7i kimi xidm\u0259t\u0259 apar\u0131b. Onun anas\u0131 Sevil Abdullazad\u0259 deyib ki, Aprel d\u00f6y\u00fc\u015fl\u0259rinin tez bitm\u0259sind\u0259n gileyl\u0259n\u0259n Orxan&hellip;<\/p>\n","protected":false},"author":2,"featured_media":285183,"comment_status":"closed","ping_status":"closed","sticky":false,"template":"","format":"standard","meta":{"om_disable_all_campaigns":false,"_monsterinsights_skip_tracking":false,"_monsterinsights_sitenote_active":false,"_monsterinsights_sitenote_note":"","_monsterinsights_sitenote_category":0},"categories":[10],"tags":[],"aioseo_notices":[],"gutentor_comment":0,"rttpg_featured_image_url":{"full":["https:\/\/arantv.az\/wp-content\/uploads\/2021\/02\/fg.jpg",620,387,false],"landscape":["https:\/\/arantv.az\/wp-content\/uploads\/2021\/02\/fg.jpg",620,387,false],"portraits":["https:\/\/arantv.az\/wp-content\/uploads\/2021\/02\/fg.jpg",620,387,false],"thumbnail":["https:\/\/arantv.az\/wp-content\/uploads\/2021\/02\/fg-150x150.jpg",150,150,true],"medium":["https:\/\/arantv.az\/wp-content\/uploads\/2021\/02\/fg-300x187.jpg",300,187,true],"large":["https:\/\/arantv.az\/wp-content\/uploads\/2021\/02\/fg.jpg",620,387,false],"1536x1536":["https:\/\/arantv.az\/wp-content\/uploads\/2021\/02\/fg.jpg",620,387,false],"2048x2048":["https:\/\/arantv.az\/wp-content\/uploads\/2021\/02\/fg.jpg",620,387,false],"post-thumbnail":["https:\/\/arantv.az\/wp-content\/uploads\/2021\/02\/fg-240x172.jpg",240,172,true],"advps-thumb-one":["https:\/\/arantv.az\/wp-content\/uploads\/2021\/02\/fg.jpg",620,387,false]},"rttpg_author":{"display_name":"V\u00fcsal Rafiqo\u011flu","author_link":"https:\/\/arantv.az\/?author=2"},"rttpg_comment":0,"rttpg_category":"<a href=\"https:\/\/arantv.az\/?cat=10\" rel=\"category\">C\u0259bh\u0259d\u0259n X\u0259b\u0259r<\/a>","rttpg_excerpt":"44 g\u00fcn davam ed\u0259n V\u0259t\u0259n m\u00fcharib\u0259sind\u0259 q\u0259hr\u0259manl\u0131q g\u00f6st\u0259r\u0259r\u0259k, tariximiz\u0259 h\u0259kk olunan igidl\u0259rd\u0259n biri d\u0259 polkovnik-leytenant Orxan \u018fkb\u0259rovdur. \u201cReport\u201d \u015f\u0259hidin ya\u015fad\u0131\u011f\u0131 evd\u0259 olub, onun h\u0259yat yoluna n\u0259z\u0259r sal\u0131b. Ail\u0259si onun h\u0259l\u0259 u\u015faql\u0131qdan h\u0259rbiy\u0259 mara\u011f\u0131 oldu\u011funu bildirib. U\u015faql\u0131q, yeniyetm\u0259 v\u0259 g\u0259nclik d\u00f6vr\u00fcnd\u0259 z\u0259hm\u0259tke\u015fliyi v\u0259 h\u0259rbiy\u0259 olan sevgisi onun sonradan pe\u015f\u0259kar v\u0259 d\u00fc\u015fm\u0259nin qorxulu kabusuna \u00e7evril\u0259n h\u0259rb\u00e7i kimi&hellip;","_links":{"self":[{"href":"https:\/\/arantv.az\/index.php?rest_route=\/wp\/v2\/posts\/285182"}],"collection":[{"href":"https:\/\/arantv.az\/index.php?rest_route=\/wp\/v2\/posts"}],"about":[{"href":"https:\/\/arantv.az\/index.php?rest_route=\/wp\/v2\/types\/post"}],"author":[{"embeddable":true,"href":"https:\/\/arantv.az\/index.php?rest_route=\/wp\/v2\/users\/2"}],"replies":[{"embeddable":true,"href":"https:\/\/arantv.az\/index.php?rest_route=%2Fwp%2Fv2%2Fcomments&post=285182"}],"version-history":[{"count":0,"href":"https:\/\/arantv.az\/index.php?rest_route=\/wp\/v2\/posts\/285182\/revisions"}],"wp:featuredmedia":[{"embeddable":true,"href":"https:\/\/arantv.az\/index.php?rest_route=\/wp\/v2\/media\/285183"}],"wp:attachment":[{"href":"https:\/\/arantv.az\/index.php?rest_route=%2Fwp%2Fv2%2Fmedia&parent=285182"}],"wp:term":[{"taxonomy":"category","embeddable":true,"href":"https:\/\/arantv.az\/index.php?rest_route=%2Fwp%2Fv2%2Fcategories&post=285182"},{"taxonomy":"post_tag","embeddable":true,"href":"https:\/\/arantv.az\/index.php?rest_route=%2Fwp%2Fv2%2Ftags&post=285182"}],"curies":[{"name":"wp","href":"https:\/\/api.w.org\/{rel}","templated":true}]}}