{"id":28519,"date":"2018-12-20T10:47:47","date_gmt":"2018-12-20T07:47:47","guid":{"rendered":"http:\/\/arantv.az\/?p=28519"},"modified":"2018-12-20T10:47:47","modified_gmt":"2018-12-20T07:47:47","slug":"c%c9%99lilabadda-sagirdi-doy%c9%99n-m%c9%99kt%c9%99b-direktoru-isd%c9%99n-cixarildi","status":"publish","type":"post","link":"https:\/\/arantv.az\/?p=28519","title":{"rendered":"C\u0259lilabadda \u015fagirdi d\u00f6y\u0259n m\u0259kt\u0259b direktoru \u0130\u015eD\u018fN \u00c7IXARILDI"},"content":{"rendered":"<p>C\u0259lilabad Rayon T\u0259hsil \u015e\u00f6b\u0259si rayonun G\u00f6yt\u0259p\u0259 \u015f\u0259h\u0259r 3 sayl\u0131 \u00fcmumi orta m\u0259kt\u0259bin direktoru M\u00fcbariz C\u0259f\u0259rovun Mu\u011fan k\u0259nd tam orta m\u0259kt\u0259binin 9-cu sinif \u015fagirdini d\u00f6ym\u0259si il\u0259 ba\u011fl\u0131 sosial \u015f\u0259b\u0259k\u0259l\u0259rd\u0259 yay\u0131lan videog\u00f6r\u00fcnt\u00fcy\u0259 m\u00fcnasib\u0259t bildirib.<\/p>\n<p><strong>ARANTV.AZ\u00a0<\/strong> x\u0259b\u0259r verir ki, T\u0259hsil \u015f\u00f6b\u0259sind\u0259n report-a bildirilib ki, h\u0259min m\u0259kt\u0259bin direktor \u0259v\u0259zi M\u00fcbariz C\u0259f\u0259rov ara\u015fd\u0131rma apar\u0131lan m\u00fcdd\u0259td\u0259 v\u0259zif\u0259sinin icras\u0131ndan k\u0259narla\u015fd\u0131r\u0131l\u0131b: &#8220;Yoxlaman\u0131n n\u0259tic\u0259sind\u0259n as\u0131l\u0131 olaraq m\u00fcvafiq q\u0259rar q\u0259bul olunacaq v\u0259 ictimaiyy\u0259t\u0259 m\u0259lumat veril\u0259c\u0259k&#8221;.<\/p>\n","protected":false},"excerpt":{"rendered":"<p>C\u0259lilabad Rayon T\u0259hsil \u015e\u00f6b\u0259si rayonun G\u00f6yt\u0259p\u0259 \u015f\u0259h\u0259r 3 sayl\u0131 \u00fcmumi orta m\u0259kt\u0259bin direktoru M\u00fcbariz C\u0259f\u0259rovun Mu\u011fan k\u0259nd tam orta m\u0259kt\u0259binin 9-cu sinif \u015fagirdini d\u00f6ym\u0259si il\u0259 ba\u011fl\u0131 sosial \u015f\u0259b\u0259k\u0259l\u0259rd\u0259 yay\u0131lan videog\u00f6r\u00fcnt\u00fcy\u0259 m\u00fcnasib\u0259t bildirib. ARANTV.AZ\u00a0 x\u0259b\u0259r verir ki, T\u0259hsil \u015f\u00f6b\u0259sind\u0259n report-a bildirilib ki, h\u0259min m\u0259kt\u0259bin direktor \u0259v\u0259zi M\u00fcbariz C\u0259f\u0259rov ara\u015fd\u0131rma apar\u0131lan m\u00fcdd\u0259td\u0259 v\u0259zif\u0259sinin icras\u0131ndan k\u0259narla\u015fd\u0131r\u0131l\u0131b: &#8220;Yoxlaman\u0131n n\u0259tic\u0259sind\u0259n as\u0131l\u0131 olaraq m\u00fcvafiq q\u0259rar q\u0259bul olunacaq v\u0259 ictimaiyy\u0259t\u0259 m\u0259lumat veril\u0259c\u0259k&#8221;.<\/p>\n","protected":false},"author":2,"featured_media":28520,"comment_status":"closed","ping_status":"closed","sticky":false,"template":"","format":"standard","meta":{"om_disable_all_campaigns":false,"_monsterinsights_skip_tracking":false,"_monsterinsights_sitenote_active":false,"_monsterinsights_sitenote_note":"","_monsterinsights_sitenote_category":0},"categories":[1],"tags":[],"aioseo_notices":[],"gutentor_comment":0,"rttpg_featured_image_url":{"full":["https:\/\/arantv.az\/wp-content\/uploads\/2018\/12\/kreslo_0256.jpg",800,600,false],"landscape":["https:\/\/arantv.az\/wp-content\/uploads\/2018\/12\/kreslo_0256.jpg",800,600,false],"portraits":["https:\/\/arantv.az\/wp-content\/uploads\/2018\/12\/kreslo_0256.jpg",800,600,false],"thumbnail":["https:\/\/arantv.az\/wp-content\/uploads\/2018\/12\/kreslo_0256-150x150.jpg",150,150,true],"medium":["https:\/\/arantv.az\/wp-content\/uploads\/2018\/12\/kreslo_0256-300x225.jpg",300,225,true],"large":["https:\/\/arantv.az\/wp-content\/uploads\/2018\/12\/kreslo_0256.jpg",640,480,false],"1536x1536":["https:\/\/arantv.az\/wp-content\/uploads\/2018\/12\/kreslo_0256.jpg",800,600,false],"2048x2048":["https:\/\/arantv.az\/wp-content\/uploads\/2018\/12\/kreslo_0256.jpg",800,600,false],"post-thumbnail":["https:\/\/arantv.az\/wp-content\/uploads\/2018\/12\/kreslo_0256-240x172.jpg",240,172,true],"advps-thumb-one":["https:\/\/arantv.az\/wp-content\/uploads\/2018\/12\/kreslo_0256.jpg",800,600,false]},"rttpg_author":{"display_name":"V\u00fcsal Rafiqo\u011flu","author_link":"https:\/\/arantv.az\/?author=2"},"rttpg_comment":0,"rttpg_category":"<a href=\"https:\/\/arantv.az\/?cat=1\" rel=\"category\">C\u0259miyy\u0259t<\/a>","rttpg_excerpt":"C\u0259lilabad Rayon T\u0259hsil \u015e\u00f6b\u0259si rayonun G\u00f6yt\u0259p\u0259 \u015f\u0259h\u0259r 3 sayl\u0131 \u00fcmumi orta m\u0259kt\u0259bin direktoru M\u00fcbariz C\u0259f\u0259rovun Mu\u011fan k\u0259nd tam orta m\u0259kt\u0259binin 9-cu sinif \u015fagirdini d\u00f6ym\u0259si il\u0259 ba\u011fl\u0131 sosial \u015f\u0259b\u0259k\u0259l\u0259rd\u0259 yay\u0131lan videog\u00f6r\u00fcnt\u00fcy\u0259 m\u00fcnasib\u0259t bildirib. ARANTV.AZ\u00a0 x\u0259b\u0259r verir ki, T\u0259hsil \u015f\u00f6b\u0259sind\u0259n report-a bildirilib ki, h\u0259min m\u0259kt\u0259bin direktor \u0259v\u0259zi M\u00fcbariz C\u0259f\u0259rov ara\u015fd\u0131rma apar\u0131lan m\u00fcdd\u0259td\u0259 v\u0259zif\u0259sinin icras\u0131ndan k\u0259narla\u015fd\u0131r\u0131l\u0131b: &#8220;Yoxlaman\u0131n n\u0259tic\u0259sind\u0259n&hellip;","_links":{"self":[{"href":"https:\/\/arantv.az\/index.php?rest_route=\/wp\/v2\/posts\/28519"}],"collection":[{"href":"https:\/\/arantv.az\/index.php?rest_route=\/wp\/v2\/posts"}],"about":[{"href":"https:\/\/arantv.az\/index.php?rest_route=\/wp\/v2\/types\/post"}],"author":[{"embeddable":true,"href":"https:\/\/arantv.az\/index.php?rest_route=\/wp\/v2\/users\/2"}],"replies":[{"embeddable":true,"href":"https:\/\/arantv.az\/index.php?rest_route=%2Fwp%2Fv2%2Fcomments&post=28519"}],"version-history":[{"count":0,"href":"https:\/\/arantv.az\/index.php?rest_route=\/wp\/v2\/posts\/28519\/revisions"}],"wp:featuredmedia":[{"embeddable":true,"href":"https:\/\/arantv.az\/index.php?rest_route=\/wp\/v2\/media\/28520"}],"wp:attachment":[{"href":"https:\/\/arantv.az\/index.php?rest_route=%2Fwp%2Fv2%2Fmedia&parent=28519"}],"wp:term":[{"taxonomy":"category","embeddable":true,"href":"https:\/\/arantv.az\/index.php?rest_route=%2Fwp%2Fv2%2Fcategories&post=28519"},{"taxonomy":"post_tag","embeddable":true,"href":"https:\/\/arantv.az\/index.php?rest_route=%2Fwp%2Fv2%2Ftags&post=28519"}],"curies":[{"name":"wp","href":"https:\/\/api.w.org\/{rel}","templated":true}]}}