{"id":28522,"date":"2018-12-20T10:49:06","date_gmt":"2018-12-20T07:49:06","guid":{"rendered":"http:\/\/arantv.az\/?p=28522"},"modified":"2018-12-20T10:49:06","modified_gmt":"2018-12-20T07:49:06","slug":"g%c9%99ncl%c9%99rimiz-karyera-bar%c9%99d%c9%99-dusunmur-ali-m%c9%99kt%c9%99b%c9%99-sad%c9%99c%c9%99-q%c9%99bul-olmaq-ucun-s%c9%99n%c9%99d-verirl%c9%99r","status":"publish","type":"post","link":"https:\/\/arantv.az\/?p=28522","title":{"rendered":"&#8220;G\u0259ncl\u0259rimiz karyera bar\u0259d\u0259 d\u00fc\u015f\u00fcnm\u00fcr, ali m\u0259kt\u0259b\u0259, sad\u0259c\u0259, q\u0259bul olmaq \u00fc\u00e7\u00fcn s\u0259n\u0259d verirl\u0259r&#8221;"},"content":{"rendered":"<blockquote><p><strong><em>Bizim g\u0259ncl\u0259r \u00e7ox zaman ali m\u0259kt\u0259b\u0259, sad\u0259c\u0259, q\u0259bul olmaq \u00fc\u00e7\u00fcn s\u0259n\u0259d verirl\u0259r, onlar \u00f6zl\u0259rinin karyeras\u0131n\u0131 t\u0259s\u0259vv\u00fcr etmirl\u0259r v\u0259 hans\u0131 karyeran\u0131 quracaqlar\u0131 bar\u0259d\u0259 d\u00fc\u015f\u00fcnm\u00fcrl\u0259r.<\/em><\/strong><\/p><\/blockquote>\n<p><strong>ARANTV.AZ<\/strong> trend-\u0259 istinad\u0259n x\u0259b\u0259r verir ki, bunu D\u00f6vl\u0259t \u0130mtahan M\u0259rk\u0259zinin Direktorlar \u015euras\u0131n\u0131n s\u0259dri M\u0259leyk\u0259 Abbaszad\u0259 Az\u0259rbaycanda insan kapital\u0131 \u00fczr\u0259 forumda \u00e7\u0131x\u0131\u015f\u0131 zaman\u0131 bildirib.<\/p>\n<p>Onun s\u00f6zl\u0259rin\u0259 g\u00f6r\u0259, bu s\u0259b\u0259bd\u0259n Az\u0259rbaycanda t\u0259hsilin daha \u00e7ox karyera y\u00f6n\u00fcml\u00fc edilm\u0259si m\u0259qs\u0259d\u0259uy\u011fundur: &#8220;Bizim g\u0259ncl\u0259r d\u00fc\u015f\u00fcn\u00fcr ki, sosial u\u011fur odur ki, o, ali m\u0259kt\u0259b\u0259 q\u0259bul olunub. Buna g\u00f6r\u0259 d\u0259 t\u0259hsili karyera y\u00f6n\u00fcml\u00fc etm\u0259k \u00e7ox vacibdir&#8221;.<\/p>\n<div id=\"AdributorNativeVideo0\" class=\"AdributorNativeVideo\"><\/div>\n<p>M.Abbaszad\u0259 qeyd edib ki, 2014-c\u00fc ild\u0259 9-cu sinif m\u0259zunlar\u0131n\u0131n 19 faizi t\u0259hsilini davam etdirm\u0259yib: &#8220;2018-ci ild\u0259 bel\u0259 g\u0259ncl\u0259rin faizi 14 faiz olub. 11-ci sinif m\u0259zunlar\u0131 aras\u0131nda bu g\u00f6st\u0259rici 2014-c\u00fc ild\u0259 22, 2018-ci ild\u0259 15 faiz olub. Bu da 5 il \u0259rzind\u0259 m\u00fc\u0259yy\u0259n azalmalar\u0131n olmas\u0131 v\u0259 g\u0259ncl\u0259rin t\u0259hsill\u0259rini davam etdirm\u0259kd\u0259 maraql\u0131 olmas\u0131n\u0131 g\u00f6st\u0259rir&#8221;.<\/p>\n<p>D\u0130M s\u0259dri \u0259lav\u0259 edib ki, Az\u0259rbaycanda ali m\u0259kt\u0259bl\u0259r\u0259 q\u0259bul \u00fc\u00e7\u00fcn qiym\u0259tl\u0259ndirm\u0259 k\u00fctl\u0259vi \u015f\u0259kild\u0259 1992-ci ild\u0259n apar\u0131l\u0131r: &#8220;H\u0259min ild\u0259n ba\u015flayaraq, q\u0259bulla ba\u011fl\u0131 statistik t\u0259hlill\u0259r apar\u0131l\u0131r. T\u0259hsild\u0259 olan standartlar \u00e7ox zaman h\u0259yatda ged\u0259n prosesl\u0259rd\u0259n k\u0259narda qal\u0131r. M\u0259s\u0259l\u0259n, d\u00f6vl\u0259t \u0259halinin informasiya texnologiyalar\u0131 bilikl\u0259rinin art\u0131r\u0131lmas\u0131 \u00fc\u00e7\u00fcn kifay\u0259t q\u0259d\u0259r v\u0259sait s\u0259rf edib. Amma \u0259halinin &#8220;facebook&#8221;dan, &#8220;instaqram&#8221;dan istifad\u0259si \u00fc\u00e7\u00fcn hans\u0131sa bir kurs olubmu?! Buna baxmayaraq, \u0259hali onu m\u0259nims\u0259yib. Dem\u0259li, insan kapital\u0131n\u0131 art\u0131rmaq \u00fc\u00e7\u00fcn hans\u0131sa ayr\u0131 n\u00f6v yana\u015fma t\u0259tbiq etm\u0259k laz\u0131md\u0131r. Bu bax\u0131mdan qeyri-formal yana\u015fmalar da insan kapital\u0131n\u0131n art\u0131r\u0131lmas\u0131na t\u0259sir g\u00f6st\u0259r\u0259 bil\u0259r&#8221;.<\/p>\n","protected":false},"excerpt":{"rendered":"<p>Bizim g\u0259ncl\u0259r \u00e7ox zaman ali m\u0259kt\u0259b\u0259, sad\u0259c\u0259, q\u0259bul olmaq \u00fc\u00e7\u00fcn s\u0259n\u0259d verirl\u0259r, onlar \u00f6zl\u0259rinin karyeras\u0131n\u0131 t\u0259s\u0259vv\u00fcr etmirl\u0259r v\u0259 hans\u0131 karyeran\u0131 quracaqlar\u0131 bar\u0259d\u0259 d\u00fc\u015f\u00fcnm\u00fcrl\u0259r. ARANTV.AZ trend-\u0259 istinad\u0259n x\u0259b\u0259r verir ki, bunu D\u00f6vl\u0259t \u0130mtahan M\u0259rk\u0259zinin Direktorlar \u015euras\u0131n\u0131n s\u0259dri M\u0259leyk\u0259 Abbaszad\u0259 Az\u0259rbaycanda insan kapital\u0131 \u00fczr\u0259 forumda \u00e7\u0131x\u0131\u015f\u0131 zaman\u0131 bildirib. Onun s\u00f6zl\u0259rin\u0259 g\u00f6r\u0259, bu s\u0259b\u0259bd\u0259n Az\u0259rbaycanda t\u0259hsilin daha \u00e7ox karyera y\u00f6n\u00fcml\u00fc edilm\u0259si m\u0259qs\u0259d\u0259uy\u011fundur: &#8220;Bizim g\u0259ncl\u0259r d\u00fc\u015f\u00fcn\u00fcr ki, sosial u\u011fur odur ki, o, ali m\u0259kt\u0259b\u0259 q\u0259bul olunub. Buna g\u00f6r\u0259 d\u0259 t\u0259hsili karyera y\u00f6n\u00fcml\u00fc etm\u0259k \u00e7ox vacibdir&#8221;. M.Abbaszad\u0259 qeyd edib ki, 2014-c\u00fc ild\u0259 9-cu sinif m\u0259zunlar\u0131n\u0131n&hellip;<\/p>\n","protected":false},"author":2,"featured_media":28523,"comment_status":"closed","ping_status":"closed","sticky":false,"template":"","format":"standard","meta":{"om_disable_all_campaigns":false,"_monsterinsights_skip_tracking":false,"_monsterinsights_sitenote_active":false,"_monsterinsights_sitenote_note":"","_monsterinsights_sitenote_category":0},"categories":[1],"tags":[],"aioseo_notices":[],"gutentor_comment":0,"rttpg_featured_image_url":{"full":["https:\/\/arantv.az\/wp-content\/uploads\/2018\/12\/meleyke_abbaszade_0987-1.jpg",800,600,false],"landscape":["https:\/\/arantv.az\/wp-content\/uploads\/2018\/12\/meleyke_abbaszade_0987-1.jpg",800,600,false],"portraits":["https:\/\/arantv.az\/wp-content\/uploads\/2018\/12\/meleyke_abbaszade_0987-1.jpg",800,600,false],"thumbnail":["https:\/\/arantv.az\/wp-content\/uploads\/2018\/12\/meleyke_abbaszade_0987-1-150x150.jpg",150,150,true],"medium":["https:\/\/arantv.az\/wp-content\/uploads\/2018\/12\/meleyke_abbaszade_0987-1-300x225.jpg",300,225,true],"large":["https:\/\/arantv.az\/wp-content\/uploads\/2018\/12\/meleyke_abbaszade_0987-1.jpg",640,480,false],"1536x1536":["https:\/\/arantv.az\/wp-content\/uploads\/2018\/12\/meleyke_abbaszade_0987-1.jpg",800,600,false],"2048x2048":["https:\/\/arantv.az\/wp-content\/uploads\/2018\/12\/meleyke_abbaszade_0987-1.jpg",800,600,false],"post-thumbnail":["https:\/\/arantv.az\/wp-content\/uploads\/2018\/12\/meleyke_abbaszade_0987-1-240x172.jpg",240,172,true],"advps-thumb-one":["https:\/\/arantv.az\/wp-content\/uploads\/2018\/12\/meleyke_abbaszade_0987-1.jpg",800,600,false]},"rttpg_author":{"display_name":"V\u00fcsal Rafiqo\u011flu","author_link":"https:\/\/arantv.az\/?author=2"},"rttpg_comment":0,"rttpg_category":"<a href=\"https:\/\/arantv.az\/?cat=1\" rel=\"category\">C\u0259miyy\u0259t<\/a>","rttpg_excerpt":"Bizim g\u0259ncl\u0259r \u00e7ox zaman ali m\u0259kt\u0259b\u0259, sad\u0259c\u0259, q\u0259bul olmaq \u00fc\u00e7\u00fcn s\u0259n\u0259d verirl\u0259r, onlar \u00f6zl\u0259rinin karyeras\u0131n\u0131 t\u0259s\u0259vv\u00fcr etmirl\u0259r v\u0259 hans\u0131 karyeran\u0131 quracaqlar\u0131 bar\u0259d\u0259 d\u00fc\u015f\u00fcnm\u00fcrl\u0259r. ARANTV.AZ trend-\u0259 istinad\u0259n x\u0259b\u0259r verir ki, bunu D\u00f6vl\u0259t \u0130mtahan M\u0259rk\u0259zinin Direktorlar \u015euras\u0131n\u0131n s\u0259dri M\u0259leyk\u0259 Abbaszad\u0259 Az\u0259rbaycanda insan kapital\u0131 \u00fczr\u0259 forumda \u00e7\u0131x\u0131\u015f\u0131 zaman\u0131 bildirib. Onun s\u00f6zl\u0259rin\u0259 g\u00f6r\u0259, bu s\u0259b\u0259bd\u0259n Az\u0259rbaycanda t\u0259hsilin daha \u00e7ox&hellip;","_links":{"self":[{"href":"https:\/\/arantv.az\/index.php?rest_route=\/wp\/v2\/posts\/28522"}],"collection":[{"href":"https:\/\/arantv.az\/index.php?rest_route=\/wp\/v2\/posts"}],"about":[{"href":"https:\/\/arantv.az\/index.php?rest_route=\/wp\/v2\/types\/post"}],"author":[{"embeddable":true,"href":"https:\/\/arantv.az\/index.php?rest_route=\/wp\/v2\/users\/2"}],"replies":[{"embeddable":true,"href":"https:\/\/arantv.az\/index.php?rest_route=%2Fwp%2Fv2%2Fcomments&post=28522"}],"version-history":[{"count":0,"href":"https:\/\/arantv.az\/index.php?rest_route=\/wp\/v2\/posts\/28522\/revisions"}],"wp:featuredmedia":[{"embeddable":true,"href":"https:\/\/arantv.az\/index.php?rest_route=\/wp\/v2\/media\/28523"}],"wp:attachment":[{"href":"https:\/\/arantv.az\/index.php?rest_route=%2Fwp%2Fv2%2Fmedia&parent=28522"}],"wp:term":[{"taxonomy":"category","embeddable":true,"href":"https:\/\/arantv.az\/index.php?rest_route=%2Fwp%2Fv2%2Fcategories&post=28522"},{"taxonomy":"post_tag","embeddable":true,"href":"https:\/\/arantv.az\/index.php?rest_route=%2Fwp%2Fv2%2Ftags&post=28522"}],"curies":[{"name":"wp","href":"https:\/\/api.w.org\/{rel}","templated":true}]}}