{"id":28541,"date":"2018-12-20T11:13:15","date_gmt":"2018-12-20T08:13:15","guid":{"rendered":"http:\/\/arantv.az\/?p=28541"},"modified":"2018-12-20T11:13:15","modified_gmt":"2018-12-20T08:13:15","slug":"orxan-m%c9%99mm%c9%99dov-bp-nin-t%c9%99chizat-z%c9%99ncirind%c9%99-az%c9%99rbaycanin-kicik-v%c9%99-orta-biznes-sektorunun-istirakinin-genisl%c9%99nm%c9%99sind%c9%99-maraqliyiq","status":"publish","type":"post","link":"https:\/\/arantv.az\/?p=28541","title":{"rendered":"Orxan M\u0259mm\u0259dov: &#8220;BP-nin t\u0259chizat z\u0259ncirind\u0259 Az\u0259rbaycan\u0131n ki\u00e7ik v\u0259 orta biznes sektorunun i\u015ftirak\u0131n\u0131n geni\u015fl\u0259nm\u0259sind\u0259 maraql\u0131y\u0131q&#8221;"},"content":{"rendered":"<p><strong>BP-nin t\u0259chizat z\u0259ncirind\u0259 Az\u0259rbaycan\u0131n ki\u00e7ik v\u0259 orta biznes (KOB) sektorunun i\u015ftirak\u0131n\u0131n geni\u015fl\u0259nm\u0259sind\u0259 maraql\u0131y\u0131q.<\/strong><\/p>\n<p><strong>ARANTV.AZ<\/strong> trend-\u0259 istinad\u0259n x\u0259b\u0259r verir ki, bunu Ki\u00e7ik v\u0259 Orta Biznesin \u0130nki\u015faf\u0131 Agentliyinin \u0130dar\u0259 Hey\u0259tinin s\u0259dri Orxan M\u0259mm\u0259dov BP il\u0259 t\u0259\u015fkil olunan t\u0259dbird\u0259 \u00e7\u0131x\u0131\u015f\u0131 zaman\u0131 deyib.<\/p>\n<p>O.M\u0259mm\u0259dov qeyd edib ki, Az\u0259rbaycan Prezidenti \u0130lham \u018fliyevin r\u0259hb\u0259rliyi il\u0259 \u00f6lk\u0259 iqtisadiyyat\u0131n\u0131n dayan\u0131ql\u0131 v\u0259 davaml\u0131 inki\u015faf\u0131 m\u0259qs\u0259dil\u0259 haz\u0131rk\u0131 d\u00f6vr\u00fcn \u00e7ag\u0131r\u0131\u015flar\u0131 \u0259sas\u0131nda ard\u0131c\u0131l v\u0259 sistemli t\u0259dbirl\u0259r h\u0259yata ke\u00e7irilm\u0259kd\u0259dir. \u00d6lk\u0259 iqtisadiyyat\u0131n\u0131n apar\u0131c\u0131 q\u00fcvv\u0259si olan sahibkarl\u0131\u011f\u0131n, x\u00fcsusil\u0259 ki\u00e7ik v\u0259 orta biznes sektorunun inki\u015faf\u0131 h\u0259mi\u015f\u0259 bu siyas\u0259tin m\u0259rk\u0259zind\u0259 yer al\u0131b. D\u00f6vl\u0259t ba\u015f\u00e7\u0131s\u0131n\u0131n t\u0259\u015f\u0259bb\u00fcs\u00fc il\u0259 yarad\u0131lm\u0131\u015f Ki\u00e7ik v\u0259 Orta Biznesin \u0130nki\u015faf\u0131 Agentliyi bu sah\u0259d\u0259 idar\u0259etm\u0259nin m\u00fcasir t\u0259l\u0259bl\u0259r s\u0259viyy\u0259sind\u0259 t\u0259\u015fkili z\u0259rur\u0259ti il\u0259 \u015f\u0259rtl\u0259nib:<\/p>\n<p>&#8220;Yaranmas\u0131ndan q\u0131sa m\u00fcdd\u0259t \u00f6tm\u0259sin\u0259 baxmayaraq, Agentlik d\u00f6vl\u0259t ba\u015f\u00e7\u0131s\u0131n\u0131n m\u00fch\u00fcm tap\u015f\u0131r\u0131qlar\u0131n\u0131n icras\u0131 istiqam\u0259tind\u0259 \u00f6n\u0259mli t\u0259dbirl\u0259r h\u0259yata ke\u00e7irib, bir s\u0131ra strateji layih\u0259l\u0259rin icras\u0131na ba\u015flay\u0131b. Bu layih\u0259l\u0259rin icras\u0131 yeni idar\u0259etm\u0259 modell\u0259rinin t\u0259tbiqi il\u0259 m\u00fc\u015fayi\u0259t edilm\u0259kd\u0259dir. Ki\u00e7ik v\u0259 orta biznes\u0259 xidm\u0259tl\u0259rin v\u0259 icaz\u0259l\u0259rin vahid m\u0259kan prinsipi \u0259sas\u0131nda t\u0259\u015fkilini n\u0259z\u0259rd\u0259 tutan KOB Evl\u0259rinin t\u0259\u015fkili, f\u0259aliyy\u0259timizin sahibkar ehtiyaclar\u0131 \u0259sas\u0131nda qurulmas\u0131nda v\u0259 d\u00f6vl\u0259t-sahibkar dialoqunun inki\u015faf\u0131nda \u0259h\u0259miyy\u0259tli rol oynayacaq KOB Dostlar\u0131 \u015f\u0259b\u0259k\u0259sinin yarad\u0131lmas\u0131, sahibkarl\u0131\u011fa d\u0259st\u0259k istiqam\u0259tind\u0259 yeni t\u0259\u015fkilati modell\u0259rin t\u0259tbiqi, yeni d\u00f6vr\u00fcn t\u0259l\u0259bl\u0259rin\u0259 uy\u011fun konsaltinq v\u0259 t\u0259lim sisteminin qurulmas\u0131 \u0259sas strateji layih\u0259l\u0259rimizd\u0259ndir.<\/p>\n<p>F\u0259aliyy\u0259timizin sahibkarlar, onlar\u0131n ictimai birlikl\u0259ri, aidiyy\u0259ti d\u00f6vl\u0259t qurumlar\u0131 il\u0259 s\u0259m\u0259r\u0259li \u0259m\u0259kda\u015fl\u0131q platformalar\u0131 \u0259sas\u0131nda qurulmas\u0131na x\u00fcsusi \u00f6n\u0259m veririk. Bu bax\u0131mdan \u00f6lk\u0259 iqtisadiyyat\u0131nda x\u00fcsusi yeri v\u0259 rolu olan BP-ni strateji t\u0259r\u0259fda\u015f\u0131m\u0131z olaraq g\u00f6r\u00fcr\u00fck. He\u00e7 kim\u0259 sirr deyil ki, f\u0259aliyy\u0259t g\u00f6st\u0259rdiyi m\u00fcdd\u0259t \u0259rzind\u0259 \u00f6lk\u0259mizd\u0259 davaml\u0131 inki\u015faf t\u0259\u015f\u0259bb\u00fcsl\u0259rini d\u0259st\u0259kl\u0259y\u0259n, bu sah\u0259nin inki\u015faf\u0131 \u00fczr\u0259 d\u00f6vl\u0259t siyas\u0259ti il\u0259 uzla\u015fan \u00f6n\u0259mli v\u0259 u\u011furlu layih\u0259l\u0259rin icras\u0131 il\u0259 BP KOB sektorunun inki\u015faf\u0131na \u0259h\u0259miyy\u0259tli t\u00f6hf\u0259 verib. X\u00fcsusi olaraq, BP \u015firk\u0259tinin d\u0259st\u0259yi il\u0259 h\u0259yata ke\u00e7iril\u0259n Sahibkarl\u0131\u011f\u0131n \u0130nki\u015faf\u0131 Proqram\u0131n\u0131 vurgulamaq ist\u0259rdim&#8221;.<\/p>\n<div id=\"AdributorNativeVideo0\" class=\"AdributorNativeVideo\"><\/div>\n<p>Agentliyin r\u0259hb\u0259ri bildirib ki, bu g\u00fcn imzalanacaq \u0259m\u0259kda\u015fl\u0131\u011fa dair memorandum bu istiqam\u0259td\u0259 birg\u0259 t\u0259\u015f\u0259bb\u00fcsl\u0259rin h\u0259yata ke\u00e7irilm\u0259si \u00fc\u00e7\u00fcn \u0259sas yaradacaq:<\/p>\n<p>&#8220;\u00d6lk\u0259miz\u0259 investisiya qoyulu\u015fu \u00fczr\u0259 lider olan BP, eyni zamanda, KOB sektorunun \u0259sas sifari\u015f\u00e7il\u0259rind\u0259n biri hesab olunur. Bu bax\u0131mdan BP-nin t\u0259chizat z\u0259ncirind\u0259 \u00f6lk\u0259mizin KOB sektorunun i\u015ftirak\u0131n\u0131n geni\u015fl\u0259nm\u0259sind\u0259 maraql\u0131y\u0131q v\u0259 bu istiqam\u0259td\u0259 KOB-lar\u0131n potensial\u0131n\u0131n art\u0131r\u0131lmas\u0131 \u00fc\u00e7\u00fcn z\u0259ruri d\u0259st\u0259kl\u0259rin h\u0259yata ke\u00e7irilm\u0259si h\u0259d\u0259fl\u0259rimiz s\u0131ras\u0131ndad\u0131r. BP \u015firk\u0259ti f\u0259aliyy\u0259t g\u00f6st\u0259rdiyi \u00f6lk\u0259l\u0259rd\u0259 sosial m\u0259suliyy\u0259t t\u0259dbirl\u0259rin\u0259 x\u00fcsusi \u00f6n\u0259m ver\u0259n f\u0259aliyy\u0259ti il\u0259 d\u0259 tan\u0131n\u0131r. Bu bax\u0131mdan BP \u00f6lk\u0259mizd\u0259 bu prinsipl\u0259rin t\u0259tbiqin\u0259 n\u00fcmun\u0259 olacaq bir f\u0259aliyy\u0259t s\u0259rgil\u0259m\u0259kd\u0259dir.<\/p>\n<p>\u018fmin\u0259m ki, bug\u00fcnk\u00fc t\u0259dbir \u00e7\u0259r\u00e7iv\u0259sind\u0259 BP il\u0259 Agentliyimiz aras\u0131nda imzalanacaq ki\u00e7ik v\u0259 orta biznesin inki\u015faf\u0131na d\u0259st\u0259k t\u0259dbirl\u0259ri \u00e7\u0259r\u00e7iv\u0259sind\u0259 \u0259m\u0259kda\u015fl\u0131\u011fa dair anla\u015fma memorandumu yeni t\u0259\u015f\u0259bb\u00fcsl\u0259rin realla\u015fd\u0131r\u0131lmas\u0131 \u00fc\u00e7\u00fcn daha m\u00f6hk\u0259m platforma formala\u015fd\u0131racaq. Hesab edir\u0259m ki, n\u00f6vb\u0259ti d\u00f6vrl\u0259rd\u0259 BP \u015firk\u0259ti il\u0259 birg\u0259 \u0259m\u0259kda\u015fl\u0131q \u0259sas\u0131nda \u00f6lk\u0259 iqtisadiyyat\u0131n\u0131n qeyri-neft sektorunun inki\u015faf\u0131 v\u0259 klasterl\u0259\u015fm\u0259nin t\u0259\u015fiviqi \u00fc\u00e7\u00fcn prioritet istiqam\u0259tl\u0259rd\u0259 f\u0259aliyy\u0259timizi davam etdir\u0259c\u0259yik&#8221;.<\/p>\n","protected":false},"excerpt":{"rendered":"<p>BP-nin t\u0259chizat z\u0259ncirind\u0259 Az\u0259rbaycan\u0131n ki\u00e7ik v\u0259 orta biznes (KOB) sektorunun i\u015ftirak\u0131n\u0131n geni\u015fl\u0259nm\u0259sind\u0259 maraql\u0131y\u0131q. ARANTV.AZ trend-\u0259 istinad\u0259n x\u0259b\u0259r verir ki, bunu Ki\u00e7ik v\u0259 Orta Biznesin \u0130nki\u015faf\u0131 Agentliyinin \u0130dar\u0259 Hey\u0259tinin s\u0259dri Orxan M\u0259mm\u0259dov BP il\u0259 t\u0259\u015fkil olunan t\u0259dbird\u0259 \u00e7\u0131x\u0131\u015f\u0131 zaman\u0131 deyib. O.M\u0259mm\u0259dov qeyd edib ki, Az\u0259rbaycan Prezidenti \u0130lham \u018fliyevin r\u0259hb\u0259rliyi il\u0259 \u00f6lk\u0259 iqtisadiyyat\u0131n\u0131n dayan\u0131ql\u0131 v\u0259 davaml\u0131 inki\u015faf\u0131 m\u0259qs\u0259dil\u0259 haz\u0131rk\u0131 d\u00f6vr\u00fcn \u00e7ag\u0131r\u0131\u015flar\u0131 \u0259sas\u0131nda ard\u0131c\u0131l v\u0259 sistemli t\u0259dbirl\u0259r h\u0259yata ke\u00e7irilm\u0259kd\u0259dir. \u00d6lk\u0259 iqtisadiyyat\u0131n\u0131n apar\u0131c\u0131 q\u00fcvv\u0259si olan sahibkarl\u0131\u011f\u0131n, x\u00fcsusil\u0259 ki\u00e7ik v\u0259 orta biznes sektorunun inki\u015faf\u0131 h\u0259mi\u015f\u0259 bu siyas\u0259tin m\u0259rk\u0259zind\u0259 yer al\u0131b. D\u00f6vl\u0259t ba\u015f\u00e7\u0131s\u0131n\u0131n t\u0259\u015f\u0259bb\u00fcs\u00fc il\u0259 yarad\u0131lm\u0131\u015f&hellip;<\/p>\n","protected":false},"author":2,"featured_media":28542,"comment_status":"closed","ping_status":"closed","sticky":false,"template":"","format":"standard","meta":{"om_disable_all_campaigns":false,"_monsterinsights_skip_tracking":false,"_monsterinsights_sitenote_active":false,"_monsterinsights_sitenote_note":"","_monsterinsights_sitenote_category":0},"categories":[1],"tags":[],"aioseo_notices":[],"gutentor_comment":0,"rttpg_featured_image_url":{"full":["https:\/\/arantv.az\/wp-content\/uploads\/2018\/12\/714187.jpg",800,600,false],"landscape":["https:\/\/arantv.az\/wp-content\/uploads\/2018\/12\/714187.jpg",800,600,false],"portraits":["https:\/\/arantv.az\/wp-content\/uploads\/2018\/12\/714187.jpg",800,600,false],"thumbnail":["https:\/\/arantv.az\/wp-content\/uploads\/2018\/12\/714187-150x150.jpg",150,150,true],"medium":["https:\/\/arantv.az\/wp-content\/uploads\/2018\/12\/714187-300x225.jpg",300,225,true],"large":["https:\/\/arantv.az\/wp-content\/uploads\/2018\/12\/714187.jpg",640,480,false],"1536x1536":["https:\/\/arantv.az\/wp-content\/uploads\/2018\/12\/714187.jpg",800,600,false],"2048x2048":["https:\/\/arantv.az\/wp-content\/uploads\/2018\/12\/714187.jpg",800,600,false],"post-thumbnail":["https:\/\/arantv.az\/wp-content\/uploads\/2018\/12\/714187-240x172.jpg",240,172,true],"advps-thumb-one":["https:\/\/arantv.az\/wp-content\/uploads\/2018\/12\/714187.jpg",800,600,false]},"rttpg_author":{"display_name":"V\u00fcsal Rafiqo\u011flu","author_link":"https:\/\/arantv.az\/?author=2"},"rttpg_comment":0,"rttpg_category":"<a href=\"https:\/\/arantv.az\/?cat=1\" rel=\"category\">C\u0259miyy\u0259t<\/a>","rttpg_excerpt":"BP-nin t\u0259chizat z\u0259ncirind\u0259 Az\u0259rbaycan\u0131n ki\u00e7ik v\u0259 orta biznes (KOB) sektorunun i\u015ftirak\u0131n\u0131n geni\u015fl\u0259nm\u0259sind\u0259 maraql\u0131y\u0131q. ARANTV.AZ trend-\u0259 istinad\u0259n x\u0259b\u0259r verir ki, bunu Ki\u00e7ik v\u0259 Orta Biznesin \u0130nki\u015faf\u0131 Agentliyinin \u0130dar\u0259 Hey\u0259tinin s\u0259dri Orxan M\u0259mm\u0259dov BP il\u0259 t\u0259\u015fkil olunan t\u0259dbird\u0259 \u00e7\u0131x\u0131\u015f\u0131 zaman\u0131 deyib. O.M\u0259mm\u0259dov qeyd edib ki, Az\u0259rbaycan Prezidenti \u0130lham \u018fliyevin r\u0259hb\u0259rliyi il\u0259 \u00f6lk\u0259 iqtisadiyyat\u0131n\u0131n dayan\u0131ql\u0131 v\u0259 davaml\u0131 inki\u015faf\u0131&hellip;","_links":{"self":[{"href":"https:\/\/arantv.az\/index.php?rest_route=\/wp\/v2\/posts\/28541"}],"collection":[{"href":"https:\/\/arantv.az\/index.php?rest_route=\/wp\/v2\/posts"}],"about":[{"href":"https:\/\/arantv.az\/index.php?rest_route=\/wp\/v2\/types\/post"}],"author":[{"embeddable":true,"href":"https:\/\/arantv.az\/index.php?rest_route=\/wp\/v2\/users\/2"}],"replies":[{"embeddable":true,"href":"https:\/\/arantv.az\/index.php?rest_route=%2Fwp%2Fv2%2Fcomments&post=28541"}],"version-history":[{"count":0,"href":"https:\/\/arantv.az\/index.php?rest_route=\/wp\/v2\/posts\/28541\/revisions"}],"wp:featuredmedia":[{"embeddable":true,"href":"https:\/\/arantv.az\/index.php?rest_route=\/wp\/v2\/media\/28542"}],"wp:attachment":[{"href":"https:\/\/arantv.az\/index.php?rest_route=%2Fwp%2Fv2%2Fmedia&parent=28541"}],"wp:term":[{"taxonomy":"category","embeddable":true,"href":"https:\/\/arantv.az\/index.php?rest_route=%2Fwp%2Fv2%2Fcategories&post=28541"},{"taxonomy":"post_tag","embeddable":true,"href":"https:\/\/arantv.az\/index.php?rest_route=%2Fwp%2Fv2%2Ftags&post=28541"}],"curies":[{"name":"wp","href":"https:\/\/api.w.org\/{rel}","templated":true}]}}