{"id":28550,"date":"2018-12-20T11:19:23","date_gmt":"2018-12-20T08:19:23","guid":{"rendered":"http:\/\/arantv.az\/?p=28550"},"modified":"2018-12-20T11:19:23","modified_gmt":"2018-12-20T08:19:23","slug":"bayram-s%c9%99f%c9%99rov-v%c9%99zif%c9%99sind%c9%99n-getdi-yeni-s%c9%99dr-secildi-foto","status":"publish","type":"post","link":"https:\/\/arantv.az\/?p=28550","title":{"rendered":"Bayram S\u0259f\u0259rov v\u0259zif\u0259sind\u0259n getdi &#8211; Yeni s\u0259dr se\u00e7ildi &#8211; FOTO"},"content":{"rendered":"<p>Da\u011fl\u0131q Qaraba\u011f\u0131n Az\u0259rbaycanl\u0131 \u0130cmas\u0131n\u0131n yeni idar\u0259 hey\u0259ti t\u0259sdiq edilib.<\/p>\n<p><strong>ARANTV.AZ<\/strong> modern.az-a istinad\u0259n\u00a0x\u0259b\u0259r verir ki, icman\u0131n bu g\u00fcn ke\u00e7iril\u0259n qurultay\u0131nda 23 n\u0259f\u0259rd\u0259n ibar\u0259t yeni idar\u0259 hey\u0259ti se\u00e7ilib.<\/p>\n<p>Qurultay\u0131n yekun q\u0259rar\u0131na \u0259sas\u0259n, Xarici \u0130\u015fl\u0259r Nazirliyinin \u0259m\u0259kda\u015f\u0131 Tural G\u0259nc\u0259liyev icman\u0131n yeni s\u0259dri se\u00e7ilib.<\/p>\n<p>Asif Cahangirov is\u0259 icra hey\u0259tinin s\u0259drinin m\u00fcavini v\u0259zif\u0259sin\u0259 se\u00e7ilib. Dig\u0259r m\u00fcavin is\u0259 Qaraba\u011f Ara\u015fd\u0131rmalar M\u0259rk\u0259zinin s\u0259dri El\u00e7in \u018fhm\u0259dov olub.<\/p>\n<p>Qeyd ed\u0259k ki, bu,\u00a0Da\u011fl\u0131q Qaraba\u011f\u0131n Az\u0259rbaycanl\u0131 \u0130cmas\u0131n\u0131n II qurultay\u0131d\u0131r.<\/p>\n<div id=\"AdributorNativeVideo0\" class=\"AdributorNativeVideo\"><\/div>\n<p><img src=\"http:\/\/modern.az\/uploads\/tural_genceliyev_afarov1499687898.jpg\" alt=\"\" \/><\/p>\n<p>Da\u011fl\u0131q Qaraba\u011f B\u00f6lg\u0259sinin Az\u0259rbaycanl\u0131 \u0130cmas\u0131 1992-ci il mart\u0131n 24-d\u0259 AT\u018fM-in (AT\u018fT) Nazirl\u0259r \u015euras\u0131n\u0131n Helsinkid\u0259 ke\u00e7iril\u0259n birinci \u0259lav\u0259 g\u00f6r\u00fc\u015f\u00fcnd\u0259 imzalanm\u0131\u015f s\u0259n\u0259din 9-cu b\u0259ndin\u0259 \u0259sas\u0259n yarad\u0131l\u0131b. AT\u018fM\/ AT\u018fT-in Minsk qrupu t\u0259sis edil\u0259rk\u0259n Erm\u0259nistan v\u0259 Az\u0259rbaycan m\u00fcnaqi\u015f\u0259 t\u0259r\u0259fl\u0259ri, Da\u011fl\u0131q Qaraba\u011f\u0131n az\u0259rbaycanl\u0131 v\u0259 erm\u0259ni icmas\u0131na is\u0259 m\u00fcnaqi\u015f\u0259nin nizama sal\u0131nmas\u0131 istiqam\u0259tind\u0259 apar\u0131lan dan\u0131\u015f\u0131qlarda maraql\u0131 t\u0259r\u0259f kimi mandat verilib Bu m\u0259nada Da\u011fl\u0131q Qaraba\u011f\u0131n Az\u0259rbaycanl\u0131 \u0130cmas\u0131 1992-ci ild\u0259n ba\u015flayaraq m\u00fcxt\u0259lif vaxtlarda apar\u0131lan dan\u0131\u015f\u0131qlarda i\u015ftirak edib.<\/p>\n<p>2006-c\u0131 ild\u0259 Da\u011fl\u0131q Qaraba\u011f\u0131n az\u0259rbaycanl\u0131 icmas\u0131 ictimai birlik formas\u0131nda \u018fdliyy\u0259 Nazirliyind\u0259 qeydiyyata al\u0131n\u0131b. 2009-cu il iyunun 5-d\u0259 Bak\u0131 \u015f\u0259h\u0259rind\u0259 icman\u0131n I Qurultay\u0131 ke\u00e7irilib. H\u0259min qurultayda \u015eu\u015fa Rayon \u0130cra Hakimiyy\u0259tinin ba\u015f\u00e7\u0131s\u0131 Bayram S\u0259f\u0259rov &#8220;Az\u0259rbaycan Respublikas\u0131 Da\u011fl\u0131q Qaraba\u011f B\u00f6lg\u0259sinin Az\u0259rbaycanl\u0131 \u0130cmas\u0131&#8221; \u0130ctimai Birliyi \u0130dar\u0259 Hey\u0259tinin s\u0259dri v\u0259 icman\u0131n r\u0259hb\u0259ri se\u00e7ilib. \u0130cma Da\u011fl\u0131q Qaraba\u011f\u0131n 65 mind\u0259n \u00e7ox olan az\u0259rbaycanl\u0131 \u0259halisini birl\u0259\u015fdir\u0259n t\u0259\u015fkilatd\u0131r.<\/p>\n<p>\u0130cman\u0131n m\u0259qs\u0259di Az\u0259rbaycan\u0131n \u0259razi b\u00fct\u00f6vl\u00fcy\u00fcn\u00fcn b\u0259rpa edilm\u0259sin\u0259 v\u0259 Da\u011fl\u0131q Qaraba\u011fdan did\u0259rgin d\u00fc\u015fm\u00fc\u015f \u0259halinin \u00f6z do\u011fma torpaqlar\u0131na qay\u0131tmas\u0131na k\u00f6m\u0259k g\u00f6st\u0259rm\u0259kdir.<\/p>\n","protected":false},"excerpt":{"rendered":"<p>Da\u011fl\u0131q Qaraba\u011f\u0131n Az\u0259rbaycanl\u0131 \u0130cmas\u0131n\u0131n yeni idar\u0259 hey\u0259ti t\u0259sdiq edilib. ARANTV.AZ modern.az-a istinad\u0259n\u00a0x\u0259b\u0259r verir ki, icman\u0131n bu g\u00fcn ke\u00e7iril\u0259n qurultay\u0131nda 23 n\u0259f\u0259rd\u0259n ibar\u0259t yeni idar\u0259 hey\u0259ti se\u00e7ilib. Qurultay\u0131n yekun q\u0259rar\u0131na \u0259sas\u0259n, Xarici \u0130\u015fl\u0259r Nazirliyinin \u0259m\u0259kda\u015f\u0131 Tural G\u0259nc\u0259liyev icman\u0131n yeni s\u0259dri se\u00e7ilib. Asif Cahangirov is\u0259 icra hey\u0259tinin s\u0259drinin m\u00fcavini v\u0259zif\u0259sin\u0259 se\u00e7ilib. Dig\u0259r m\u00fcavin is\u0259 Qaraba\u011f Ara\u015fd\u0131rmalar M\u0259rk\u0259zinin s\u0259dri El\u00e7in \u018fhm\u0259dov olub. Qeyd ed\u0259k ki, bu,\u00a0Da\u011fl\u0131q Qaraba\u011f\u0131n Az\u0259rbaycanl\u0131 \u0130cmas\u0131n\u0131n II qurultay\u0131d\u0131r. Da\u011fl\u0131q Qaraba\u011f B\u00f6lg\u0259sinin Az\u0259rbaycanl\u0131 \u0130cmas\u0131 1992-ci il mart\u0131n 24-d\u0259 AT\u018fM-in (AT\u018fT) Nazirl\u0259r \u015euras\u0131n\u0131n Helsinkid\u0259 ke\u00e7iril\u0259n birinci \u0259lav\u0259 g\u00f6r\u00fc\u015f\u00fcnd\u0259 imzalanm\u0131\u015f s\u0259n\u0259din 9-cu b\u0259ndin\u0259&hellip;<\/p>\n","protected":false},"author":2,"featured_media":28551,"comment_status":"closed","ping_status":"closed","sticky":false,"template":"","format":"standard","meta":{"om_disable_all_campaigns":false,"_monsterinsights_skip_tracking":false,"_monsterinsights_sitenote_active":false,"_monsterinsights_sitenote_note":"","_monsterinsights_sitenote_category":0},"categories":[1],"tags":[],"aioseo_notices":[],"gutentor_comment":0,"rttpg_featured_image_url":{"full":["https:\/\/arantv.az\/wp-content\/uploads\/2018\/12\/714193.jpg",800,600,false],"landscape":["https:\/\/arantv.az\/wp-content\/uploads\/2018\/12\/714193.jpg",800,600,false],"portraits":["https:\/\/arantv.az\/wp-content\/uploads\/2018\/12\/714193.jpg",800,600,false],"thumbnail":["https:\/\/arantv.az\/wp-content\/uploads\/2018\/12\/714193-150x150.jpg",150,150,true],"medium":["https:\/\/arantv.az\/wp-content\/uploads\/2018\/12\/714193-300x225.jpg",300,225,true],"large":["https:\/\/arantv.az\/wp-content\/uploads\/2018\/12\/714193.jpg",640,480,false],"1536x1536":["https:\/\/arantv.az\/wp-content\/uploads\/2018\/12\/714193.jpg",800,600,false],"2048x2048":["https:\/\/arantv.az\/wp-content\/uploads\/2018\/12\/714193.jpg",800,600,false],"post-thumbnail":["https:\/\/arantv.az\/wp-content\/uploads\/2018\/12\/714193-240x172.jpg",240,172,true],"advps-thumb-one":["https:\/\/arantv.az\/wp-content\/uploads\/2018\/12\/714193.jpg",800,600,false]},"rttpg_author":{"display_name":"V\u00fcsal Rafiqo\u011flu","author_link":"https:\/\/arantv.az\/?author=2"},"rttpg_comment":0,"rttpg_category":"<a href=\"https:\/\/arantv.az\/?cat=1\" rel=\"category\">C\u0259miyy\u0259t<\/a>","rttpg_excerpt":"Da\u011fl\u0131q Qaraba\u011f\u0131n Az\u0259rbaycanl\u0131 \u0130cmas\u0131n\u0131n yeni idar\u0259 hey\u0259ti t\u0259sdiq edilib. ARANTV.AZ modern.az-a istinad\u0259n\u00a0x\u0259b\u0259r verir ki, icman\u0131n bu g\u00fcn ke\u00e7iril\u0259n qurultay\u0131nda 23 n\u0259f\u0259rd\u0259n ibar\u0259t yeni idar\u0259 hey\u0259ti se\u00e7ilib. Qurultay\u0131n yekun q\u0259rar\u0131na \u0259sas\u0259n, Xarici \u0130\u015fl\u0259r Nazirliyinin \u0259m\u0259kda\u015f\u0131 Tural G\u0259nc\u0259liyev icman\u0131n yeni s\u0259dri se\u00e7ilib. Asif Cahangirov is\u0259 icra hey\u0259tinin s\u0259drinin m\u00fcavini v\u0259zif\u0259sin\u0259 se\u00e7ilib. Dig\u0259r m\u00fcavin is\u0259 Qaraba\u011f Ara\u015fd\u0131rmalar M\u0259rk\u0259zinin&hellip;","_links":{"self":[{"href":"https:\/\/arantv.az\/index.php?rest_route=\/wp\/v2\/posts\/28550"}],"collection":[{"href":"https:\/\/arantv.az\/index.php?rest_route=\/wp\/v2\/posts"}],"about":[{"href":"https:\/\/arantv.az\/index.php?rest_route=\/wp\/v2\/types\/post"}],"author":[{"embeddable":true,"href":"https:\/\/arantv.az\/index.php?rest_route=\/wp\/v2\/users\/2"}],"replies":[{"embeddable":true,"href":"https:\/\/arantv.az\/index.php?rest_route=%2Fwp%2Fv2%2Fcomments&post=28550"}],"version-history":[{"count":0,"href":"https:\/\/arantv.az\/index.php?rest_route=\/wp\/v2\/posts\/28550\/revisions"}],"wp:featuredmedia":[{"embeddable":true,"href":"https:\/\/arantv.az\/index.php?rest_route=\/wp\/v2\/media\/28551"}],"wp:attachment":[{"href":"https:\/\/arantv.az\/index.php?rest_route=%2Fwp%2Fv2%2Fmedia&parent=28550"}],"wp:term":[{"taxonomy":"category","embeddable":true,"href":"https:\/\/arantv.az\/index.php?rest_route=%2Fwp%2Fv2%2Fcategories&post=28550"},{"taxonomy":"post_tag","embeddable":true,"href":"https:\/\/arantv.az\/index.php?rest_route=%2Fwp%2Fv2%2Ftags&post=28550"}],"curies":[{"name":"wp","href":"https:\/\/api.w.org\/{rel}","templated":true}]}}