{"id":28553,"date":"2018-12-20T11:22:46","date_gmt":"2018-12-20T08:22:46","guid":{"rendered":"http:\/\/arantv.az\/?p=28553"},"modified":"2018-12-20T11:22:46","modified_gmt":"2018-12-20T08:22:46","slug":"regionlarda-valideynl%c9%99r-9-cu-sinifd%c9%99n-qiz-usaqlarini-m%c9%99kt%c9%99b%c9%99-qoymurlar-dim-s%c9%99dri","status":"publish","type":"post","link":"https:\/\/arantv.az\/?p=28553","title":{"rendered":"&#8220;Regionlarda valideynl\u0259r 9-cu sinifd\u0259n q\u0131z u\u015faqlar\u0131n\u0131 m\u0259kt\u0259b\u0259 qoymurlar&#8221; \u2014 D\u0130M s\u0259dri"},"content":{"rendered":"<div class=\"spot\">&#8220;L\u0259nk\u0259ran, Lerik v\u0259 Astaran\u0131n \u0259ks\u0259r m\u0259kt\u0259bl\u0259rinin sinifl\u0259rind\u0259 bir n\u0259f\u0259r d\u0259 olsun q\u0131z yoxdur. Bu he\u00e7 d\u0259 yax\u015f\u0131 hal deyil. C\u0259nab nazir, siz bu m\u0259s\u0259l\u0259y\u0259 nec\u0259 bax\u0131rs\u0131n\u0131z?!&#8221;<\/div>\n<p><strong>ARANTV.AZ<\/strong> x\u0259b\u0259r verir ki, bunu Bak\u0131da ke\u00e7iril\u0259n &#8220;Az\u0259rbaycanda \u0130nsan Kapital\u0131 \u00fczr\u0259 Forum&#8221;un panell\u0259rind\u0259 m\u00fczakir\u0259l\u0259r zaman\u0131 \u0130sve\u00e7r\u0259nin C\u0259nubi Qafqaz \u00fczr\u0259 \u018fm\u0259kda\u015fl\u0131q Ofisinin regional direktor m\u00fcavini Simona Haberli deyib v\u0259 Az\u0259rbaycan t\u0259hsil naziri Ceyhun Bayramovdan soru\u015fub.<\/p>\n<p>Nazir is\u0259 \u00f6z n\u00f6vb\u0259sind\u0259 bildirib ki, T\u0259hsil Nazirliyi bu m\u0259s\u0259l\u0259 il\u0259 yax\u0131ndan maraqlan\u0131r: &#8220;Bu bizi a\u011fr\u0131dan m\u0259s\u0259l\u0259l\u0259rd\u0259ndir. M\u00fcxt\u0259lif regionlarda m\u0259nz\u0259r\u0259 f\u0259rqlidir. B\u0259zi yerl\u0259rd\u0259 t\u0259hsilin s\u0259viyy\u0259si v\u0259 keyfiyy\u0259ti \u015f\u0259h\u0259r m\u0259kt\u0259bl\u0259rin\u0259 yax\u0131nd\u0131r. Dediyiniz regionlarda is\u0259 v\u0259ziyy\u0259t f\u0259rqlidir. Bunun \u00fc\u00e7\u00fcn biz icmalarla i\u015fl\u0259yirik. Biz h\u0259m d\u0259 m\u0259kt\u0259b\u0259q\u0259d\u0259r t\u0259hsil\u0259 d\u0259 x\u00fcsusi \u0259h\u0259miyy\u0259t veririk. Art\u0131q bir m\u00fcdd\u0259tdir valideynl\u0259rl\u0259 i\u015fl\u0259m\u0259y\u0259 \u00fcst\u00fcnl\u00fck veririk. G\u00f6r\u00fcr\u00fck ki, bu \u00fcsul daha effektivdir. 2019-cu ild\u0259n bunu daha da geni\u015fl\u0259ndir\u0259c\u0259yik&#8221;.<\/p>\n<p>T\u0259dbird\u0259 i\u015ftirak ed\u0259n D\u00f6vl\u0259t \u0130mtahan M\u0259rk\u0259zinin (D\u0130M) s\u0259dri M\u0259leyk\u0259 Abbaszad\u0259 d\u0259 m\u0259s\u0259l\u0259y\u0259 m\u00fcnasib\u0259t bildirib: &#8220;Biz 26 ildir h\u0259m q\u0131zlar, h\u0259m d\u0259 o\u011flanlar\u0131n bilik s\u0259viyy\u0259sini yoxlay\u0131r\u0131q. G\u00f6r\u00fcn\u0259n odur ki, bu regionlarda b\u0259zi probleml\u0259r var. Regionlarda valideynl\u0259r 9-cu sinifd\u0259n q\u0131z u\u015faqlar\u0131n\u0131 m\u0259kt\u0259b\u0259 qoymurlar. Biz m\u00fc\u015fahid\u0259 etmi\u015fik ki, \u0259vv\u0259ll\u0259r bu u\u015faqlar\u0131n aras\u0131nda yax\u015f\u0131 qiym\u0259t alanlar da var idi. Amma indi bel\u0259 deyil. Valideyin d\u00fc\u015f\u00fcn\u00fcr ki, \u0259g\u0259r u\u015faq bu vaxta q\u0259d\u0259r 2-3 qiym\u0259ti al\u0131bsa, onda ona m\u0259kt\u0259b daha laz\u0131m deyil. Amma el\u0259 regionlar var ki, orada q\u0131zlar\u0131n say\u0131 \u00e7oxdur, o\u011flanlar azd\u0131r&#8221;.\u00f6lk\u0259.az<\/p>\n","protected":false},"excerpt":{"rendered":"<p>&#8220;L\u0259nk\u0259ran, Lerik v\u0259 Astaran\u0131n \u0259ks\u0259r m\u0259kt\u0259bl\u0259rinin sinifl\u0259rind\u0259 bir n\u0259f\u0259r d\u0259 olsun q\u0131z yoxdur. Bu he\u00e7 d\u0259 yax\u015f\u0131 hal deyil. C\u0259nab nazir, siz bu m\u0259s\u0259l\u0259y\u0259 nec\u0259 bax\u0131rs\u0131n\u0131z?!&#8221; ARANTV.AZ x\u0259b\u0259r verir ki, bunu Bak\u0131da ke\u00e7iril\u0259n &#8220;Az\u0259rbaycanda \u0130nsan Kapital\u0131 \u00fczr\u0259 Forum&#8221;un panell\u0259rind\u0259 m\u00fczakir\u0259l\u0259r zaman\u0131 \u0130sve\u00e7r\u0259nin C\u0259nubi Qafqaz \u00fczr\u0259 \u018fm\u0259kda\u015fl\u0131q Ofisinin regional direktor m\u00fcavini Simona Haberli deyib v\u0259 Az\u0259rbaycan t\u0259hsil naziri Ceyhun Bayramovdan soru\u015fub. Nazir is\u0259 \u00f6z n\u00f6vb\u0259sind\u0259 bildirib ki, T\u0259hsil Nazirliyi bu m\u0259s\u0259l\u0259 il\u0259 yax\u0131ndan maraqlan\u0131r: &#8220;Bu bizi a\u011fr\u0131dan m\u0259s\u0259l\u0259l\u0259rd\u0259ndir. M\u00fcxt\u0259lif regionlarda m\u0259nz\u0259r\u0259 f\u0259rqlidir. B\u0259zi yerl\u0259rd\u0259 t\u0259hsilin s\u0259viyy\u0259si v\u0259 keyfiyy\u0259ti \u015f\u0259h\u0259r m\u0259kt\u0259bl\u0259rin\u0259 yax\u0131nd\u0131r.&hellip;<\/p>\n","protected":false},"author":2,"featured_media":28554,"comment_status":"closed","ping_status":"closed","sticky":false,"template":"","format":"standard","meta":{"om_disable_all_campaigns":false,"_monsterinsights_skip_tracking":false,"_monsterinsights_sitenote_active":false,"_monsterinsights_sitenote_note":"","_monsterinsights_sitenote_category":0},"categories":[1],"tags":[],"aioseo_notices":[],"gutentor_comment":0,"rttpg_featured_image_url":{"full":["https:\/\/arantv.az\/wp-content\/uploads\/2018\/12\/meleykeabbbaszade-1.jpg",620,375,false],"landscape":["https:\/\/arantv.az\/wp-content\/uploads\/2018\/12\/meleykeabbbaszade-1.jpg",620,375,false],"portraits":["https:\/\/arantv.az\/wp-content\/uploads\/2018\/12\/meleykeabbbaszade-1.jpg",620,375,false],"thumbnail":["https:\/\/arantv.az\/wp-content\/uploads\/2018\/12\/meleykeabbbaszade-1-150x150.jpg",150,150,true],"medium":["https:\/\/arantv.az\/wp-content\/uploads\/2018\/12\/meleykeabbbaszade-1-300x181.jpg",300,181,true],"large":["https:\/\/arantv.az\/wp-content\/uploads\/2018\/12\/meleykeabbbaszade-1.jpg",620,375,false],"1536x1536":["https:\/\/arantv.az\/wp-content\/uploads\/2018\/12\/meleykeabbbaszade-1.jpg",620,375,false],"2048x2048":["https:\/\/arantv.az\/wp-content\/uploads\/2018\/12\/meleykeabbbaszade-1.jpg",620,375,false],"post-thumbnail":["https:\/\/arantv.az\/wp-content\/uploads\/2018\/12\/meleykeabbbaszade-1-240x172.jpg",240,172,true],"advps-thumb-one":["https:\/\/arantv.az\/wp-content\/uploads\/2018\/12\/meleykeabbbaszade-1.jpg",620,375,false]},"rttpg_author":{"display_name":"V\u00fcsal Rafiqo\u011flu","author_link":"https:\/\/arantv.az\/?author=2"},"rttpg_comment":0,"rttpg_category":"<a href=\"https:\/\/arantv.az\/?cat=1\" rel=\"category\">C\u0259miyy\u0259t<\/a>","rttpg_excerpt":"&#8220;L\u0259nk\u0259ran, Lerik v\u0259 Astaran\u0131n \u0259ks\u0259r m\u0259kt\u0259bl\u0259rinin sinifl\u0259rind\u0259 bir n\u0259f\u0259r d\u0259 olsun q\u0131z yoxdur. Bu he\u00e7 d\u0259 yax\u015f\u0131 hal deyil. C\u0259nab nazir, siz bu m\u0259s\u0259l\u0259y\u0259 nec\u0259 bax\u0131rs\u0131n\u0131z?!&#8221; ARANTV.AZ x\u0259b\u0259r verir ki, bunu Bak\u0131da ke\u00e7iril\u0259n &#8220;Az\u0259rbaycanda \u0130nsan Kapital\u0131 \u00fczr\u0259 Forum&#8221;un panell\u0259rind\u0259 m\u00fczakir\u0259l\u0259r zaman\u0131 \u0130sve\u00e7r\u0259nin C\u0259nubi Qafqaz \u00fczr\u0259 \u018fm\u0259kda\u015fl\u0131q Ofisinin regional direktor m\u00fcavini Simona Haberli deyib v\u0259 Az\u0259rbaycan&hellip;","_links":{"self":[{"href":"https:\/\/arantv.az\/index.php?rest_route=\/wp\/v2\/posts\/28553"}],"collection":[{"href":"https:\/\/arantv.az\/index.php?rest_route=\/wp\/v2\/posts"}],"about":[{"href":"https:\/\/arantv.az\/index.php?rest_route=\/wp\/v2\/types\/post"}],"author":[{"embeddable":true,"href":"https:\/\/arantv.az\/index.php?rest_route=\/wp\/v2\/users\/2"}],"replies":[{"embeddable":true,"href":"https:\/\/arantv.az\/index.php?rest_route=%2Fwp%2Fv2%2Fcomments&post=28553"}],"version-history":[{"count":0,"href":"https:\/\/arantv.az\/index.php?rest_route=\/wp\/v2\/posts\/28553\/revisions"}],"wp:featuredmedia":[{"embeddable":true,"href":"https:\/\/arantv.az\/index.php?rest_route=\/wp\/v2\/media\/28554"}],"wp:attachment":[{"href":"https:\/\/arantv.az\/index.php?rest_route=%2Fwp%2Fv2%2Fmedia&parent=28553"}],"wp:term":[{"taxonomy":"category","embeddable":true,"href":"https:\/\/arantv.az\/index.php?rest_route=%2Fwp%2Fv2%2Fcategories&post=28553"},{"taxonomy":"post_tag","embeddable":true,"href":"https:\/\/arantv.az\/index.php?rest_route=%2Fwp%2Fv2%2Ftags&post=28553"}],"curies":[{"name":"wp","href":"https:\/\/api.w.org\/{rel}","templated":true}]}}