{"id":285684,"date":"2021-02-03T19:09:05","date_gmt":"2021-02-03T16:09:05","guid":{"rendered":"http:\/\/arantv.az\/?p=285684"},"modified":"2021-02-03T19:09:05","modified_gmt":"2021-02-03T16:09:05","slug":"ilham-%c9%99liyev-sahbuz-rayon-m%c9%99hk%c9%99m%c9%99sin%c9%99-yeni-s%c9%99dr-t%c9%99yin-etdi-s%c9%99r%c9%99ncam","status":"publish","type":"post","link":"https:\/\/arantv.az\/?p=285684","title":{"rendered":"\u0130lham \u018fliyev \u015eahbuz Rayon M\u0259hk\u0259m\u0259sin\u0259 yeni s\u0259dr t\u0259yin etdi &#8211; S\u018fR\u018fNCAM"},"content":{"rendered":"<p>Da\u015fq\u0131n Yaqub o\u011flu S\u0259f\u0259rov Nax\u00e7\u0131van Muxtar Respublikas\u0131 Bab\u0259k Rayon M\u0259hk\u0259m\u0259sinin hakimi v\u0259zif\u0259sind\u0259n azad edil\u0259r\u0259k Nax\u00e7\u0131van Muxtar Respublikas\u0131 \u015eahbuz Rayon M\u0259hk\u0259m\u0259sinin hakimi v\u0259 s\u0259dri t\u0259yin edilib.<\/p>\n<div id=\"AdviadNativeVideo0\" class=\"AdviadNativeVideo\"><\/div>\n<p><strong>ARANTV.AZ\u00a0<\/strong> x\u0259b\u0259r verir ki, bununla ba\u011fl\u0131 Prezident \u0130lham \u018fliyev S\u0259r\u0259ncam imzalay\u0131b.<\/p>\n<p>Bu s\u0259r\u0259ncam imzaland\u0131\u011f\u0131 g\u00fcnd\u0259n q\u00fcvv\u0259y\u0259 minir.AZ\u018fRTAC<\/p>\n","protected":false},"excerpt":{"rendered":"<p>Da\u015fq\u0131n Yaqub o\u011flu S\u0259f\u0259rov Nax\u00e7\u0131van Muxtar Respublikas\u0131 Bab\u0259k Rayon M\u0259hk\u0259m\u0259sinin hakimi v\u0259zif\u0259sind\u0259n azad edil\u0259r\u0259k Nax\u00e7\u0131van Muxtar Respublikas\u0131 \u015eahbuz Rayon M\u0259hk\u0259m\u0259sinin hakimi v\u0259 s\u0259dri t\u0259yin edilib. ARANTV.AZ\u00a0 x\u0259b\u0259r verir ki, bununla ba\u011fl\u0131 Prezident \u0130lham \u018fliyev S\u0259r\u0259ncam imzalay\u0131b. Bu s\u0259r\u0259ncam imzaland\u0131\u011f\u0131 g\u00fcnd\u0259n q\u00fcvv\u0259y\u0259 minir.AZ\u018fRTAC<\/p>\n","protected":false},"author":2,"featured_media":285685,"comment_status":"closed","ping_status":"closed","sticky":false,"template":"","format":"standard","meta":{"om_disable_all_campaigns":false,"_monsterinsights_skip_tracking":false,"_monsterinsights_sitenote_active":false,"_monsterinsights_sitenote_note":"","_monsterinsights_sitenote_category":0},"categories":[4],"tags":[],"aioseo_notices":[],"gutentor_comment":0,"rttpg_featured_image_url":{"full":["https:\/\/arantv.az\/wp-content\/uploads\/2021\/02\/957dfcb9-ae6c-42db-9326-3b4592c7b72f_1565972040.jpg",620,390,false],"landscape":["https:\/\/arantv.az\/wp-content\/uploads\/2021\/02\/957dfcb9-ae6c-42db-9326-3b4592c7b72f_1565972040.jpg",620,390,false],"portraits":["https:\/\/arantv.az\/wp-content\/uploads\/2021\/02\/957dfcb9-ae6c-42db-9326-3b4592c7b72f_1565972040.jpg",620,390,false],"thumbnail":["https:\/\/arantv.az\/wp-content\/uploads\/2021\/02\/957dfcb9-ae6c-42db-9326-3b4592c7b72f_1565972040-150x150.jpg",150,150,true],"medium":["https:\/\/arantv.az\/wp-content\/uploads\/2021\/02\/957dfcb9-ae6c-42db-9326-3b4592c7b72f_1565972040-300x189.jpg",300,189,true],"large":["https:\/\/arantv.az\/wp-content\/uploads\/2021\/02\/957dfcb9-ae6c-42db-9326-3b4592c7b72f_1565972040.jpg",620,390,false],"1536x1536":["https:\/\/arantv.az\/wp-content\/uploads\/2021\/02\/957dfcb9-ae6c-42db-9326-3b4592c7b72f_1565972040.jpg",620,390,false],"2048x2048":["https:\/\/arantv.az\/wp-content\/uploads\/2021\/02\/957dfcb9-ae6c-42db-9326-3b4592c7b72f_1565972040.jpg",620,390,false],"post-thumbnail":["https:\/\/arantv.az\/wp-content\/uploads\/2021\/02\/957dfcb9-ae6c-42db-9326-3b4592c7b72f_1565972040-240x172.jpg",240,172,true],"advps-thumb-one":["https:\/\/arantv.az\/wp-content\/uploads\/2021\/02\/957dfcb9-ae6c-42db-9326-3b4592c7b72f_1565972040.jpg",620,390,false]},"rttpg_author":{"display_name":"V\u00fcsal Rafiqo\u011flu","author_link":"https:\/\/arantv.az\/?author=2"},"rttpg_comment":0,"rttpg_category":"<a href=\"https:\/\/arantv.az\/?cat=4\" rel=\"category\">Siyas\u0259t<\/a>","rttpg_excerpt":"Da\u015fq\u0131n Yaqub o\u011flu S\u0259f\u0259rov Nax\u00e7\u0131van Muxtar Respublikas\u0131 Bab\u0259k Rayon M\u0259hk\u0259m\u0259sinin hakimi v\u0259zif\u0259sind\u0259n azad edil\u0259r\u0259k Nax\u00e7\u0131van Muxtar Respublikas\u0131 \u015eahbuz Rayon M\u0259hk\u0259m\u0259sinin hakimi v\u0259 s\u0259dri t\u0259yin edilib. ARANTV.AZ\u00a0 x\u0259b\u0259r verir ki, bununla ba\u011fl\u0131 Prezident \u0130lham \u018fliyev S\u0259r\u0259ncam imzalay\u0131b. Bu s\u0259r\u0259ncam imzaland\u0131\u011f\u0131 g\u00fcnd\u0259n q\u00fcvv\u0259y\u0259 minir.AZ\u018fRTAC","_links":{"self":[{"href":"https:\/\/arantv.az\/index.php?rest_route=\/wp\/v2\/posts\/285684"}],"collection":[{"href":"https:\/\/arantv.az\/index.php?rest_route=\/wp\/v2\/posts"}],"about":[{"href":"https:\/\/arantv.az\/index.php?rest_route=\/wp\/v2\/types\/post"}],"author":[{"embeddable":true,"href":"https:\/\/arantv.az\/index.php?rest_route=\/wp\/v2\/users\/2"}],"replies":[{"embeddable":true,"href":"https:\/\/arantv.az\/index.php?rest_route=%2Fwp%2Fv2%2Fcomments&post=285684"}],"version-history":[{"count":0,"href":"https:\/\/arantv.az\/index.php?rest_route=\/wp\/v2\/posts\/285684\/revisions"}],"wp:featuredmedia":[{"embeddable":true,"href":"https:\/\/arantv.az\/index.php?rest_route=\/wp\/v2\/media\/285685"}],"wp:attachment":[{"href":"https:\/\/arantv.az\/index.php?rest_route=%2Fwp%2Fv2%2Fmedia&parent=285684"}],"wp:term":[{"taxonomy":"category","embeddable":true,"href":"https:\/\/arantv.az\/index.php?rest_route=%2Fwp%2Fv2%2Fcategories&post=285684"},{"taxonomy":"post_tag","embeddable":true,"href":"https:\/\/arantv.az\/index.php?rest_route=%2Fwp%2Fv2%2Ftags&post=285684"}],"curies":[{"name":"wp","href":"https:\/\/api.w.org\/{rel}","templated":true}]}}