{"id":285698,"date":"2021-02-03T19:12:00","date_gmt":"2021-02-03T16:12:00","guid":{"rendered":"http:\/\/arantv.az\/?p=285698"},"modified":"2021-02-03T19:12:00","modified_gmt":"2021-02-03T16:12:00","slug":"elm-v%c9%99-t%c9%99hsil-mu%c9%99ssis%c9%99l%c9%99rind%c9%99-azi-25-il-calismis-s%c9%99xsl%c9%99r%c9%99-prezident-t%c9%99qaudu-veril%c9%99c%c9%99k-r%c9%99smi","status":"publish","type":"post","link":"https:\/\/arantv.az\/?p=285698","title":{"rendered":"Elm v\u0259 t\u0259hsil m\u00fc\u0259ssis\u0259l\u0259rind\u0259 az\u0131 25 il \u00e7al\u0131\u015fm\u0131\u015f \u015f\u0259xsl\u0259r\u0259 Prezident t\u0259qa\u00fcd\u00fc veril\u0259c\u0259k \u2013 R\u018fSM\u0130"},"content":{"rendered":"<p>\u018fm\u0259k v\u0259 \u018fhalinin Sosial M\u00fcdafi\u0259si Nazirliyi elm v\u0259 t\u0259hsil m\u00fc\u0259ssis\u0259l\u0259rind\u0259 az\u0131 25 il \u00e7al\u0131\u015fm\u0131\u015f, elmi d\u0259r\u0259c\u0259si olan, i\u015fl\u0259m\u0259y\u0259n \u0259m\u0259k pensiya\u00e7\u0131lar\u0131na m\u00fcraci\u0259t edib.<\/p>\n<p><b>ARANTV.AZ<\/b>-\u0131n m\u0259lumat\u0131na g\u00f6r\u0259, \u0259m\u0259k kitab\u00e7as\u0131nda m\u00fcvafiq qeydiyyat apar\u0131lan \u0259sas i\u015f yeri \u00fczr\u0259 elmi m\u00fc\u0259ssis\u0259 v\u0259 t\u0259\u015fkilatlarda, t\u0259hsil m\u00fc\u0259ssis\u0259l\u0259rind\u0259 az\u0131 25 il \u00e7al\u0131\u015fm\u0131\u015f, elmi d\u0259r\u0259c\u0259si olan, i\u015fl\u0259m\u0259y\u0259n, \u0259m\u0259k pensiyas\u0131 h\u00fcququ olan \u015f\u0259xsl\u0259r\u0259 Az\u0259rbaycan Prezidentinin f\u0259rman\u0131na \u0259sas\u0259n, pensiya \u0259lav\u0259l\u0259rinin \u0259v\u0259zin\u0259 eyni m\u0259bl\u0259\u011fd\u0259 Prezidentin ayl\u0131q t\u0259qa\u00fcd\u00fc t\u0259sis edilib.<\/p>\n<p>T\u0259qa\u00fcd\u00fcn t\u0259yinat\u0131 \u018fm\u0259k v\u0259 \u018fhalinin Sosial M\u00fcdafi\u0259si Nazirliyi t\u0259r\u0259find\u0259n proaktiv qaydada (v\u0259t\u0259nda\u015f\u0131n m\u00fcraci\u0259ti olmadan) h\u0259yata ke\u00e7irilir.<\/p>\n<div id=\"AdviadNativeVideo0\" class=\"AdviadNativeVideo\"><\/div>\n<p>H\u0259r hans\u0131 s\u0259b\u0259bd\u0259n proaktiv t\u0259yinat apar\u0131lmam\u0131\u015f bu kateqoriyadan olan v\u0259t\u0259nda\u015flara Prezidentin t\u0259qa\u00fcd\u00fcn\u00fcn t\u0259yin edilm\u0259si \u00fc\u00e7\u00fcn \u018fm\u0259k v\u0259 \u018fhalinin Sosial M\u00fcdafi\u0259si Nazirliyinin tabeliyind\u0259ki D\u00f6vl\u0259t Sosial M\u00fcdafi\u0259 Fondunun qeydiyyatda olduqlar\u0131 rayon (\u015f\u0259h\u0259r) b\u00f6lm\u0259l\u0259rin\u0259, DOST m\u0259rk\u0259zl\u0259rinin xidm\u0259t g\u00f6st\u0259rdiyi rayonlar\u0131n sakinl\u0259rinin is\u0259 h\u0259min m\u0259rk\u0259zl\u0259r\u0259 a\u015fa\u011f\u0131dak\u0131 s\u0259n\u0259dl\u0259rl\u0259 m\u00fcraci\u0259t etm\u0259l\u0259ri t\u00f6vsiy\u0259 olunur:<\/p>\n<p>\u015e\u0259xsiyy\u0259t v\u0259siq\u0259sinin sur\u0259ti;<\/p>\n<p>\u018fm\u0259k kitab\u00e7as\u0131n\u0131n sur\u0259ti;<\/p>\n<p>Elmi d\u0259r\u0259c\u0259sini t\u0259sdiq ed\u0259n s\u0259n\u0259din sur\u0259ti.Oxu.Az<\/p>\n","protected":false},"excerpt":{"rendered":"<p>\u018fm\u0259k v\u0259 \u018fhalinin Sosial M\u00fcdafi\u0259si Nazirliyi elm v\u0259 t\u0259hsil m\u00fc\u0259ssis\u0259l\u0259rind\u0259 az\u0131 25 il \u00e7al\u0131\u015fm\u0131\u015f, elmi d\u0259r\u0259c\u0259si olan, i\u015fl\u0259m\u0259y\u0259n \u0259m\u0259k pensiya\u00e7\u0131lar\u0131na m\u00fcraci\u0259t edib. ARANTV.AZ-\u0131n m\u0259lumat\u0131na g\u00f6r\u0259, \u0259m\u0259k kitab\u00e7as\u0131nda m\u00fcvafiq qeydiyyat apar\u0131lan \u0259sas i\u015f yeri \u00fczr\u0259 elmi m\u00fc\u0259ssis\u0259 v\u0259 t\u0259\u015fkilatlarda, t\u0259hsil m\u00fc\u0259ssis\u0259l\u0259rind\u0259 az\u0131 25 il \u00e7al\u0131\u015fm\u0131\u015f, elmi d\u0259r\u0259c\u0259si olan, i\u015fl\u0259m\u0259y\u0259n, \u0259m\u0259k pensiyas\u0131 h\u00fcququ olan \u015f\u0259xsl\u0259r\u0259 Az\u0259rbaycan Prezidentinin f\u0259rman\u0131na \u0259sas\u0259n, pensiya \u0259lav\u0259l\u0259rinin \u0259v\u0259zin\u0259 eyni m\u0259bl\u0259\u011fd\u0259 Prezidentin ayl\u0131q t\u0259qa\u00fcd\u00fc t\u0259sis edilib. T\u0259qa\u00fcd\u00fcn t\u0259yinat\u0131 \u018fm\u0259k v\u0259 \u018fhalinin Sosial M\u00fcdafi\u0259si Nazirliyi t\u0259r\u0259find\u0259n proaktiv qaydada (v\u0259t\u0259nda\u015f\u0131n m\u00fcraci\u0259ti olmadan) h\u0259yata ke\u00e7irilir. H\u0259r hans\u0131 s\u0259b\u0259bd\u0259n proaktiv t\u0259yinat apar\u0131lmam\u0131\u015f bu&hellip;<\/p>\n","protected":false},"author":2,"featured_media":267662,"comment_status":"closed","ping_status":"closed","sticky":false,"template":"","format":"standard","meta":{"om_disable_all_campaigns":false,"_monsterinsights_skip_tracking":false,"_monsterinsights_sitenote_active":false,"_monsterinsights_sitenote_note":"","_monsterinsights_sitenote_category":0},"categories":[23],"tags":[],"aioseo_notices":[],"gutentor_comment":0,"rttpg_featured_image_url":{"full":["https:\/\/arantv.az\/wp-content\/uploads\/2021\/01\/pul-1.jpg",620,413,false],"landscape":["https:\/\/arantv.az\/wp-content\/uploads\/2021\/01\/pul-1.jpg",620,413,false],"portraits":["https:\/\/arantv.az\/wp-content\/uploads\/2021\/01\/pul-1.jpg",620,413,false],"thumbnail":["https:\/\/arantv.az\/wp-content\/uploads\/2021\/01\/pul-1-150x150.jpg",150,150,true],"medium":["https:\/\/arantv.az\/wp-content\/uploads\/2021\/01\/pul-1-300x200.jpg",300,200,true],"large":["https:\/\/arantv.az\/wp-content\/uploads\/2021\/01\/pul-1.jpg",620,413,false],"1536x1536":["https:\/\/arantv.az\/wp-content\/uploads\/2021\/01\/pul-1.jpg",620,413,false],"2048x2048":["https:\/\/arantv.az\/wp-content\/uploads\/2021\/01\/pul-1.jpg",620,413,false],"post-thumbnail":["https:\/\/arantv.az\/wp-content\/uploads\/2021\/01\/pul-1-240x172.jpg",240,172,true],"advps-thumb-one":["https:\/\/arantv.az\/wp-content\/uploads\/2021\/01\/pul-1.jpg",620,413,false]},"rttpg_author":{"display_name":"V\u00fcsal Rafiqo\u011flu","author_link":"https:\/\/arantv.az\/?author=2"},"rttpg_comment":0,"rttpg_category":"<a href=\"https:\/\/arantv.az\/?cat=23\" rel=\"category\">T\u0259hsil<\/a>","rttpg_excerpt":"\u018fm\u0259k v\u0259 \u018fhalinin Sosial M\u00fcdafi\u0259si Nazirliyi elm v\u0259 t\u0259hsil m\u00fc\u0259ssis\u0259l\u0259rind\u0259 az\u0131 25 il \u00e7al\u0131\u015fm\u0131\u015f, elmi d\u0259r\u0259c\u0259si olan, i\u015fl\u0259m\u0259y\u0259n \u0259m\u0259k pensiya\u00e7\u0131lar\u0131na m\u00fcraci\u0259t edib. ARANTV.AZ-\u0131n m\u0259lumat\u0131na g\u00f6r\u0259, \u0259m\u0259k kitab\u00e7as\u0131nda m\u00fcvafiq qeydiyyat apar\u0131lan \u0259sas i\u015f yeri \u00fczr\u0259 elmi m\u00fc\u0259ssis\u0259 v\u0259 t\u0259\u015fkilatlarda, t\u0259hsil m\u00fc\u0259ssis\u0259l\u0259rind\u0259 az\u0131 25 il \u00e7al\u0131\u015fm\u0131\u015f, elmi d\u0259r\u0259c\u0259si olan, i\u015fl\u0259m\u0259y\u0259n, \u0259m\u0259k pensiyas\u0131 h\u00fcququ olan \u015f\u0259xsl\u0259r\u0259 Az\u0259rbaycan Prezidentinin&hellip;","_links":{"self":[{"href":"https:\/\/arantv.az\/index.php?rest_route=\/wp\/v2\/posts\/285698"}],"collection":[{"href":"https:\/\/arantv.az\/index.php?rest_route=\/wp\/v2\/posts"}],"about":[{"href":"https:\/\/arantv.az\/index.php?rest_route=\/wp\/v2\/types\/post"}],"author":[{"embeddable":true,"href":"https:\/\/arantv.az\/index.php?rest_route=\/wp\/v2\/users\/2"}],"replies":[{"embeddable":true,"href":"https:\/\/arantv.az\/index.php?rest_route=%2Fwp%2Fv2%2Fcomments&post=285698"}],"version-history":[{"count":0,"href":"https:\/\/arantv.az\/index.php?rest_route=\/wp\/v2\/posts\/285698\/revisions"}],"wp:featuredmedia":[{"embeddable":true,"href":"https:\/\/arantv.az\/index.php?rest_route=\/wp\/v2\/media\/267662"}],"wp:attachment":[{"href":"https:\/\/arantv.az\/index.php?rest_route=%2Fwp%2Fv2%2Fmedia&parent=285698"}],"wp:term":[{"taxonomy":"category","embeddable":true,"href":"https:\/\/arantv.az\/index.php?rest_route=%2Fwp%2Fv2%2Fcategories&post=285698"},{"taxonomy":"post_tag","embeddable":true,"href":"https:\/\/arantv.az\/index.php?rest_route=%2Fwp%2Fv2%2Ftags&post=285698"}],"curies":[{"name":"wp","href":"https:\/\/api.w.org\/{rel}","templated":true}]}}